{"id":9197,"date":"2018-08-31T08:57:07","date_gmt":"2018-08-31T06:57:07","guid":{"rendered":"http:\/\/www.ladislavjakl.cz\/?p=9197"},"modified":"2018-08-31T08:57:07","modified_gmt":"2018-08-31T06:57:07","slug":"babisuv-doktor-by-rad-ridil-a-nechal-se-ridit","status":"publish","type":"post","link":"https:\/\/www.ladislavjakl.cz\/?p=9197","title":{"rendered":"Babi\u0161\u016fv doktor by r\u00e1d \u0159\u00eddil a nechal se \u0159\u00eddit"},"content":{"rendered":"<p>Andrej Babi\u0161 stav\u00ed v sen\u00e1tn\u00edm obvod\u011b 26 (\u017di\u017ekov, Vinohrady, Hloub\u011bt\u00edn, Hrdlo\u0159ezy, Male\u0161ice) doktora Romana Kereke\u0161e, sv\u00e9ho kon\u011b u\u017e v minul\u00fdch volb\u00e1ch. Povol\u00e1n\u00ed l\u00e9ka\u0159e, to je v\u017edy bonus, u voli\u010d\u016f toti\u017e vyvol\u00e1 (fale\u0161n\u00fd) pocit, \u017ee ten doktor z kandid\u00e1tky n\u00e1s tak n\u011bjak m\u00e1 v\u00edc r\u00e1d.<\/p>\n<p><!--more--><\/p>\n<p>Kereke\u0161ovi pacienti si to ale o n\u011bm asi nemysl\u00ed, proto\u017ee sv\u00e9ho doktora moc hezky nehodnot\u00ed viz:&nbsp;<a href=\"https:\/\/www.znamylekar.cz\/roman-kerekes\/kardiolog\/praha\">https:\/\/www.znamylekar.cz\/roman-kerekes\/kardiolog\/praha<\/a>&nbsp;Pan&nbsp;doktor s v\u011bdom\u00edm Babi\u0161ovy ohromn\u00e9 medi\u00e1ln\u00ed a finan\u010dn\u00ed podpory v\u0161ak h\u00fd\u0159\u00ed sebev\u011bdom\u00edm a zn\u00e1mkuje sv\u00e9 konkurenty, \u017ee pr\u00fd nikdy nic ne\u0159\u00eddili viz: <a href=\"https:\/\/www.parlamentnilisty.cz\/arena\/rozhovory\/Lekar-a-vyzyvatel-Gabala-a-Hilsera-Zdravotnictvi-je-apoliticke-Kde-ma-nemocnici-v-rukou-stat-je-znat-ze-se-moc-dobre-nestara-547047\">https:\/\/www.parlamentnilisty.cz\/arena\/rozhovory\/Lekar-a-vyzyvatel-Gabala-a-Hilsera-Zdravotnictvi-je-apoliticke-Kde-ma-nemocnici-v-rukou-stat-je-znat-ze-se-moc-dobre-nestara-547047<\/a> No, podot\u00fdk\u00e1m, \u017ee jsem \u0159\u00eddil kulturn\u00ed st\u0159edisko v dob\u011b, kdy si Rom\u00e1nek je\u0161t\u011b hr\u00e1l v uhl\u00e1ku na horn\u00edka, \u017ee jsem byl vedouc\u00edm \u00da\u0159adu \u010cR pro Rozhlasov\u00e9 a televizn\u00ed vys\u00edl\u00e1n\u00ed, \u0159editelem odboru v Poslaneck\u00e9 sn\u011bmovn\u011b i v Kancel\u00e1\u0159i prezidenta republiky, ale hlavn\u011b o to v\u016fbec nejde. Sen\u00e1to\u0159i nejsou od toho, aby n\u011bco \u0159\u00eddili. Nejsou sou\u010d\u00e1st\u00ed v\u00fdkonn\u00e9 moci. Jsou od toho, aby schvalovali (a zam\u00edtali) z\u00e1kony. Ne pouze z oboru zdravotnictv\u00ed, ze v\u0161ech obor\u016f. A pokud z nich nemaj\u00ed b\u00fdt hlasovac\u00ed loutky, pot\u0159ebuj\u00ed m\u00edt n\u011bjak\u00e9 celistv\u00e9 n\u00e1zory, politick\u00e9 n\u00e1zory, n\u00e1zory na vztah st\u00e1tu a jednotlivce. \u017d\u00e1dn\u00e9 takov\u00e9 n\u00e1zory \u010di postoje pan Kereke\u0161 nem\u00e1. Nikdy na toto t\u00e9ma nic nenapsal \u010di nepronesl. Asi po\u010d\u00edt\u00e1 s t\u00edm, \u017ee v p\u0159\u00edpad\u011b sv\u00e9ho zvolen\u00ed dostane noty z Agrofertu.<br \/>\nL. J.<\/p>\n","protected":false},"excerpt":{"rendered":"<p>Andrej Babi\u0161 stav\u00ed v sen\u00e1tn\u00edm obvod\u011b 26 (\u017di\u017ekov, Vinohrady, Hloub\u011bt\u00edn, Hrdlo\u0159ezy, Male\u0161ice) doktora Romana Kereke\u0161e, sv\u00e9ho kon\u011b u\u017e v minul\u00fdch volb\u00e1ch. Povol\u00e1n\u00ed l\u00e9ka\u0159e, to je v\u017edy bonus, u voli\u010d\u016f toti\u017e vyvol\u00e1 (fale\u0161n\u00fd) pocit, \u017ee ten doktor z kandid\u00e1tky n\u00e1s tak n\u011bjak m\u00e1 v\u00edc r\u00e1d.<\/p>\n","protected":false},"author":1,"featured_media":0,"comment_status":"open","ping_status":"open","sticky":false,"template":"","format":"standard","meta":{"ngg_post_thumbnail":0,"footnotes":""},"categories":[6,22],"tags":[],"class_list":["post-9197","post","type-post","status-publish","format-standard","hentry","category-co-jsem-nerekl","category-jakl-senator"],"_links":{"self":[{"href":"https:\/\/www.ladislavjakl.cz\/index.php?rest_route=\/wp\/v2\/posts\/9197","targetHints":{"allow":["GET"]}}],"collection":[{"href":"https:\/\/www.ladislavjakl.cz\/index.php?rest_route=\/wp\/v2\/posts"}],"about":[{"href":"https:\/\/www.ladislavjakl.cz\/index.php?rest_route=\/wp\/v2\/types\/post"}],"author":[{"embeddable":true,"href":"https:\/\/www.ladislavjakl.cz\/index.php?rest_route=\/wp\/v2\/users\/1"}],"replies":[{"embeddable":true,"href":"https:\/\/www.ladislavjakl.cz\/index.php?rest_route=%2Fwp%2Fv2%2Fcomments&post=9197"}],"version-history":[{"count":1,"href":"https:\/\/www.ladislavjakl.cz\/index.php?rest_route=\/wp\/v2\/posts\/9197\/revisions"}],"predecessor-version":[{"id":9198,"href":"https:\/\/www.ladislavjakl.cz\/index.php?rest_route=\/wp\/v2\/posts\/9197\/revisions\/9198"}],"wp:attachment":[{"href":"https:\/\/www.ladislavjakl.cz\/index.php?rest_route=%2Fwp%2Fv2%2Fmedia&parent=9197"}],"wp:term":[{"taxonomy":"category","embeddable":true,"href":"https:\/\/www.ladislavjakl.cz\/index.php?rest_route=%2Fwp%2Fv2%2Fcategories&post=9197"},{"taxonomy":"post_tag","embeddable":true,"href":"https:\/\/www.ladislavjakl.cz\/index.php?rest_route=%2Fwp%2Fv2%2Ftags&post=9197"}],"curies":[{"name":"wp","href":"https:\/\/api.w.org\/{rel}","templated":true}]}}