{"id":9199,"date":"2018-09-04T13:21:17","date_gmt":"2018-09-04T11:21:17","guid":{"rendered":"http:\/\/www.ladislavjakl.cz\/?p=9199"},"modified":"2018-09-04T13:21:17","modified_gmt":"2018-09-04T11:21:17","slug":"ods-bez-klausismu-by-nebyla-ods-2","status":"publish","type":"post","link":"https:\/\/www.ladislavjakl.cz\/?p=9199","title":{"rendered":"ODS bez klausismu by nebyla ODS"},"content":{"rendered":"<p>Je \u00fasm\u011bvn\u00e9 \u010d\u00edst pojedn\u00e1n\u00ed o tom, jak\u00e1 by m\u011bla b\u00fdt ODS z pozice liber\u00e1ln\u00ed levice \u010di p\u0159\u00edmo \u201ehavlismu\u201c, jak to popisuje Ji\u0159\u00ed Pehe v textu \u201eFiala klausismus z ODS nevyv\u011btral\u201c (Pr\u00e1vo, 25. 8.).<\/p>\n<p><!--more--><\/p>\n<p>Vlastn\u011b z pohledu Ji\u0159\u00edho Peheho byla ODS ji\u017e \u0161patn\u011b zalo\u017eena, proto\u017ee ji zakl\u00e1dal V\u00e1clav Klaus. Jak vypad\u00e1 pokus o zalo\u017een\u00ed ODS bez \u201eklausismu\u201c vid\u00edme na Unii svobody nebo TOP 09. Prvn\u00ed le\u017e\u00ed ji\u017e del\u0161\u00ed dobu na politick\u00e9m h\u0159bitov\u011b, druh\u00e1 se pot\u00e1c\u00ed na hranici volitelnosti. V\u011bt\u0161ina \u010dlen\u016f ODS tak\u00e9 nepova\u017euje konec vl\u00e1dy Petra Ne\u010dase za \u201ebizarn\u00ed vyvrcholen\u00ed\u201c jedn\u00e9 \u00e9ry ODS, jak p\u00ed\u0161e Ji\u0159\u00ed Pehe, ale za st\u00e1tn\u00ed p\u0159evrat s n\u00e1slednou zm\u011bnou politick\u00e9ho syst\u00e9mu.<\/p>\n<p>Bizarn\u00ed naopak bylo, jak policist\u00e9 a st\u00e1tn\u00ed z\u00e1stupci bez uzard\u011bn\u00ed prezentovali na tiskov\u00e9 konferenci \u201ezadr\u017een\u00fdch 120 a\u017e 140 mili\u00f3n\u016f a deset kilo zlata\u201c, kdy\u017e dnes v\u00edme, \u017ee ani mili\u00f3ny ani zlato neexistuj\u00ed. Tragick\u00e9 na t\u00e9to historii pak je, jak oligarcha v \u010dele vl\u00e1dy odm\u011b\u0148uje pu\u010disty st\u00e1tn\u00edmi trafi kami. Politickou stranu tvo\u0159\u00ed jej\u00ed \u010dlenov\u00e9. Zhruba 14 tis\u00edc svobodomysln\u00fdch \u010dlen\u016f ODS nem\u016f\u017ee m\u00edt na v\u0161echny v\u011bci jednotn\u00fd n\u00e1zor.<\/p>\n<p>Tak\u00e9 jsem kroutil hlavou, kdy\u017e V\u00e1clav Klaus mlad\u0161\u00ed uve\u0159ejnil sv\u016fj text je\u0161t\u011b p\u0159ed poh\u0159bem t\u0159\u00ed zabit\u00fdch voj\u00e1k\u016f a nepova\u017eoval jsem za \u0161\u0165astn\u00e9, \u017ee mohl vyzn\u00edt jako zpochybn\u011bn\u00ed na\u0161ich alian\u010dn\u00edch z\u00e1vazk\u016f. Ale v meritu v\u011bci, \u017ee se v Afg\u00e1nist\u00e1nu ned\u00e1 vyhr\u00e1t, v tom s V\u00e1clavem Klausem ml. souhlas\u00edm. Samoz\u0159ejm\u011b to v\u011bd\u00ed i Ameri\u010dan\u00e9, kte\u0159\u00ed dnes s T\u00e1lib\u00e1nem vyjedn\u00e1vaj\u00ed, proto\u017ee spole\u010dn\u00fdm a v\u011bt\u0161\u00edm nep\u0159\u00edtelem je Isl\u00e1msk\u00fd st\u00e1t.<\/p>\n<p>V p\u0159\u00edpad\u011b kandidatury Ladislava Jakla do Sen\u00e1tu pova\u017euji za chybu pra\u017esk\u00e9 ODS, \u017ee Jaklovi kandidaturu nenab\u00eddla d\u0159\u00edv ne\u017e SPD. Ladislav Jakl je vzd\u011blan\u00fd \u010dlov\u011bk s jasn\u00fdmi n\u00e1zory a nijak se netaj\u00ed t\u00edm, \u017ee jde o spojenectv\u00ed nav\u00fdsost \u00fa\u010delov\u00e9, o \u0159e\u0161en\u00ed neleg\u00e1ln\u00ed migrace a nefunk\u010dnosti EU, a pot\u00e9 se s okamurovci op\u011bt rozejde.<\/p>\n<p>Nezn\u00e1m komun\u00e1ln\u00ed kampa\u0148 \u00fasp\u011b\u0161n\u00e9ho mladoboleslavsk\u00e9ho prim\u00e1tora Raduana Nwelatiho, ale opakem \u201enulov\u00e9 tolerance cizinc\u016fm\u201c, co\u017e pova\u017euje Ji\u0159\u00ed Pehe za skand\u00e1ln\u00ed, je to, co prob\u00edh\u00e1 v sou\u010dasn\u00e9 dob\u011b v N\u011bmecku, Francii a n\u011bkter\u00fdch seversk\u00fdch st\u00e1tech. Trestn\u00e9 \u010diny ileg\u00e1ln\u00edch migrant\u016f \u010di lhan\u00ed p\u0159i \u017e\u00e1dostech o azyl se omlouvaj\u00ed nutnost\u00ed ch\u00e1pat odli\u0161n\u00e9 kultury a nutnost\u00ed akceptace pravidel isl\u00e1mu, kter\u00e1 s sebou neleg\u00e1ln\u00ed migranti p\u0159in\u00e1\u0161ej\u00ed.<\/p>\n<p>Zd\u016fraz\u0148uji, \u017ee Jakl, Nwelati a pravd\u011bpodobn\u011b i Okamura mluv\u00ed o neleg\u00e1ln\u00ed migraci, nikoli o lidech s pr\u00e1vem na azyl.<\/p>\n<p>Do ODS proto pat\u0159\u00ed jak p\u0159edseda Petr Fiala se sv\u00fdm akademick\u00fdm formulov\u00e1n\u00edm politick\u00fdch postoj\u016f, tak bou\u0159liv\u00e1k poslanec V\u00e1clav Klaus mlad\u0161\u00ed, ale i dal\u0161\u00edch 14 tis\u00edc \u010dlen\u016f. A z na\u0161ich diskus\u00ed se pak tvo\u0159\u00ed politika ODS, d\u00edky kter\u00e9 z\u00edsk\u00e1v\u00e1me st\u00e1le v\u00edc p\u0159\u00edznivc\u016f. A to v\u0161e navzdory panu Ji\u0159\u00edmu Pehemu.<\/p>\n<p><a href=\"http:\/\/neviditelnypes.lidovky.cz\/politika-ods-bez-klausismu-by-nebyla-ods-fdh-\/p_politika.aspx?c=A180829_205521_p_politika_wag\">Zdroj<\/a><\/p>\n","protected":false},"excerpt":{"rendered":"<p>Je \u00fasm\u011bvn\u00e9 \u010d\u00edst pojedn\u00e1n\u00ed o tom, jak\u00e1 by m\u011bla b\u00fdt ODS z pozice liber\u00e1ln\u00ed levice \u010di p\u0159\u00edmo \u201ehavlismu\u201c, jak to popisuje Ji\u0159\u00ed Pehe v textu \u201eFiala klausismus z ODS nevyv\u011btral\u201c (Pr\u00e1vo, 25. 8.).<\/p>\n","protected":false},"author":1,"featured_media":0,"comment_status":"open","ping_status":"open","sticky":false,"template":"","format":"standard","meta":{"ngg_post_thumbnail":0,"footnotes":""},"categories":[11],"tags":[],"class_list":["post-9199","post","type-post","status-publish","format-standard","hentry","category-ozvena"],"_links":{"self":[{"href":"https:\/\/www.ladislavjakl.cz\/index.php?rest_route=\/wp\/v2\/posts\/9199","targetHints":{"allow":["GET"]}}],"collection":[{"href":"https:\/\/www.ladislavjakl.cz\/index.php?rest_route=\/wp\/v2\/posts"}],"about":[{"href":"https:\/\/www.ladislavjakl.cz\/index.php?rest_route=\/wp\/v2\/types\/post"}],"author":[{"embeddable":true,"href":"https:\/\/www.ladislavjakl.cz\/index.php?rest_route=\/wp\/v2\/users\/1"}],"replies":[{"embeddable":true,"href":"https:\/\/www.ladislavjakl.cz\/index.php?rest_route=%2Fwp%2Fv2%2Fcomments&post=9199"}],"version-history":[{"count":1,"href":"https:\/\/www.ladislavjakl.cz\/index.php?rest_route=\/wp\/v2\/posts\/9199\/revisions"}],"predecessor-version":[{"id":9200,"href":"https:\/\/www.ladislavjakl.cz\/index.php?rest_route=\/wp\/v2\/posts\/9199\/revisions\/9200"}],"wp:attachment":[{"href":"https:\/\/www.ladislavjakl.cz\/index.php?rest_route=%2Fwp%2Fv2%2Fmedia&parent=9199"}],"wp:term":[{"taxonomy":"category","embeddable":true,"href":"https:\/\/www.ladislavjakl.cz\/index.php?rest_route=%2Fwp%2Fv2%2Fcategories&post=9199"},{"taxonomy":"post_tag","embeddable":true,"href":"https:\/\/www.ladislavjakl.cz\/index.php?rest_route=%2Fwp%2Fv2%2Ftags&post=9199"}],"curies":[{"name":"wp","href":"https:\/\/api.w.org\/{rel}","templated":true}]}}