{"id":9201,"date":"2018-09-04T13:27:41","date_gmt":"2018-09-04T11:27:41","guid":{"rendered":"http:\/\/www.ladislavjakl.cz\/?p=9201"},"modified":"2018-09-04T13:27:41","modified_gmt":"2018-09-04T11:27:41","slug":"l-jakl-proti-omezovani-prava-na-drzeni-zbrane","status":"publish","type":"post","link":"https:\/\/www.ladislavjakl.cz\/?p=9201","title":{"rendered":"L. Jakl proti omezov\u00e1n\u00ed pr\u00e1va na dr\u017een\u00ed zbran\u011b"},"content":{"rendered":"<p><strong>N\u00c1RODN\u00cd ASOCIACE OBRANY OB\u010cANSK\u00ddCH SVOBOD A PR\u00c1V<\/strong><\/p>\n<p>Nikdy se neptej, komu berou svobodu. Berou ji Tob\u011b!<\/p>\n<p>V\u00e1\u017een\u00fd pane Jakle,<\/p>\n<p>u p\u0159\u00edle\u017eitosti nadch\u00e1zej\u00edc\u00edch sen\u00e1tn\u00edch voleb si i V\u00e1s, jako kandid\u00e1ta, dovoluje na\u0161e N\u00e1rodn\u00ed asociace obrany&nbsp;ob\u010dansk\u00fdch svobod a pr\u00e1v oslovit n\u011bkolika dotazy. Douf\u00e1me, \u017ee Va\u0161e odpov\u011bdi, kter\u00e9 budeme publikovat,&nbsp;umo\u017en\u00ed na\u0161im \u010dlen\u016fm a p\u0159\u00edznivc\u016fm se l\u00e9pe orientovat v sou\u010dasn\u00e9 \u0161irok\u00e9 palet\u011b z\u00e1jemc\u016f o zvolen\u00ed do sen\u00e1tu.&nbsp;Ale nejprve mi dovolte p\u0159edstavit na\u0161i asociaci (www.naoosp.cz ) a jej\u00ed c\u00edle.<\/p>\n<p><!--more--><\/p>\n<p>Domn\u00edv\u00e1me se, \u017ee svoboda je nejvy\u0161\u0161\u00ed hodnotou, kterou m\u016f\u017ee st\u00e1t i jednotlivec vyzn\u00e1vat na poli ve\u0159ejn\u00e9ho&nbsp;\u017eivota. Svoboda k byt\u00ed sebou sam\u00fdm pro jednotlivce, k napln\u011bn\u00ed posl\u00e1n\u00ed jeho \u017eivota, svoboda k prosazov\u00e1n\u00ed&nbsp;c\u00edl\u016f sv\u00fdch ob\u010dan\u016f na poli vnit\u0159n\u00edm i mezin\u00e1rodn\u00edm pro st\u00e1t. Tedy svobody, kter\u00e9 ze st\u00e1tu d\u011blaj\u00ed skute\u010dn\u00e9ho&nbsp;suver\u00e9na, jak\u00fdm jej u\u010dinili pr\u00e1v\u011b jeho ob\u010dan\u00e9. Jsme p\u0159esv\u011bd\u010deni, \u017ee tyto svobody jsou nyn\u00ed umen\u0161ov\u00e1ny ve prosp\u011bch r\u016fzn\u00fdch \u201cpozitivn\u00edch pr\u00e1v a svobod\u201d a je t\u0159eba o nich hovo\u0159it a znovu je nal\u00e9zt!<\/p>\n<p>Nicm\u00e9n\u011b k jednotliv\u00fdm dotaz\u016fm.<\/p>\n<p>1) Na\u0161im c\u00edlem je ochrana a udr\u017een\u00ed p\u0159edev\u0161\u00edm negativn\u00edch pr\u00e1v a svobod, tedy t\u011bch, kter\u00e9 chr\u00e1n\u00ed ob\u010dana&nbsp;p\u0159ed ob\u010dasnou zv\u016fl\u00ed st\u00e1tu a poskytuj\u00ed mu mo\u017enost svobody volby.<\/p>\n<p>Jak\u00fd je V\u00e1\u0161 n\u00e1zor na tuto problematiku?<\/p>\n<p>2) Jednou z t\u011bchto svobod je i pr\u00e1vo ob\u010dana na dr\u017een\u00ed zbran\u011b, samoz\u0159ejm\u011b po spln\u011bn\u00ed v\u0161ech (a v na\u0161\u00ed zemi&nbsp;velice p\u0159\u00edsn\u00fdch) z\u00e1konn\u00fdch podm\u00ednek. Toto pr\u00e1vo m\u00e1 b\u00fdt omezeno sm\u011brnic\u00ed \u201cEvropsk\u00e9ho parlamentu a&nbsp;Rady (EU) 2017\/853 ze dne 17. kv\u011btna 2017, kterou se m\u011bn\u00ed sm\u011brnice Rady 91\/477\/EHS EU\u201d, schv\u00e1lenou&nbsp;p\u0159es odpor drtiv\u00e9 v\u011bt\u0161iny na\u0161ich europoslanc\u016f a proti n\u00e1zoru na\u0161\u00ed politick\u00e9 representace.<\/p>\n<p>Jak\u00fd postup pokl\u00e1d\u00e1te v t\u00e9to situaci za vhodn\u00fd a jak\u00fd byste v p\u0159\u00edpad\u011b sv\u00e9ho zvolen\u00ed v sen\u00e1tu prosazoval?<\/p>\n<p>Jak\u00fd je, v t\u00e9to souvislosti, V\u00e1\u0161 n\u00e1zor na vt\u011blen\u00ed pr\u00e1va dr\u017eet zbra\u0148 p\u0159\u00edmo do \u00fastavy \u010cR?<\/p>\n<p>3) V sou\u010dasn\u00e9 dob\u011b je ob\u010dan, h\u00e1j\u00edc\u00ed sv\u00e9 obydl\u00ed, ve zna\u010dn\u00e9 nev\u00fdhod\u011b proti osob\u00e1m, kter\u00e9 nez\u00e1konn\u011b&nbsp;vniknou do jeho domova \u010di jin\u00e9 zaji\u0161t\u011bn\u00e9 nemovitosti. Sou\u010dasn\u00e1 legislativa klade z\u00e1kona dbal\u00e9mu ob\u010danovi&nbsp;povinnost neust\u00e1le zva\u017eovat, zda je jeho obrana \u201ep\u0159im\u011b\u0159en\u00e1\u201c a db\u00e1t na to, aby p\u0159i obran\u011b sv\u00e9ho \u017eivota a&nbsp;majetku &#8211; a to i uvnit\u0159 vlastn\u00ed nemovitosti &#8211; n\u011bkomu jak\u00fdmkoliv zp\u016fsobem \u201enep\u0159im\u011b\u0159en\u011b\u201c neubl\u00ed\u017eil,&nbsp;p\u0159i\u010dem\u017e to nen\u00ed on, kdo situaci vyvolal a na rozd\u00edl od pachatele nem\u011bl p\u0159\u00edle\u017eitost se na tuto situaci p\u0159ipravit.&nbsp;Na\u0161e Asociace proto navrhuje, po vzoru \u0159ady zem\u00ed \u00fapravu pr\u00e1vn\u00ed ho \u0159\u00e1d u o tzv. \u201ecastle doctrine\u201c. Tedy&nbsp;ustanoven\u00ed, podle kter\u00e9ho se ob\u010dan m\u016f\u017ee bez obav br\u00e1nit proti lidem, kte\u0159\u00ed do jeho bytu \u010di domu vniknou&nbsp;n\u00e1sil\u00edm \u010di p\u0159ekonaj\u00ed technickou p\u0159ek\u00e1\u017eku. (v\u00edce na www.naoosp.cz\/petice). Jak\u00fd je V\u00e1\u0161 n\u00e1zor na tuto&nbsp;problematiku?<\/p>\n<p>4) Co dal\u0161\u00edho byste r\u00e1d \u010dlen\u016fm a p\u0159\u00edznivc\u016fm na\u0161\u00ed Asociace sd\u011blil?<\/p>\n<p>D\u011bkujeme za V\u00e1\u0161 \u010das a Va\u0161e odpov\u011bdi.<\/p>\n<p>Za NAOOSP<\/p>\n<p>Tom\u00e1\u0161 Van\u011bk, p\u0159edseda<\/p>\n<p><strong>Odpov\u011bdi Ladislava Jakla<\/strong><\/p>\n<ol>\n<li>V&nbsp;t\u00e9to v\u011bci jsou m\u00e9 postoje shodn\u00e9.<\/li>\n<li>Podepsal jsem petici proti omezov\u00e1n\u00ed pr\u00e1va na dr\u017een\u00ed st\u0159eln\u00e9 zbran\u011b. Ve stejn\u00e9m duchu budu postupovat i v&nbsp;Sen\u00e1tu. Pr\u00e1vo na dr\u017een\u00ed zbran\u011b bych ale do \u00fastavy neza\u010dle\u0148oval. \u00dastava nem\u00e1 zach\u00e1zet s&nbsp;pr\u00e1vy v\u00fd\u010dtov\u011b, \u010dlov\u011bk nesm\u00ed b\u00fdt omezov\u00e1n plo\u0161n\u011b nikde a naopak v\u00fdjimky musej\u00ed b\u00fdt v\u00fd\u010dtov\u00e9. &nbsp;<\/li>\n<li>Nejsem si jist, zda k&nbsp;prosazov\u00e1n\u00ed t\u00e9to z\u00e1sady je nutn\u00e1 zm\u011bna z\u00e1kona. Sp\u00ed\u0161e by v&nbsp;tomto smyslu m\u011bla b\u00fdt zm\u011bn\u011bna justi\u010dn\u00ed praxe. Zm\u011bnu z\u00e1kona ale nevylu\u010duji.<\/li>\n<li>Jsem r\u00e1d, \u017ee se n\u011bkdo k&nbsp;ochran\u011b svobod um\u00ed organizovat a spolupracovat. Stejn\u00e9 z\u00e1sady by m\u011bly b\u00fdt prosazov\u00e1ny i jin\u00fdch oborech, t\u0159eba ohledn\u011b svobody uzav\u00edrat smlouvy. Toto pr\u00e1vo je dnes zmrza\u010deno mnoha z\u00e1kazy. Perme se za svobodu i tam, kde nen\u00ed zrovna dot\u010den n\u00e1\u0161 konkr\u00e9tn\u00ed z\u00e1jem.<\/li>\n<\/ol>\n","protected":false},"excerpt":{"rendered":"<p>N\u00c1RODN\u00cd ASOCIACE OBRANY OB\u010cANSK\u00ddCH SVOBOD A PR\u00c1V Nikdy se neptej, komu berou svobodu. Berou ji Tob\u011b! V\u00e1\u017een\u00fd pane Jakle, u p\u0159\u00edle\u017eitosti nadch\u00e1zej\u00edc\u00edch sen\u00e1tn\u00edch voleb si i V\u00e1s, jako kandid\u00e1ta, dovoluje na\u0161e N\u00e1rodn\u00ed asociace obrany&nbsp;ob\u010dansk\u00fdch svobod a pr\u00e1v oslovit n\u011bkolika dotazy. Douf\u00e1me, \u017ee Va\u0161e odpov\u011bdi, kter\u00e9 budeme publikovat,&nbsp;umo\u017en\u00ed na\u0161im \u010dlen\u016fm a p\u0159\u00edznivc\u016fm se l\u00e9pe orientovat v [&hellip;]<\/p>\n","protected":false},"author":1,"featured_media":0,"comment_status":"open","ping_status":"open","sticky":false,"template":"","format":"standard","meta":{"ngg_post_thumbnail":0,"footnotes":""},"categories":[22],"tags":[],"class_list":["post-9201","post","type-post","status-publish","format-standard","hentry","category-jakl-senator"],"_links":{"self":[{"href":"https:\/\/www.ladislavjakl.cz\/index.php?rest_route=\/wp\/v2\/posts\/9201","targetHints":{"allow":["GET"]}}],"collection":[{"href":"https:\/\/www.ladislavjakl.cz\/index.php?rest_route=\/wp\/v2\/posts"}],"about":[{"href":"https:\/\/www.ladislavjakl.cz\/index.php?rest_route=\/wp\/v2\/types\/post"}],"author":[{"embeddable":true,"href":"https:\/\/www.ladislavjakl.cz\/index.php?rest_route=\/wp\/v2\/users\/1"}],"replies":[{"embeddable":true,"href":"https:\/\/www.ladislavjakl.cz\/index.php?rest_route=%2Fwp%2Fv2%2Fcomments&post=9201"}],"version-history":[{"count":1,"href":"https:\/\/www.ladislavjakl.cz\/index.php?rest_route=\/wp\/v2\/posts\/9201\/revisions"}],"predecessor-version":[{"id":9202,"href":"https:\/\/www.ladislavjakl.cz\/index.php?rest_route=\/wp\/v2\/posts\/9201\/revisions\/9202"}],"wp:attachment":[{"href":"https:\/\/www.ladislavjakl.cz\/index.php?rest_route=%2Fwp%2Fv2%2Fmedia&parent=9201"}],"wp:term":[{"taxonomy":"category","embeddable":true,"href":"https:\/\/www.ladislavjakl.cz\/index.php?rest_route=%2Fwp%2Fv2%2Fcategories&post=9201"},{"taxonomy":"post_tag","embeddable":true,"href":"https:\/\/www.ladislavjakl.cz\/index.php?rest_route=%2Fwp%2Fv2%2Ftags&post=9201"}],"curies":[{"name":"wp","href":"https:\/\/api.w.org\/{rel}","templated":true}]}}