{"id":9207,"date":"2018-09-05T13:17:35","date_gmt":"2018-09-05T11:17:35","guid":{"rendered":"http:\/\/www.ladislavjakl.cz\/?p=9207"},"modified":"2018-09-05T13:17:35","modified_gmt":"2018-09-05T11:17:35","slug":"nanebevzeti-senatora-johna","status":"publish","type":"post","link":"https:\/\/www.ladislavjakl.cz\/?p=9207","title":{"rendered":"Nanebevzet\u00ed sen\u00e1tora Johna"},"content":{"rendered":"<p>V&nbsp;ciz\u00ed zemi um\u0159el poslanec. A v&nbsp;\u010desk\u00fdch m\u00e9di\u00edch (i na politick\u00e9 sc\u00e9n\u011b) to vypadalo, \u017ee tu snad m\u00e1me n\u00e1\u0161 dom\u00e1c\u00ed st\u00e1tn\u00ed poh\u0159eb.<\/p>\n<p><!--more--><\/p>\n<p>Ano, byl to v\u00fdznamn\u00fd poslanec a je to v\u00fdznamn\u00e1 zem\u011b. P\u0159esto m\u011bla mcCainovsk\u00e1 m\u00e1nie v&nbsp;\u010cesku zcela nep\u0159\u00ed\u010detn\u00e9 parametry. Mnohaminutov\u00e9 oslavn\u00e9 medailonky, opakovan\u00e9 report\u00e1\u017ee z&nbsp;pietn\u00edch akc\u00ed, mudrov\u00e1n\u00ed analytik\u016f. M\u00e1vl bych nad t\u00edm rukou s&nbsp;t\u00edm, \u017ee kdy\u017e m\u016f\u017eeme m\u00edt v&nbsp;televizi nekone\u010dn\u00fd seri\u00e1l o tom, co dnes r\u00e1no zase na\u0161li kr\u00e1sn\u00e9ho v&nbsp;plenk\u00e1ch n\u011bjak\u00e9ho ostrovn\u00edho princ\u00e1tka, pro\u010d bychom nemohli m\u00edt medi\u00e1ln\u00ed tryzny za ciz\u00ed poslance.<\/p>\n<p>Jen\u017ee na t\u00e9 p\u0159est\u0159elenosti medi\u00e1ln\u00ed pozornosti v\u011bnovan\u00e9 smrti americk\u00e9ho sen\u00e1tora Johna McCaina je nejbizarn\u011bj\u0161\u00ed ta m\u00edra pokrytectv\u00ed. Aby bylo jasno, otev\u0159en\u011b jsem podporoval McCaina v&nbsp;prezidentsk\u00fdch volb\u00e1ch p\u0159ed deseti lety. Mimochodem, v&nbsp;dob\u011b kon\u00e1n\u00ed republik\u00e1nsk\u00e9ho konventu, kter\u00fd ho potvrdil coby ofici\u00e1ln\u00edho kandid\u00e1ta na \u00fa\u0159ad prezidenta USA, jsem byl zrovna v&nbsp;poho\u0159\u00ed Cascade ve st\u00e1t\u011b Washington a byl jsem nad\u0161en z&nbsp;jeho nomina\u010dn\u00edho projevu a je\u0161t\u011b v\u00edc z&nbsp;projevu jeho nominantky na funkci viceprezidentky Sarah Palinov\u00e9. Chodil jsem tam s&nbsp;jejich samolepkami a p\u0159ivezl jsem si je sebou i do Prahy, kde jsem jimi vyzdobil i sv\u00e9 m\u00edsto v&nbsp;hospod\u011b, kam pravideln\u011b chod\u00edv\u00e1m. A tento sv\u016fj n\u00e1zor jsem \u0159\u00edkal i novin\u00e1\u0159\u016fm.<\/p>\n<p>Zapom\u00edn\u00e1 se na to, ale v&nbsp;tu dobu \u010desk\u00e1 m\u00e9dia nemohla p\u0159ij\u00edt McCainovi na jm\u00e9no. Byl zde popisov\u00e1n jako ne\u0159\u00edzen\u00e1 st\u0159ela, v\u00e1le\u010dn\u00fd \u0161tv\u00e1\u010d, ultrakonzervativn\u00ed zp\u00e1te\u010dn\u00edk, populista a extremista. Typick\u00fd kontrast, jak byl minul\u00e9 dny vychvalov\u00e1n a p\u0159ed deseti lety zatracov\u00e1n, p\u0159edstavuj\u00ed titulky \u201eJohn McCain a Sarah Palinov\u00e1 dr\u017e\u00ed bob\u0159\u00edka ml\u010den\u00ed\u201c (web \u010cesk\u00e9ho rozhlasu, 2008) a \u201eZem\u0159el klenot americk\u00e9 politiky\u201c (Reflex, 2018).&nbsp;<\/p>\n<p>T\u0159eba zn\u00e1m\u00fd vyklada\u010d toho, co si m\u00e1me myslet o Americe, Tom\u00e1\u0161 Klva\u0148a, napsal tehdy na Aktu\u00e1ln\u011b blog s&nbsp;titulkem \u201eSarah Palinov\u00e1, defini\u010dn\u00ed chyba v&nbsp;syst\u00e9mu\u201c. Krom\u011b toho, \u017ee si v&nbsp;n\u011bm pletl politickou funkci viceprezidenta s&nbsp;funkc\u00ed \u0159editele analytick\u00e9ho \u00fastavu, kdy\u017e j\u00ed vy\u010d\u00edtal neznalosti v&nbsp;oboru zahrani\u010dn\u00ed politiky, p\u0159itom politik nemus\u00ed b\u00fdt odborn\u00edkem, ale m\u00e1 reprezentovat a prosazovat n\u00e1zory ve\u0159ejnosti, p\u0159edev\u0161\u00edm doslova napsal: \u201e\u2026McCain (si) nezaslou\u017eil b\u00fdt zvolen a je dob\u0159e, \u017ee prohr\u00e1l\u2026\u201c Mysl\u00edte, \u017ee Klva\u0148a opakoval tot\u00e9\u017e, kdy\u017e byl v&nbsp;minul\u00fdch dnech zv\u00e1n do \u010cesk\u00e9 televize, aby oslavil McCainovu pam\u00e1tku?<\/p>\n<p>Web \u010cesk\u00e9 televize nesl p\u0159ed deseti lety titulek \u201eV\u011bt\u0161ina \u010desk\u00fdch osobnost\u00ed by volila Obamu\u201c a cituje t\u0159eba here\u010dku Evu Holubovou \u201eKdy\u017e srovn\u00e1te oba kandid\u00e1ty, tak pan McCain mluv\u00ed takov\u00e9 populistick\u00e9 \u0159e\u010di, n\u00e1rod, rodina, vlast, kde\u017eto Barack Obama jde tvrd\u011b na d\u0159e\u0148,\u201c \u010di v\u00edt\u011bze olympi\u00e1dy Ale\u0161e Valentu \u201e(Obama) je um\u00edrn\u011bn\u011bj\u0161\u00ed, p\u0159ipad\u00e1 mi, \u017ee by mohl Ameriku posunout d\u00e1l, a ne sm\u011brem ke zbrojen\u00ed (jako McCain).\u201c Sc\u00e9n\u00e1rista Ond\u0159ej Trojan pak zvolil rasov\u00e9 hledisko, kdy\u017e \u0159ekl: \u201e U\u017e jen to, \u017ee by vedl prvn\u00ed mocnost sv\u011bta \u010dernoch, mi p\u0159ijde \u00fa\u017easn\u00e9. Mysl\u00edm, \u017ee je to velk\u00e9 v\u00edt\u011bzstv\u00ed demokracie.\u201c Podot\u00fdk\u00e1m, \u017ee n\u00e1sledn\u00e9 Obamovo zvolen\u00ed bylo sp\u00ed\u0161e v\u00edt\u011bzstv\u00edm rasismu ne\u017e demokracie, proto\u017ee ho volilo 95 procent \u010dernoch\u016f, zat\u00edmco mezi b\u011blochy 45 procent. \u017de here\u010dka, sportovec a sc\u00e9n\u00e1rista nejsou dobr\u00fdm vzorkem \u010desk\u00e9 populace? Ten vzorek jsem ale nevybral j\u00e1, n\u00fdbr\u017e tehdej\u0161\u00ed \u010cesk\u00e1 televize.<\/p>\n<p>A pro\u010d ten obrat od po\u0161klebov\u00e1n\u00ed k uct\u00edv\u00e1n\u00ed? To je jednoduch\u00e9. P\u0159ed deseti lety byl McCain u \u010desk\u00fdch liber\u00e1ln\u00edch levi\u010d\u00e1k\u016f, kte\u0159\u00ed ovl\u00e1daj\u00ed m\u00e9dia, zloduchem, nebo\u0165 si dovolil j\u00edt proti \u010dokol\u00e1dov\u00e9 hv\u011bzd\u011b, socialistovi a medi\u00e1ln\u00edmu mil\u00e1\u010dkovi. A pro\u010d je dnes naopak vyn\u00e1\u0161en do nebe? Proto\u017ee v&nbsp;posledn\u00edch letech \u0161el proti medi\u00e1ln\u00edmu otlouk\u00e1nkovi, liber\u00e1ln\u00ed levic\u00ed nen\u00e1vid\u011bn\u00e9mu Donaldu Trumpovi. Nen\u00e1vid\u011bl ho natolik, \u017ee se nechal na hlasov\u00e1n\u00ed p\u0159iv\u00e9zt z&nbsp;nemocnice, aby mu zabr\u00e1nil zru\u0161it Obam\u016fv syst\u00e9m zdravotn\u00edho poji\u0161t\u011bn\u00ed, kter\u00fd p\u0159itom s\u00e1m kritizoval. Prost\u011b Trumpovi za\u0161kva\u0159it. Jak jednoduch\u00e9. M\u016f\u017eete b\u00fdt i \u010f\u00e1blem, ale kdy\u017e za\u00fato\u010d\u00edte na Trumpa, stanete se v&nbsp;o\u010d\u00edch na\u0161ich (i americk\u00fdch) m\u00e9di\u00ed and\u011blem. A naopak. Podpo\u0159\u00edte ho, budete ko\u0148sk\u00fdm ohonem.<\/p>\n<p>\u017de smrt a poh\u0159eb nen\u00ed vkusnou p\u0159\u00edle\u017eitost\u00ed k&nbsp;p\u0159\u00edsp\u011bvku na t\u00e9ma prezident Trump? McCainova dcera Meghan si to nemysl\u00ed, ta v&nbsp;otcov\u011b duchu k&nbsp;r\u00fdpnut\u00ed si do americk\u00e9ho prezidenta vyu\u017eila i svou poh\u0159ebn\u00ed \u0159e\u010d.<\/p>\n<p>P\u0159ed deseti lety jsem spolu s&nbsp;v\u00e1mi, mil\u00ed novin\u00e1\u0159i, na McCaina neplival, dnes ho spolu s&nbsp;v\u00e1mi nemus\u00edm vyn\u00e1\u0161et do nebe.<\/p>\n","protected":false},"excerpt":{"rendered":"<p>V&nbsp;ciz\u00ed zemi um\u0159el poslanec. A v&nbsp;\u010desk\u00fdch m\u00e9di\u00edch (i na politick\u00e9 sc\u00e9n\u011b) to vypadalo, \u017ee tu snad m\u00e1me n\u00e1\u0161 dom\u00e1c\u00ed st\u00e1tn\u00ed poh\u0159eb.<\/p>\n","protected":false},"author":1,"featured_media":0,"comment_status":"open","ping_status":"open","sticky":false,"template":"","format":"standard","meta":{"ngg_post_thumbnail":0,"footnotes":""},"categories":[22,1],"tags":[],"class_list":["post-9207","post","type-post","status-publish","format-standard","hentry","category-jakl-senator","category-publikovane-clanky"],"_links":{"self":[{"href":"https:\/\/www.ladislavjakl.cz\/index.php?rest_route=\/wp\/v2\/posts\/9207","targetHints":{"allow":["GET"]}}],"collection":[{"href":"https:\/\/www.ladislavjakl.cz\/index.php?rest_route=\/wp\/v2\/posts"}],"about":[{"href":"https:\/\/www.ladislavjakl.cz\/index.php?rest_route=\/wp\/v2\/types\/post"}],"author":[{"embeddable":true,"href":"https:\/\/www.ladislavjakl.cz\/index.php?rest_route=\/wp\/v2\/users\/1"}],"replies":[{"embeddable":true,"href":"https:\/\/www.ladislavjakl.cz\/index.php?rest_route=%2Fwp%2Fv2%2Fcomments&post=9207"}],"version-history":[{"count":1,"href":"https:\/\/www.ladislavjakl.cz\/index.php?rest_route=\/wp\/v2\/posts\/9207\/revisions"}],"predecessor-version":[{"id":9208,"href":"https:\/\/www.ladislavjakl.cz\/index.php?rest_route=\/wp\/v2\/posts\/9207\/revisions\/9208"}],"wp:attachment":[{"href":"https:\/\/www.ladislavjakl.cz\/index.php?rest_route=%2Fwp%2Fv2%2Fmedia&parent=9207"}],"wp:term":[{"taxonomy":"category","embeddable":true,"href":"https:\/\/www.ladislavjakl.cz\/index.php?rest_route=%2Fwp%2Fv2%2Fcategories&post=9207"},{"taxonomy":"post_tag","embeddable":true,"href":"https:\/\/www.ladislavjakl.cz\/index.php?rest_route=%2Fwp%2Fv2%2Ftags&post=9207"}],"curies":[{"name":"wp","href":"https:\/\/api.w.org\/{rel}","templated":true}]}}