{"id":9209,"date":"2018-09-05T13:18:55","date_gmt":"2018-09-05T11:18:55","guid":{"rendered":"http:\/\/www.ladislavjakl.cz\/?p=9209"},"modified":"2018-09-05T13:18:55","modified_gmt":"2018-09-05T11:18:55","slug":"jakl-uderil-na-doktora-ktery-proti-nemu-kandiduje-za-babise-a-vytahl-neco-opravdu-neprijemneho","status":"publish","type":"post","link":"https:\/\/www.ladislavjakl.cz\/?p=9209","title":{"rendered":"Jakl ude\u0159il na doktora, kter\u00fd proti n\u011bmu kandiduje za Babi\u0161e. A vyt\u00e1hl n\u011bco opravdu nep\u0159\u00edjemn\u00e9ho"},"content":{"rendered":"<p>Kandid\u00e1t na post sen\u00e1tora Ladislav Jakl vyrazil do \u00fatoku. Ude\u0159il na sv\u00e9ho protikandid\u00e1ta na Praze 2 Romana Kereke\u0161e. L\u00e9ka\u0159 Kereke\u0161 kandiduje za hnut\u00ed ANO a zd\u00e1 se, \u017ee Jakl mu nehodl\u00e1 nechat nic zadarmo. Voli\u010d\u016fm i kandid\u00e1t\u016fm p\u0159ipomn\u011bl, \u017ee sen\u00e1tor by m\u011bl m\u00edt n\u011bjak\u00e9 politick\u00e9 n\u00e1zory. Tedy pokud v\u00e1m \u0161\u00e9f hnut\u00ed ANO a premi\u00e9r Andrej Babi\u0161 nediktuje, co byste m\u011bli \u0159\u00edkat.<\/p>\n<p><!--more--><\/p>\n<p>N\u011bkdej\u0161\u00ed spolupracovn\u00edk exprezidenta V\u00e1clava Klause Ladislav Jakl se rozhodl kandidovat na Praze 2 do Sen\u00e1tu. Za hnut\u00ed Svoboda a p\u0159\u00edm\u00e1 demokracie Tomia Okamury (SPD). Navzdory tomu, \u017ee m\u00e1 ODS na Praze 2 vlastn\u00edho kandid\u00e1ta, poslanec ob\u010dansk\u00fdch demokrat\u016f V\u00e1clav Klaus mlad\u0161\u00ed podpo\u0159il pr\u00e1v\u011b Jakla. To v\u0161echno u\u017e je obecn\u011b zn\u00e1m\u00e9.<\/p>\n<p>Jakl tak\u00e9 nazna\u010dil, jak bude v sen\u00e1tn\u00ed kampani postupovat. Kandid\u00e1t\u016fm i voli\u010d\u016fm p\u0159ipomn\u011bl, \u017ee sen\u00e1to\u0159i rozhoduj\u00ed o politick\u00fdch t\u00e9matech a ti, kdo cht\u011bj\u00ed vstoupit do Sen\u00e1tu, by m\u011bli m\u00edt n\u011bjak\u00e9 politick\u00e9 n\u00e1zory. A m\u011bli by je p\u0159edlo\u017eit ve\u0159ejnosti je\u0161t\u011b p\u0159ed sv\u00fdm zvolen\u00edm. Jakl podot\u00fdk\u00e1, \u017ee kdy\u017e chcete do Sen\u00e1tu, nesta\u010d\u00ed \u0159\u00edkat, \u017ee budete \u201est\u00e1t \u0159\u00eddit jako firmu\u201c.&nbsp;<\/p>\n<p>\u201eSen\u00e1to\u0159i nejsou od toho, aby n\u011bco \u0159\u00eddili. Nejsou sou\u010d\u00e1st\u00ed v\u00fdkonn\u00e9 moci. Jsou od toho, aby schvalovali (a zam\u00edtali) z\u00e1kony. Ne pouze z oboru zdravotnictv\u00ed, ze v\u0161ech obor\u016f. A pokud z nich nemaj\u00ed b\u00fdt hlasovac\u00ed loutky, pot\u0159ebuj\u00ed m\u00edt n\u011bjak\u00e9 celistv\u00e9 n\u00e1zory, politick\u00e9 n\u00e1zory, n\u00e1zory na vztah st\u00e1tu a jednotlivce. \u017d\u00e1dn\u00e9 takov\u00e9 n\u00e1zory \u010di postoje pan Kereke\u0161 nem\u00e1. Nikdy na toto t\u00e9ma nic nenapsal \u010di nepronesl. Asi po\u010d\u00edt\u00e1 s t\u00edm, \u017ee v p\u0159\u00edpad\u011b sv\u00e9ho zvolen\u00ed dostane noty z Agrofertu,\u201c napsal Jakl.<\/p>\n<ul>\n<li><strong><a href=\"https:\/\/www.parlamentnilisty.cz\/arena\/nazory-a-petice\/Ladislav-Jakl-Babisuv-doktor-by-rad-ridil-a-nechal-se-ridit-549971?nocache=1\" target=\"_blank\" rel=\"noopener\">Cel\u00e9 vyj\u00e1d\u0159en\u00ed naleznete zde<\/a><\/strong><\/li>\n<\/ul>\n<p>Nemluv\u011b o tom, \u017ee pacienti pana doktora p\u0159\u00edli\u0161 nechv\u00e1l\u00ed. Jakl se dovol\u00e1v\u00e1 hodnocen\u00ed l\u00e9ka\u0159\u016f na serveru Zn\u00e1m\u00fd l\u00e9ka\u0159.cz, kde lid\u00e9 v\u011bt\u0161inou vyjad\u0159uj\u00ed negativn\u00ed zku\u0161enosti s t\u00edmto l\u00e9ka\u0159em.<\/p>\n<p>\u201eVelmi negativn\u00ed zku\u0161enost s t\u00edmto l\u00e9ka\u0159em. L\u00e9ky na srdce, kter\u00e9 mi dosud ordinoval jin\u00fd l\u00e9ka\u0159, mi tento doporu\u010dil neu\u017e\u00edvat a napsal mi jin\u00e9 \u2013 s vy\u0161\u0161\u00edm doplatkem, teprve magistra v l\u00e9k\u00e1rn\u011b mi sd\u011blila, \u017ee \u00fa\u010dinn\u00e1 l\u00e1tka je \u00fapln\u011b stejn\u00e1 jako u t\u011bch p\u016fvodn\u00edch l\u00e9k\u016f a \u017ee bohu\u017eel nejsem prvn\u00ed p\u0159\u00edpad s receptem od tohoto doktora. L\u00e9ka\u0159 m\u011b pot\u00e9 vy\u0161et\u0159il jen ledabyle \u2013 o zm\u011b\u0159en\u00ed tlaku jsem ho musela dokonce prosit (m\u00e1m vysok\u00fd tlak a v\u017edy mi ho l\u00e9ka\u0159i kontroluj\u00ed). Pan doktor m\u011b d\u00e1le ji\u017e o ni\u010dem neinformoval, jen st\u00e1le opakoval, \u017ee je dobr\u00e9 p\u0159i probl\u00e9mech se srdcem zdrav\u011b j\u00edst a hodn\u011b sp\u00e1t a tak\u00e9 trochu cvi\u010dit&#8230; To\u0165 v\u011bru objevn\u00e9&#8230; Mo\u017en\u00e1 v\u0161ak n\u011bkomu srdce posko\u010d\u00ed radost\u00ed nad dechberouc\u00ed n\u00e1dherou neot\u0159ele za\u0159\u00edzen\u00e9 ordinace p\u0159ipom\u00ednaj\u00edc\u00ed krematorium, \u010di ob\u0159\u00ed fotografi\u00ed sm\u011bj\u00edc\u00edho se specialisty v \u010dek\u00e1rn\u011b. &nbsp;D\u011bkuji, ji\u017e nikdy v\u00edce!\u201c napsala jedna z diskutuj\u00edc\u00edch.<\/p>\n<p><a href=\"https:\/\/www.parlamentnilisty.cz\/arena\/monitor\/Jakl-uderil-na-doktora-ktery-proti-nemu-kandiduje-za-Babise-A-vytahl-neco-opravdu-neprijemneho-550186\">Zdroj<\/a><\/p>\n","protected":false},"excerpt":{"rendered":"<p>Kandid\u00e1t na post sen\u00e1tora Ladislav Jakl vyrazil do \u00fatoku. Ude\u0159il na sv\u00e9ho protikandid\u00e1ta na Praze 2 Romana Kereke\u0161e. L\u00e9ka\u0159 Kereke\u0161 kandiduje za hnut\u00ed ANO a zd\u00e1 se, \u017ee Jakl mu nehodl\u00e1 nechat nic zadarmo. Voli\u010d\u016fm i kandid\u00e1t\u016fm p\u0159ipomn\u011bl, \u017ee sen\u00e1tor by m\u011bl m\u00edt n\u011bjak\u00e9 politick\u00e9 n\u00e1zory. Tedy pokud v\u00e1m \u0161\u00e9f hnut\u00ed ANO a premi\u00e9r Andrej [&hellip;]<\/p>\n","protected":false},"author":1,"featured_media":0,"comment_status":"open","ping_status":"open","sticky":false,"template":"","format":"standard","meta":{"ngg_post_thumbnail":0,"footnotes":""},"categories":[11],"tags":[],"class_list":["post-9209","post","type-post","status-publish","format-standard","hentry","category-ozvena"],"_links":{"self":[{"href":"https:\/\/www.ladislavjakl.cz\/index.php?rest_route=\/wp\/v2\/posts\/9209","targetHints":{"allow":["GET"]}}],"collection":[{"href":"https:\/\/www.ladislavjakl.cz\/index.php?rest_route=\/wp\/v2\/posts"}],"about":[{"href":"https:\/\/www.ladislavjakl.cz\/index.php?rest_route=\/wp\/v2\/types\/post"}],"author":[{"embeddable":true,"href":"https:\/\/www.ladislavjakl.cz\/index.php?rest_route=\/wp\/v2\/users\/1"}],"replies":[{"embeddable":true,"href":"https:\/\/www.ladislavjakl.cz\/index.php?rest_route=%2Fwp%2Fv2%2Fcomments&post=9209"}],"version-history":[{"count":1,"href":"https:\/\/www.ladislavjakl.cz\/index.php?rest_route=\/wp\/v2\/posts\/9209\/revisions"}],"predecessor-version":[{"id":9210,"href":"https:\/\/www.ladislavjakl.cz\/index.php?rest_route=\/wp\/v2\/posts\/9209\/revisions\/9210"}],"wp:attachment":[{"href":"https:\/\/www.ladislavjakl.cz\/index.php?rest_route=%2Fwp%2Fv2%2Fmedia&parent=9209"}],"wp:term":[{"taxonomy":"category","embeddable":true,"href":"https:\/\/www.ladislavjakl.cz\/index.php?rest_route=%2Fwp%2Fv2%2Fcategories&post=9209"},{"taxonomy":"post_tag","embeddable":true,"href":"https:\/\/www.ladislavjakl.cz\/index.php?rest_route=%2Fwp%2Fv2%2Ftags&post=9209"}],"curies":[{"name":"wp","href":"https:\/\/api.w.org\/{rel}","templated":true}]}}