{"id":9211,"date":"2018-09-05T13:20:43","date_gmt":"2018-09-05T11:20:43","guid":{"rendered":"http:\/\/www.ladislavjakl.cz\/?p=9211"},"modified":"2018-09-05T13:20:43","modified_gmt":"2018-09-05T11:20:43","slug":"okamuruv-domecek-sef-spd-znasilnil-hru-clovece-nezlob-se-nesetril-ani-piraty","status":"publish","type":"post","link":"https:\/\/www.ladislavjakl.cz\/?p=9211","title":{"rendered":"Okamur\u016fv dome\u010dek: \u0160\u00e9f SPD \u201ezn\u00e1silnil\u201c hru \u010clov\u011b\u010de, nezlob se! Ne\u0161et\u0159il ani Pir\u00e1ty!"},"content":{"rendered":"<p>Sen\u00e1tn\u00ed a komun\u00e1ln\u00ed volby jsou za dve\u0159mi a politick\u00e9 strany d\u011blaj\u00ed v\u0161echno pro to, aby z\u00edskaly voli\u010de na svou stranu. \u0160\u00e9f SPD Tomio Okamura na str\u00e1nk\u00e1ch listu Na vlastn\u00ed o\u010di mimo jin\u00e9 zve ke h\u0159e Okamur\u016fv dome\u010dek, kde hlavn\u00ed cenou je \u201ep\u0159\u00edjemn\u00e1 ve\u010de\u0159e\u201c s n\u00edm sam\u00fdm. Krom\u011b toho se nevyb\u00edrav\u011b pustil do Pir\u00e1t\u016f, kter\u00e9 vin\u00ed z \u00fatok\u016f dla\u017eebn\u00edmi kostkami, z\u00e1paln\u00fdmi lahvemi a ze zastra\u0161ov\u00e1n\u00ed.<\/p>\n<p><!--more--><br \/>\n\u201eNenechme si ukr\u00e1st na\u0161e m\u011bsto! Uchov\u00e1vat d\u011bdictv\u00ed a tradice sv\u00e9ho n\u00e1roda, b\u00fdt na n\u011bj hrd\u00fd, to je nejen spr\u00e1vn\u00e9. Je to prost\u011b a oby\u010dejn\u011b norm\u00e1ln\u00ed,\u201c h\u0159\u00edm\u00e1 Tomio Okamura. \u201eJsme odp\u016frci centrismu, kter\u00fd dnes p\u0159edstavuje bruselsk\u00e9 veden\u00ed Evropsk\u00e9 unie,\u201c \u0159\u00edk\u00e1.<\/p>\n<p>\u0160\u00e9f strany Svoboda a p\u0159\u00edm\u00e1 demokracie jde ale je\u0161t\u011b d\u00e1l. Neboj\u00ed se dokonce ani paralely s n\u011bmeck\u00fdm nacismem a fa\u0161ismem, kdy bylo c\u00edlem unifikovat celou Evropu a vytvo\u0159it velkou evropskou \u0159\u00ed\u0161i s jednou ideologi\u00ed a jedn\u00edm v\u016fdcem.<\/p>\n<p>Sm\u00ed\u0159liv\u011bj\u0161\u00ed tv\u00e1\u0159 pak Okamura nasazuje v rubrice Okamur\u016fv dome\u010dek, kter\u00e1 je d\u011bsivou variac\u00ed na obl\u00edbenou hru \u010clov\u011b\u010de, nezlob se. V tomto p\u0159\u00edpad\u011b je to naopak, \u010dten\u00e1\u0159 mus\u00ed nab\u00fdt dojmu, \u017ee Praha je hotov\u00fdm Sherwoodem, kde na ka\u017ed\u00e9m kroku \u010d\u00edh\u00e1 nebezpe\u010d\u00ed, zakuklenci a migranti, kte\u0159\u00ed si stav\u00ed na Kula\u0165\u00e1ku stanov\u00e9 m\u011bste\u010dko.<\/p>\n<p>\u201eZahrajte si hru, nahrajte video a po\u0161lete n\u00e1m ho,\u201c vyz\u00fdv\u00e1 Tomio, kter\u00fd upozor\u0148uje, \u017ee hlavn\u00ed cenou je ve\u010de\u0159e s n\u00edm sam\u00fdm.<\/p>\n<p>L\u00edbivou politiku ale nevydr\u017eel hr\u00e1t dlouho. Hned na dal\u0161\u00ed stran\u011b u\u017e oso\u010duje Pir\u00e1ty z velmi nevyb\u00edrav\u00fdch praktik p\u0159edvolebn\u00edho boje. \u201eZni\u010den\u00e9 billboardy, dla\u017eebn\u00ed kostky, v\u00fdhr\u016f\u017eky&#8230;\u201c<\/p>\n<p>\u010clov\u011bk by z toho nabyl dojmu, \u017ee Pir\u00e1ti nejsou parlamentn\u00ed politickou stranu, ale najat\u00fdmi \u017eold\u00e1ky, kte\u0159\u00ed se ne\u0161t\u00edt\u00ed ni\u010deho a i hnut\u00ed T\u00e1lib\u00e1n se jich boj\u00ed jak \u010dert k\u0159\u00ed\u017ee.<br \/>\n\u201ePir\u00e1ti byli pln\u011b nasazeni v \u010cesku pot\u00e9, co Zelen\u00ed odum\u0159eli a lid\u00e9 p\u0159estali v\u011b\u0159it TOP 09,\u201c p\u00ed\u0161e se v listu. Napojen\u00ed maj\u00ed b\u00fdt na miliard\u00e1\u0159e George Sorose a jejich c\u00edlem je z\u0159ejm\u011b rozvr\u00e1tit v\u0161e, na co p\u0159ijdou.<\/p>\n<p>Na\u0161t\u011bst\u00ed ne v\u0161ichni z SPD podlehli r\u00e9torice sv\u00e9ho guru, kter\u00fd hl\u00e1s\u00e1 hlavn\u011b strach ze v\u0161eho, co nen\u00ed p\u0159elepeno logem strany. Najdou se i tac\u00ed, kte\u0159\u00ed jdou na voli\u010de humorem. \u201eNevlastn\u00edm byt, d\u016fm, chalupu, pozemky ani pod\u00edly ve firm\u00e1ch. Nejcenn\u011bj\u0161\u00edm majetkem je dvaadvacet let star\u00e1 kytara a \u010dtrn\u00e1ct let star\u00e1 octavia,\u201c vyzn\u00e1v\u00e1 se Ladislav Jakl z toho, \u017ee nen\u00ed \u017e\u00e1dn\u00fd hrabivec.<\/p>\n<p>Opravdu zaj\u00edmav\u00e9 po\u010dten\u00ed, jen co je pravda. I kdy\u017e nenajdete toho sv\u00e9ho kandid\u00e1ta, nezoufejte. Novinov\u00fdm pap\u00edrem se toti\u017e skv\u011ble le\u0161t\u00ed umyt\u00e1 okna, tak na to p\u0159i podzimn\u00edm \u00faklidu myslete&#8230;<\/p>\n<p><a href=\"https:\/\/www.expres.cz\/tomio-okamura-spd-clovece-nezlob-se-pirati-kampan-f7n-\/zpravy.aspx?c=A180904_130644_dx-zpravy_vlt\">Zdroj<\/a><\/p>\n","protected":false},"excerpt":{"rendered":"<p>Sen\u00e1tn\u00ed a komun\u00e1ln\u00ed volby jsou za dve\u0159mi a politick\u00e9 strany d\u011blaj\u00ed v\u0161echno pro to, aby z\u00edskaly voli\u010de na svou stranu. \u0160\u00e9f SPD Tomio Okamura na str\u00e1nk\u00e1ch listu Na vlastn\u00ed o\u010di mimo jin\u00e9 zve ke h\u0159e Okamur\u016fv dome\u010dek, kde hlavn\u00ed cenou je \u201ep\u0159\u00edjemn\u00e1 ve\u010de\u0159e\u201c s n\u00edm sam\u00fdm. Krom\u011b toho se nevyb\u00edrav\u011b pustil do Pir\u00e1t\u016f, kter\u00e9 vin\u00ed [&hellip;]<\/p>\n","protected":false},"author":1,"featured_media":0,"comment_status":"open","ping_status":"open","sticky":false,"template":"","format":"standard","meta":{"ngg_post_thumbnail":0,"footnotes":""},"categories":[11],"tags":[],"class_list":["post-9211","post","type-post","status-publish","format-standard","hentry","category-ozvena"],"_links":{"self":[{"href":"https:\/\/www.ladislavjakl.cz\/index.php?rest_route=\/wp\/v2\/posts\/9211","targetHints":{"allow":["GET"]}}],"collection":[{"href":"https:\/\/www.ladislavjakl.cz\/index.php?rest_route=\/wp\/v2\/posts"}],"about":[{"href":"https:\/\/www.ladislavjakl.cz\/index.php?rest_route=\/wp\/v2\/types\/post"}],"author":[{"embeddable":true,"href":"https:\/\/www.ladislavjakl.cz\/index.php?rest_route=\/wp\/v2\/users\/1"}],"replies":[{"embeddable":true,"href":"https:\/\/www.ladislavjakl.cz\/index.php?rest_route=%2Fwp%2Fv2%2Fcomments&post=9211"}],"version-history":[{"count":1,"href":"https:\/\/www.ladislavjakl.cz\/index.php?rest_route=\/wp\/v2\/posts\/9211\/revisions"}],"predecessor-version":[{"id":9212,"href":"https:\/\/www.ladislavjakl.cz\/index.php?rest_route=\/wp\/v2\/posts\/9211\/revisions\/9212"}],"wp:attachment":[{"href":"https:\/\/www.ladislavjakl.cz\/index.php?rest_route=%2Fwp%2Fv2%2Fmedia&parent=9211"}],"wp:term":[{"taxonomy":"category","embeddable":true,"href":"https:\/\/www.ladislavjakl.cz\/index.php?rest_route=%2Fwp%2Fv2%2Fcategories&post=9211"},{"taxonomy":"post_tag","embeddable":true,"href":"https:\/\/www.ladislavjakl.cz\/index.php?rest_route=%2Fwp%2Fv2%2Ftags&post=9211"}],"curies":[{"name":"wp","href":"https:\/\/api.w.org\/{rel}","templated":true}]}}