{"id":922,"date":"2011-04-19T13:53:31","date_gmt":"2011-04-19T12:53:31","guid":{"rendered":"http:\/\/www.ladislavjakl.cz\/?p=922"},"modified":"2011-04-19T13:53:31","modified_gmt":"2011-04-19T12:53:31","slug":"klaus-je-nadeji-pro-veci-verejne-prebehliky-netoleruje","status":"publish","type":"post","link":"https:\/\/www.ladislavjakl.cz\/?p=922","title":{"rendered":"Klaus je nad\u011bj\u00ed pro V\u011bci ve\u0159ejn\u00e9 &#8211; P\u0159eb\u011bhl\u00edky netoleruje!"},"content":{"rendered":"<p>Nov\u00e1 p\u0159edsedkyn\u011b poslanc\u016f VV Karol\u00edna Peake m\u00edn\u00ed, \u017ee situace mezi koali\u010dn\u00edmi partnery je natolik vyhrocen\u00e1, \u017ee by m\u011bl zas\u00e1hnout V\u00e1clav Klaus. Rozhodne-li se prezident v \u0159e\u0161en\u00ed koali\u010dn\u00ed krize anga\u017eovat, ministr Dobe\u0161 v\u011b\u0159\u00ed, \u017ee by to pomohlo. Informuj\u00ed o tom pond\u011bln\u00ed Hospod\u00e1\u0159sk\u00e9 noviny.<\/p>\n<p><!--more--><\/p>\n<p>L\u00edd\u0159i V\u011bc\u00ed ve\u0159ejn\u00fdch maj\u00ed pravd\u011bpodobn\u011b velmi dobr\u00e9 informace o tom, co se na Hrad\u011b chyst\u00e1. Krom\u011b Dobe\u0161e, jemu\u017e d\u011bla Klaus\u016fv syn poradce, je cennou spojkou poslanec Petr Skokan. Ten byl do roku 2008 libereck\u00fdm hejtmanem za ODS a v\u017edy pat\u0159il mezi v\u011brn\u00e9 spolupracovn\u00edky V\u00e1clava Klause. Pan prezident se z titulu sv\u00e9 funkce mus\u00ed zaj\u00edmat o to, jak\u00e1 bude vl\u00e1da, kterou m\u00e1 jmenovat. Otv\u00edr\u00e1 se mu tak man\u00e9vrovac\u00ed prostor, kter\u00fd jist\u011b vyu\u017eije. On r\u00e1d \u0159e\u0161\u00ed r\u016fzn\u00e9 krize,&#8220; odpov\u011bd\u011bl Skokan, a ani\u017e by to rozvedl do detail\u016f, potvrdil, \u017ee je v kontaktu s Klausem a lidmi v jeho okol\u00ed.<\/p>\n<p>Tomu, \u017ee mezi b\u00fdval\u00fdm p\u0159edsedou ODS a nejmen\u0161\u00ed vl\u00e1dn\u00ed stranou panuje souzn\u011bn\u00ed, t\u00e9\u017e nasv\u011bd\u010duje e-mail, kter\u00fd VV rozeslaly v\u010dera ve\u010der sv\u00fdm p\u0159\u00edznivc\u016fm. Obsahuje vyj\u00e1d\u0159en\u00ed prezidentova tajemn\u00edka Ladislava Jakla: &#8222;Na \u010detn\u00e9 dotazy m\u00e9di\u00ed, zda lze z\u00edtra \u010dekat od pana prezidenta n\u011bjak\u00e9 dal\u0161\u00ed kroky, mohu \u0159\u00edci, \u017ee za posledn\u00ed dva dny neprob\u011bhl od premi\u00e9ra \u017e\u00e1dn\u00fd kontakt. Rozhodn\u011b nelze \u010dekat, \u017ee prezident p\u0159ijme p\u011bt let starou hru na p\u0159eb\u011bhl\u00edky.&#8220;<\/p>\n<p>Vzkaz Petru Ne\u010dasovi je jasn\u00fd: Jestli\u017ee chcete odvolat ministry V\u011bc\u00ed ve\u0159ejn\u00fdch, mus\u00edte m\u00edt dob\u0159e p\u0159ichystan\u00fd pl\u00e1n B, \u017e\u00e1dn\u00e9 p\u0159etahov\u00e1n\u00ed nespokojen\u00fdch poslanc\u016f. ODS a TOP 09 se ob\u00e1vaj\u00ed, \u017ee Klaus bude s obm\u011bnou vl\u00e1dy d\u011blat pot\u00ed\u017ee. T\u0159eba t\u00edm, \u017ee odvol\u00e1n\u00ed ministr\u016f, kter\u00e9 by mu m\u011bl dnes Ne\u010das p\u0159in\u00e9st, nep\u0159ijme hned. Nebo \u017ee si na n\u011b najde \u010das pozd\u011bji.<\/p>\n<p>&#8222;Pan prezident by mohl zp\u016fsobit velkou politickou krizi,&#8220; \u0159ekl \u0161\u00e9f poslanc\u016f TOP 09 Petr Gazd\u00edk a vzk\u00e1zal Hradu, aby nebrzdil odst\u0159ih\u00e1v\u00e1n\u00ed ABL od moci. ODS tvrd\u00ed tot\u00e9\u017e, ale rad\u011bji pod rou\u0161kou anonymity.<\/p>\n<p><a href=\"http:\/\/domaci.eurozpravy.cz\/politika\/25943-klaus-je-nadeji-pro-veci-verejne-prebehliky-netoleruje\/\" target=\"_blank\">Zdroj<\/a><\/p>\n","protected":false},"excerpt":{"rendered":"<p>Nov\u00e1 p\u0159edsedkyn\u011b poslanc\u016f VV Karol\u00edna Peake m\u00edn\u00ed, \u017ee situace mezi koali\u010dn\u00edmi partnery je natolik vyhrocen\u00e1, \u017ee by m\u011bl zas\u00e1hnout V\u00e1clav Klaus. Rozhodne-li se prezident v \u0159e\u0161en\u00ed koali\u010dn\u00ed krize anga\u017eovat, ministr Dobe\u0161 v\u011b\u0159\u00ed, \u017ee by to pomohlo. Informuj\u00ed o tom pond\u011bln\u00ed Hospod\u00e1\u0159sk\u00e9 noviny.<\/p>\n","protected":false},"author":1,"featured_media":0,"comment_status":"open","ping_status":"open","sticky":false,"template":"","format":"standard","meta":{"ngg_post_thumbnail":0,"footnotes":""},"categories":[11],"tags":[],"class_list":["post-922","post","type-post","status-publish","format-standard","hentry","category-ozvena"],"_links":{"self":[{"href":"https:\/\/www.ladislavjakl.cz\/index.php?rest_route=\/wp\/v2\/posts\/922","targetHints":{"allow":["GET"]}}],"collection":[{"href":"https:\/\/www.ladislavjakl.cz\/index.php?rest_route=\/wp\/v2\/posts"}],"about":[{"href":"https:\/\/www.ladislavjakl.cz\/index.php?rest_route=\/wp\/v2\/types\/post"}],"author":[{"embeddable":true,"href":"https:\/\/www.ladislavjakl.cz\/index.php?rest_route=\/wp\/v2\/users\/1"}],"replies":[{"embeddable":true,"href":"https:\/\/www.ladislavjakl.cz\/index.php?rest_route=%2Fwp%2Fv2%2Fcomments&post=922"}],"version-history":[{"count":2,"href":"https:\/\/www.ladislavjakl.cz\/index.php?rest_route=\/wp\/v2\/posts\/922\/revisions"}],"predecessor-version":[{"id":924,"href":"https:\/\/www.ladislavjakl.cz\/index.php?rest_route=\/wp\/v2\/posts\/922\/revisions\/924"}],"wp:attachment":[{"href":"https:\/\/www.ladislavjakl.cz\/index.php?rest_route=%2Fwp%2Fv2%2Fmedia&parent=922"}],"wp:term":[{"taxonomy":"category","embeddable":true,"href":"https:\/\/www.ladislavjakl.cz\/index.php?rest_route=%2Fwp%2Fv2%2Fcategories&post=922"},{"taxonomy":"post_tag","embeddable":true,"href":"https:\/\/www.ladislavjakl.cz\/index.php?rest_route=%2Fwp%2Fv2%2Ftags&post=922"}],"curies":[{"name":"wp","href":"https:\/\/api.w.org\/{rel}","templated":true}]}}