{"id":9233,"date":"2018-09-12T13:58:18","date_gmt":"2018-09-12T11:58:18","guid":{"rendered":"http:\/\/www.ladislavjakl.cz\/?p=9233"},"modified":"2018-09-12T13:58:18","modified_gmt":"2018-09-12T11:58:18","slug":"at-svobodu-slova-na-socialnich-sitich-chrani-novy-zakon-navrhuje-klaus","status":"publish","type":"post","link":"https:\/\/www.ladislavjakl.cz\/?p=9233","title":{"rendered":"A\u0165 svobodu slova na soci\u00e1ln\u00edch s\u00edt\u00edch chr\u00e1n\u00ed nov\u00fd z\u00e1kon, navrhuje Klaus"},"content":{"rendered":"<p>\u201eKdo je soudce? A kdo ur\u010d\u00ed hranici mezi svobodou slova a nen\u00e1vist\u00ed?\u201c t\u00e1zal se Ji\u0159\u00ed Kobza z hnut\u00ed SPD Tomia Okamury, kter\u00e9 zorganizovalo semin\u00e1\u0159 s n\u00e1zvem Svoboda projevu a pr\u00e1vo ob\u010dana na pravdu. K \u0159e\u010dn\u00edk\u016fm pat\u0159il Petr \u017dantovsk\u00fd, Ladislav Jakl \u010di V\u00e1clav Klaus mlad\u0161\u00ed. Ten na semin\u00e1\u0159i ozn\u00e1mil, \u017ee pod\u00e1 n\u00e1vrh z\u00e1kona, kter\u00fd zaru\u010d\u00ed svobodu slova na soci\u00e1ln\u00edch s\u00edt\u00edch.<br \/>\n<!--more--><\/p>\n<p><img loading=\"lazy\" decoding=\"async\" class=\"block\" title=\"V\u00e1clav Klaus ml. v \u0159\u00edjnu 2017\" src=\"https:\/\/1gr.cz\/fotky\/idnes\/18\/083\/r7\/JB757f5b_923_82385727.jpg\" alt=\"V\u00e1clav Klaus ml. v \u0159\u00edjnu 2017\" width=\"450\" height=\"253\"><\/p>\n<p>Podle poslance Ji\u0159\u00edho Kobzy se dost\u00e1v\u00e1 ot\u00e1zka svobody slova a ochrany svobody projevu \u010d\u00edm d\u00e1l t\u00edm v\u00edc do pop\u0159ed\u00ed. \u201ePozvali jsme proto odborn\u00edky z&nbsp;medi\u00e1ln\u00ed oblasti, kte\u0159\u00ed n\u00e1m \u0159eknou, co si o tom mysl\u00ed,\u201c zah\u00e1jil&nbsp;akci&nbsp;Kobza a vyzval prvn\u00edho \u0159e\u010dn\u00edka Tomia Okamuru (SPD).&nbsp;<\/p>\n<p>\u201eV prv\u00e9 \u0159ad\u011b si dovol\u00edm pod\u011bkovat osudu, \u017ee navzdory sou\u010dasn\u00fdm neomarxistick\u00fdm tendenc\u00edm mohu je\u0161t\u011b st\u00e1le oslovovat d\u00e1my jako d\u00e1my a p\u00e1ny jako p\u00e1ny,\u201c zah\u00e1jil proslov Okamura.&nbsp;\u201eZa\u017e\u00edv\u00e1me strm\u00fd p\u00e1d hodnot, na kter\u00e9 jsme byli po desetilet\u00ed zvykl\u00ed. Z\u00e1kladem jak\u00e9koliv svobody je svoboda slova. Cenzura do demokracie nepat\u0159\u00ed,\u201c mysl\u00ed si.&nbsp;<\/p>\n<p>\u201eSvoboda slova nen\u00ed svoboda lh\u00e1t,\u201c hl\u00e1s\u00e1 Okamura. P\u0159itom podle serveru Demagog.cz, kter\u00fd ov\u011b\u0159uje v\u00fdroky \u010desk\u00fdch politik\u016f, Okamura z 291 ov\u011b\u0159en\u00fdch v\u00fdrok\u016f \u0159ekl osmdes\u00e1tkr\u00e1t nepravdu.<\/p>\n<p>&nbsp;<\/p>\n<p>Podle Okamury je&nbsp;ve\u0159ejn\u00e9&nbsp;zpravodajstv\u00ed propagandou. Tvrd\u00ed, \u017ee ve\u0159ejnopr\u00e1vn\u00ed m\u00e9dia zneu\u017e\u00edvaj\u00ed svou moc k prosazov\u00e1n\u00ed jedin\u00e9ho n\u00e1zoru. \u201eVe ve\u0159ejn\u00e9m medi\u00e1ln\u00edm prostoru se nedebatuje o n\u00e1zoru Zemana, Babi\u0161e, Klause nebo Okamury, ale o tom, jac\u00ed jsou zm\u00edn\u011bn\u00ed lid\u00e9 n\u00e1zorov\u00ed zlo\u010dinci,\u201c tvrd\u00ed.&nbsp;<\/p>\n<p>Dal\u0161\u00edm diskutuj\u00edc\u00edm byl \u010dlen rady \u010cesk\u00e9 tiskov\u00e9&nbsp;kancel\u00e1\u0159e&nbsp;Petr \u017dantovsk\u00fd, kter\u00fd je velk\u00fdm kritikem \u010cesk\u00e9 televize.&nbsp;\u201eJe z\u0159ejm\u00e9, \u017ee v na\u0161\u00ed medi\u00e1ln\u00ed krajin\u011b je n\u011bco shnil\u00e9ho.&nbsp;Skute\u010dn\u011b pln\u00ed ve\u0159ejnopr\u00e1vn\u00ed m\u00e9dia svou \u00falohu, kdy\u017e je pot\u0159eba svol\u00e1vat konference jako je ta dne\u0161n\u00ed?\u201c ptal se \u017dantovsk\u00fd.<\/p>\n<p>V\u011bt\u0161ina \u0159e\u010dn\u00edk\u016f opakovala, \u017ee v na\u0161\u00ed zemi doch\u00e1z\u00ed k omezov\u00e1n\u00ed svobody n\u00e1zor\u016f. Shodli se, \u017ee jedn\u00edm z hlavn\u00edch vin\u00edk\u016f tohoto stavu je \u010cesk\u00e1 televize.&nbsp;<\/p>\n<p>Podle V\u00e1clava Klause mlad\u0161\u00edho (ODS) v 90. letech mohla televize vys\u00edlat, co cht\u011bla. To podle n\u011bj vybudovalo \u010deskou demokratickou&nbsp;spole\u010dnost. \u201eV&nbsp;posledn\u00ed dob\u011b v\u0161ak sledujeme pom\u011brn\u011b velk\u00e9 tlaky na svobodu slova a snahu ji omezit. Studenti by m\u011bli hlavn\u011b hodn\u011b \u010d\u00edst, studovat historii a matematiku. Potom dok\u00e1\u017eou rozeznat, co je a co nen\u00ed pravda. Kdy\u017e jim d\u00e1me u\u010ditele, kter\u00fd je bude vyu\u010dovat to, kdo l\u017ee a nel\u017ee, uk\u00e1\u017eeme jim cesty, kter\u00fdmi se vydaj\u00ed k totalit\u011b,\u201c mysl\u00ed si Klaus. &nbsp;<\/p>\n<h3 id=\"--zakon-chranici-svobodu-slova\" class=\"tit\">Z\u00e1kon chr\u00e1n\u00edc\u00ed svobodu slova<\/h3>\n<p>Klaus m\u00e1 v\u0161ak na omezov\u00e1n\u00ed svobody slova&nbsp;\u0159e\u0161en\u00ed. Podle sv\u00fdch slov spole\u010dn\u011b s pr\u00e1vn\u00edky p\u0159ipravuje z\u00e1kon, kter\u00fd zak\u00e1\u017ee soci\u00e1ln\u00edm s\u00edt\u00edm blokovat p\u0159\u00edsp\u011bvky krom\u011b t\u011bch, kter\u00e9 podporuj\u00ed genocidu. Argument, kter\u00fd hl\u00e1s\u00e1, \u017ee soci\u00e1ln\u00ed s\u00edt\u011b jsou soukrom\u00e9 spole\u010dnosti a tud\u00ed\u017e si jejich provozovatel m\u016f\u017ee d\u011blat co chce, Klaus nepodporuje. Za sv\u016fj projev sklidil potlesk a z publika n\u011bkdo zak\u0159i\u010del&nbsp;\u201eopakovat\u201c.&nbsp;<\/p>\n<p>Nen\u00ed to tak d\u00e1vno, co Klaus ve sv\u00e9m&nbsp;<a href=\"https:\/\/www.novinky.cz\/komentare\/469998-komentar-vydavani-novych-zakonu-je-stret-zajmu-se-zdravym-rozumem-vaclav-klaus-ml.html\" target=\"_blank\" rel=\"noopener\">koment\u00e1\u0159i<\/a>&nbsp;kritizoval po\u010det&nbsp;\u201enesmysln\u00fdch\u201c z\u00e1kon\u016f. Podle n\u011bj jich m\u00e1me moc a m\u011bly by se eliminovat a&nbsp;\u201enechat lidi \u017e\u00edt\u201c, jak s\u00e1m napsal.&nbsp;<\/p>\n<p>Podle dal\u0161\u00edho \u0159e\u010dn\u00edka, Ladislava Jakla (SPD), jsme sv\u011bdky institucionalizovan\u00e9ho omezov\u00e1n\u00ed svobody slova. \u201eN\u011bkdy m\u00e1m dojem, \u017ee n\u011bkter\u00e9 velk\u00e9 spole\u010densk\u00e9 krize v\u010detn\u011b t\u00e9 nejv\u00e1\u017en\u011bj\u0161\u00ed, byly um\u011ble vyvol\u00e1ny jenom proto, aby n\u00e1m mohli ut\u00e1hnout \u0161rouby,\u201c mysl\u00ed si Jakl.&nbsp;<\/p>\n<p>Na semin\u00e1\u0159i d\u00e1le vystoupili nap\u0159\u00edklad psychiatr Ivan David, politolog Pavel Hyn\u010dica nebo medi\u00e1ln\u00ed odborn\u00edk Jan Jir\u00e1k. Ve sv\u00e9m \u0159e\u010dnick\u00e9m p\u0159\u00edsp\u011bvku hovo\u0159il nap\u0159\u00edklad o v\u00fdvoji m\u00e9di\u00ed od p\u00e1du socialismu. Rovn\u011b\u017e p\u0159ipustil, \u017ee n\u011bkter\u00e1 vyj\u00e1d\u0159en\u00ed u\u017e z \u00favodn\u00edch projev\u016f Kobzy a Okamury by st\u00e1ly za koment\u00e1\u0159, kter\u00fd ale nerozvinul.&nbsp;<\/p>\n<h3 id=\"--hromadna-zaloba\" class=\"tit\">Hromadn\u00e1 \u017ealoba<\/h3>\n<p>Na z\u00e1v\u011br semin\u00e1\u0159e m\u011bla ve\u0159ejnost mo\u017enost se vyj\u00e1d\u0159it. \u201eJak si mysl\u00edte, \u017ee bychom bychom byli \u00fasp\u011b\u0161n\u00ed na hromadnou \u017ealobu na \u010ceskou televizi?\u201c ptal se mu\u017e z publika.&nbsp;\u201e\u010cesk\u00e1 televize n\u00e1m od r\u00e1na do ve\u010dera l\u017ee. Nemus\u00edme platit koncesion\u00e1\u0159sk\u00e9 poplatky, je to v z\u00e1kon\u011b,\u201c radil \u017dantovsk\u00fd.&nbsp;<\/p>\n<p>Silnou reakci publika vyvolal dotaz novin\u00e1\u0159ky Andrey Proch\u00e1zkov\u00e9 z t\u00fdden\u00edku Respekt. Ta se ptala na to, kde je hranice mezi nen\u00e1vist\u00ed a svobodou projevu a ocitovala tvrzen\u00ed Jaroslava Stan\u00edka z SPD:&nbsp;\u201eCik\u00e1ni a \u017did\u00e9 by se m\u011bli zplynovat, pom\u00e1h\u00e1n\u00ed cik\u00e1n\u016fm skon\u010dilo, bu**ranti a lesby jsou nemoc, m\u011bli by se st\u0159\u00edlet hned po narozen\u00ed.\u201c&nbsp; Proch\u00e1zkovou zaj\u00edmalo, pro\u010d se hnut\u00ed SPD od t\u011bchto v\u00fdrok\u016f nedistancovalo.&nbsp;<\/p>\n<p>Je\u0161t\u011b ne\u017e dokon\u010dila svou ot\u00e1zku, mezi publikem se strhla diskuze a d\u00e1my z&nbsp;publika na ni k\u0159i\u010dely slova&nbsp;\u201efuj, Bakala\u201c. \u00da\u010dastn\u00edk semin\u00e1\u0159e podotkl:&nbsp;\u201eJ\u00e1 mysl\u00edm, \u017ee to byla p\u0159\u00edle\u017eitost se znemo\u017enit. A jestli to pan Stan\u00edk skute\u010dn\u011b \u0159ekl, tak toho ur\u010dit\u011b vyu\u017eil.\u201c Publikum se sm\u00e1lo a tleskalo.&nbsp;<\/p>\n<p><a href=\"https:\/\/zpravy.idnes.cz\/spd-okamura-zantovsky-kobza-stanik-svoboda-projevu-fym-\/domaci.aspx?c=A180910_185238_domaci_kuce\">Zdroj<\/a><\/p>\n","protected":false},"excerpt":{"rendered":"<p>\u201eKdo je soudce? A kdo ur\u010d\u00ed hranici mezi svobodou slova a nen\u00e1vist\u00ed?\u201c t\u00e1zal se Ji\u0159\u00ed Kobza z hnut\u00ed SPD Tomia Okamury, kter\u00e9 zorganizovalo semin\u00e1\u0159 s n\u00e1zvem Svoboda projevu a pr\u00e1vo ob\u010dana na pravdu. K \u0159e\u010dn\u00edk\u016fm pat\u0159il Petr \u017dantovsk\u00fd, Ladislav Jakl \u010di V\u00e1clav Klaus mlad\u0161\u00ed. Ten na semin\u00e1\u0159i ozn\u00e1mil, \u017ee pod\u00e1 n\u00e1vrh z\u00e1kona, kter\u00fd zaru\u010d\u00ed svobodu [&hellip;]<\/p>\n","protected":false},"author":1,"featured_media":0,"comment_status":"open","ping_status":"open","sticky":false,"template":"","format":"standard","meta":{"ngg_post_thumbnail":0,"footnotes":""},"categories":[11],"tags":[],"class_list":["post-9233","post","type-post","status-publish","format-standard","hentry","category-ozvena"],"_links":{"self":[{"href":"https:\/\/www.ladislavjakl.cz\/index.php?rest_route=\/wp\/v2\/posts\/9233","targetHints":{"allow":["GET"]}}],"collection":[{"href":"https:\/\/www.ladislavjakl.cz\/index.php?rest_route=\/wp\/v2\/posts"}],"about":[{"href":"https:\/\/www.ladislavjakl.cz\/index.php?rest_route=\/wp\/v2\/types\/post"}],"author":[{"embeddable":true,"href":"https:\/\/www.ladislavjakl.cz\/index.php?rest_route=\/wp\/v2\/users\/1"}],"replies":[{"embeddable":true,"href":"https:\/\/www.ladislavjakl.cz\/index.php?rest_route=%2Fwp%2Fv2%2Fcomments&post=9233"}],"version-history":[{"count":1,"href":"https:\/\/www.ladislavjakl.cz\/index.php?rest_route=\/wp\/v2\/posts\/9233\/revisions"}],"predecessor-version":[{"id":9234,"href":"https:\/\/www.ladislavjakl.cz\/index.php?rest_route=\/wp\/v2\/posts\/9233\/revisions\/9234"}],"wp:attachment":[{"href":"https:\/\/www.ladislavjakl.cz\/index.php?rest_route=%2Fwp%2Fv2%2Fmedia&parent=9233"}],"wp:term":[{"taxonomy":"category","embeddable":true,"href":"https:\/\/www.ladislavjakl.cz\/index.php?rest_route=%2Fwp%2Fv2%2Fcategories&post=9233"},{"taxonomy":"post_tag","embeddable":true,"href":"https:\/\/www.ladislavjakl.cz\/index.php?rest_route=%2Fwp%2Fv2%2Ftags&post=9233"}],"curies":[{"name":"wp","href":"https:\/\/api.w.org\/{rel}","templated":true}]}}