{"id":9235,"date":"2018-09-12T14:02:00","date_gmt":"2018-09-12T12:02:00","guid":{"rendered":"http:\/\/www.ladislavjakl.cz\/?p=9235"},"modified":"2018-09-12T14:02:00","modified_gmt":"2018-09-12T12:02:00","slug":"jakl-svoboda-slova-jak-kdy-a-jak-pro-koho","status":"publish","type":"post","link":"https:\/\/www.ladislavjakl.cz\/?p=9235","title":{"rendered":"Jakl: Svoboda slova? Jak kdy a jak pro koho"},"content":{"rendered":"<p>Kandid\u00e1t do sen\u00e1tu na Praze 2 a 3 Ladislav Jakl se v pond\u011bl\u00ed 10. z\u00e1\u0159\u00ed dopoledne z\u00fa\u010dastnil jako jeden z panelist\u016f semin\u00e1\u0159e s n\u00e1zvem \u201eSvoboda projevu a pr\u00e1vo ob\u010dana na pravdu\u201c po\u0159\u00e1dan\u00e9ho v Poslaneck\u00e9 sn\u011bmovn\u011b pod z\u00e1\u0161titou poslance Ji\u0159\u00edho Kobzy.<\/p>\n<p><!--more--><br \/>\nNa semin\u00e1\u0159i, kter\u00fd se zab\u00fdval ohro\u017een\u00edm svobody slova v dne\u0161n\u00ed spole\u010dnosti, vystoupil krom\u011b z\u00e1sadn\u00edho obh\u00e1jce svobody slova Ladislava Jakla i poslanec za V\u00e1clav Klaus \u010di b\u00fdval\u00fd ministr zdravotnictv\u00ed a kandid\u00e1t na sen\u00e1tora na Praze 12 Ivan David a dal\u0161\u00ed \u0159e\u010dn\u00edci, kte\u0159\u00ed se vesm\u011bs shodli na ohro\u017een\u00ed svobody slova od glob\u00e1ln\u00edch struktur, hlavn\u011b EU, a jejich dom\u00e1c\u00edch pomaha\u010d\u016f. Poslanec V\u00e1clav Klaus hodl\u00e1 p\u0159edlo\u017eit ve sn\u011bmovn\u011b n\u00e1vrh z\u00e1kona, kter\u00fd by znemo\u017enil provozovatel\u016fm soci\u00e1ln\u00edch s\u00edt\u00ed mazat jak\u00e9koliv v\u00fdroky. Na akci d\u00e1le vystoupil profesor Jan Jir\u00e1k, kter\u00fd je vedouc\u00edm katedry medi\u00e1ln\u00edch studi\u00ed na Metropolitn\u00ed univerzit\u011b v Praze, a rektor Vysok\u00e9 \u0161koly aplikovan\u00e9 psychologie \u0160tefan Medzihorsk\u00fd. Krom\u011b nich p\u0159ednesl sv\u016fj p\u0159\u00edsp\u011bvek o svobod\u011b \u010desk\u00fdch m\u00e9dii i \u010dlen rady \u010cTK Petr \u017dantovsk\u00fd.<\/p>\n<p>Ladislav Jakl ve sv\u00e9m p\u0159\u00edsp\u011bvku upozornil na to, \u017ee \u017e\u00e1dn\u00e1 diktatura neza\u010d\u00ednala prohl\u00e1\u0161en\u00edm typu: p\u0159ich\u00e1z\u00edme v\u00e1s utiskovat a sebrat v\u00e1m svobodu. Ka\u017ed\u00e1 p\u0159ich\u00e1zela s t\u00edm, \u017ee p\u0159in\u00e1\u0161\u00ed dobro. A \u010dasem ohl\u00e1s\u00ed, \u017ee onomu dobru a pro jeho ochranu je t\u0159eba ob\u011btovat tu jeden, tu jin\u00fd kousek svobody. Za\u010d\u00edn\u00e1 to u svobody slova, svobody spol\u010dovac\u00ed a shroma\u017e\u010fovac\u00ed. A p\u0159esn\u011b tohoto ob\u011btov\u00e1v\u00e1n\u00ed na\u0161\u00ed svobody jsme nyn\u00ed sv\u011bdky. \u00dadajn\u00e9 dobro p\u0159in\u00e1\u0161en\u00e9 n\u00e1m dne\u0161n\u00ed moc\u00ed je podle politik\u016f a ofici\u00e1ln\u00edch m\u00e9di\u00ed ohro\u017eeno bezuzdnou svobodou slova a je tedy nutno svobodu regulovat, hlavn\u011b u kritik\u016f moci. Jsme tedy sv\u011bdky nastupuj\u00edc\u00ed diktatury. Nech\u00e1me ji op\u011bt zv\u00edt\u011bzit, nebo u\u017e jsme pou\u010den\u011bj\u0161\u00ed?<\/p>\nngg_shortcode_0_placeholder\n<p>-dost-<\/p>\n","protected":false},"excerpt":{"rendered":"<p>Kandid\u00e1t do sen\u00e1tu na Praze 2 a 3 Ladislav Jakl se v pond\u011bl\u00ed 10. z\u00e1\u0159\u00ed dopoledne z\u00fa\u010dastnil jako jeden z panelist\u016f semin\u00e1\u0159e s n\u00e1zvem \u201eSvoboda projevu a pr\u00e1vo ob\u010dana na pravdu\u201c po\u0159\u00e1dan\u00e9ho v Poslaneck\u00e9 sn\u011bmovn\u011b pod z\u00e1\u0161titou poslance Ji\u0159\u00edho Kobzy.<\/p>\n","protected":false},"author":1,"featured_media":0,"comment_status":"open","ping_status":"open","sticky":false,"template":"","format":"standard","meta":{"ngg_post_thumbnail":0,"footnotes":""},"categories":[22],"tags":[],"class_list":["post-9235","post","type-post","status-publish","format-standard","hentry","category-jakl-senator"],"_links":{"self":[{"href":"https:\/\/www.ladislavjakl.cz\/index.php?rest_route=\/wp\/v2\/posts\/9235","targetHints":{"allow":["GET"]}}],"collection":[{"href":"https:\/\/www.ladislavjakl.cz\/index.php?rest_route=\/wp\/v2\/posts"}],"about":[{"href":"https:\/\/www.ladislavjakl.cz\/index.php?rest_route=\/wp\/v2\/types\/post"}],"author":[{"embeddable":true,"href":"https:\/\/www.ladislavjakl.cz\/index.php?rest_route=\/wp\/v2\/users\/1"}],"replies":[{"embeddable":true,"href":"https:\/\/www.ladislavjakl.cz\/index.php?rest_route=%2Fwp%2Fv2%2Fcomments&post=9235"}],"version-history":[{"count":1,"href":"https:\/\/www.ladislavjakl.cz\/index.php?rest_route=\/wp\/v2\/posts\/9235\/revisions"}],"predecessor-version":[{"id":9248,"href":"https:\/\/www.ladislavjakl.cz\/index.php?rest_route=\/wp\/v2\/posts\/9235\/revisions\/9248"}],"wp:attachment":[{"href":"https:\/\/www.ladislavjakl.cz\/index.php?rest_route=%2Fwp%2Fv2%2Fmedia&parent=9235"}],"wp:term":[{"taxonomy":"category","embeddable":true,"href":"https:\/\/www.ladislavjakl.cz\/index.php?rest_route=%2Fwp%2Fv2%2Fcategories&post=9235"},{"taxonomy":"post_tag","embeddable":true,"href":"https:\/\/www.ladislavjakl.cz\/index.php?rest_route=%2Fwp%2Fv2%2Ftags&post=9235"}],"curies":[{"name":"wp","href":"https:\/\/api.w.org\/{rel}","templated":true}]}}