{"id":9255,"date":"2018-09-13T14:06:54","date_gmt":"2018-09-13T12:06:54","guid":{"rendered":"http:\/\/www.ladislavjakl.cz\/?p=9255"},"modified":"2018-09-13T14:06:54","modified_gmt":"2018-09-13T12:06:54","slug":"ladislav-jakl-se-ve-snemovne-zucastnil-seminare-svoboda-projevu-a-pravo-obcana-na-pravdu","status":"publish","type":"post","link":"https:\/\/www.ladislavjakl.cz\/?p=9255","title":{"rendered":"Ladislav Jakl se ve Sn\u011bmovn\u011b z\u00fa\u010dastnil semin\u00e1\u0159e \u201eSvoboda projevu a pr\u00e1vo ob\u010dana na pravdu\u201c"},"content":{"rendered":"<p>Kandid\u00e1t do sen\u00e1tu na Praze 2 Ladislav Jakl se v pond\u011bl\u00ed 10. z\u00e1\u0159\u00ed dopoledne z\u00fa\u010dastnil jako jeden z panelist\u016f semin\u00e1\u0159e s n\u00e1zvem \u201eSvoboda projevu a pr\u00e1vo ob\u010dana na pravdu\u201c po\u0159\u00e1dan\u00e9ho v Poslaneck\u00e9 sn\u011bmovn\u011b pod z\u00e1\u0161titou poslance Mgr. Ji\u0159\u00edho Kobzy (SPD).<span id=\"more-206880\"><\/span><\/p>\n<p><!--more--><\/p>\n<div id=\"attachment_206881\" class=\"wp-caption aligncenter\" style=\"width: 413px;\"><img loading=\"lazy\" decoding=\"async\" class=\" wp-image-206881\" src=\"http:\/\/www.vlasteneckenoviny.cz\/wp-content\/uploads\/2018\/09\/Ladislav-Jakl-na-sem%C3%ADn%C3%A1%C5%99i-s-ostatn%C3%ADmi-panelisty.jpg\" sizes=\"auto, (max-width: 655px) 100vw, 655px\" srcset=\"http:\/\/www.vlasteneckenoviny.cz\/wp-content\/uploads\/2018\/09\/Ladislav-Jakl-na-sem\u00edn\u00e1\u0159i-s-ostatn\u00edmi-panelisty.jpg 655w, http:\/\/www.vlasteneckenoviny.cz\/wp-content\/uploads\/2018\/09\/Ladislav-Jakl-na-sem\u00edn\u00e1\u0159i-s-ostatn\u00edmi-panelisty-300x206.jpg 300w, http:\/\/www.vlasteneckenoviny.cz\/wp-content\/uploads\/2018\/09\/Ladislav-Jakl-na-sem\u00edn\u00e1\u0159i-s-ostatn\u00edmi-panelisty-200x137.jpg 200w, http:\/\/www.vlasteneckenoviny.cz\/wp-content\/uploads\/2018\/09\/Ladislav-Jakl-na-sem\u00edn\u00e1\u0159i-s-ostatn\u00edmi-panelisty-50x34.jpg 50w\" alt=\"\" width=\"413\" height=\"284\"><\/div>\n<div>Na semin\u00e1\u0159i, kter\u00fd se zab\u00fdval ot\u00e1zkou ohro\u017een\u00edm svobody slova v dne\u0161n\u00ed spole\u010dnosti vystoupil, krom\u011b z\u00e1sadn\u00edho obh\u00e1jce svobody slova Ladislava Jakla i poslanec za ODS V\u00e1clav Klaus \u010di b\u00fdval\u00fd ministr zdravotnictv\u00ed a kandid\u00e1t SPD na sen\u00e1tora na Praze 12 Ivan David a dal\u0161\u00ed \u0159e\u010dn\u00edci, kte\u0159\u00ed se vesm\u011bs shodli na ohro\u017een\u00ed svobody slova v na\u0161\u00ed zemi ze strany glob\u00e1ln\u00edch struktur hlavn\u011b EU a jejich dom\u00e1c\u00edch pomaha\u010d\u016f.<\/div>\n<div>\n<p>Poslanec V\u00e1clav Klaus hodl\u00e1 p\u0159edlo\u017eit ve sn\u011bmovn\u011b n\u00e1vrh z\u00e1kona, kter\u00fd by znemo\u017enil provozovatel\u016fm soci\u00e1ln\u00edch s\u00edt\u00ed mazat jak\u00e9koliv v\u00fdroky, kter\u00e9 by nekolidovaly s na\u0161\u00edm pr\u00e1vn\u00edm \u0159\u00e1dem.<\/p>\n<p>Na akci krom\u011b n\u011bho vystoupil i profesor Jan Jir\u00e1k, kter\u00fd je vedouc\u00edm katedry medi\u00e1ln\u00edch studi\u00ed na Metropolitn\u00ed univerzit\u011b v Praze a rektor Vysok\u00e9 \u0161koly aplikovan\u00e9 psychologie \u0160tefan Medzihorsk\u00fd. Krom\u011b nich p\u0159ednesl sv\u016fj p\u0159\u00edsp\u011bvek o stavu \u010desk\u00fdch m\u00e9dii i medi\u00e1ln\u00ed odborn\u00edk a \u010dlen rady \u010cTK Petr \u017dantovsk\u00fd.<\/p>\n<p><a href=\"http:\/\/www.vlasteneckenoviny.cz\/?p=206880\">Zdroj<\/a><\/p>\n<\/div>\n","protected":false},"excerpt":{"rendered":"<p>Kandid\u00e1t do sen\u00e1tu na Praze 2 Ladislav Jakl se v pond\u011bl\u00ed 10. z\u00e1\u0159\u00ed dopoledne z\u00fa\u010dastnil jako jeden z panelist\u016f semin\u00e1\u0159e s n\u00e1zvem \u201eSvoboda projevu a pr\u00e1vo ob\u010dana na pravdu\u201c po\u0159\u00e1dan\u00e9ho v Poslaneck\u00e9 sn\u011bmovn\u011b pod z\u00e1\u0161titou poslance Mgr. Ji\u0159\u00edho Kobzy (SPD).<\/p>\n","protected":false},"author":1,"featured_media":0,"comment_status":"open","ping_status":"open","sticky":false,"template":"","format":"standard","meta":{"ngg_post_thumbnail":0,"footnotes":""},"categories":[22,11],"tags":[],"class_list":["post-9255","post","type-post","status-publish","format-standard","hentry","category-jakl-senator","category-ozvena"],"_links":{"self":[{"href":"https:\/\/www.ladislavjakl.cz\/index.php?rest_route=\/wp\/v2\/posts\/9255","targetHints":{"allow":["GET"]}}],"collection":[{"href":"https:\/\/www.ladislavjakl.cz\/index.php?rest_route=\/wp\/v2\/posts"}],"about":[{"href":"https:\/\/www.ladislavjakl.cz\/index.php?rest_route=\/wp\/v2\/types\/post"}],"author":[{"embeddable":true,"href":"https:\/\/www.ladislavjakl.cz\/index.php?rest_route=\/wp\/v2\/users\/1"}],"replies":[{"embeddable":true,"href":"https:\/\/www.ladislavjakl.cz\/index.php?rest_route=%2Fwp%2Fv2%2Fcomments&post=9255"}],"version-history":[{"count":1,"href":"https:\/\/www.ladislavjakl.cz\/index.php?rest_route=\/wp\/v2\/posts\/9255\/revisions"}],"predecessor-version":[{"id":9256,"href":"https:\/\/www.ladislavjakl.cz\/index.php?rest_route=\/wp\/v2\/posts\/9255\/revisions\/9256"}],"wp:attachment":[{"href":"https:\/\/www.ladislavjakl.cz\/index.php?rest_route=%2Fwp%2Fv2%2Fmedia&parent=9255"}],"wp:term":[{"taxonomy":"category","embeddable":true,"href":"https:\/\/www.ladislavjakl.cz\/index.php?rest_route=%2Fwp%2Fv2%2Fcategories&post=9255"},{"taxonomy":"post_tag","embeddable":true,"href":"https:\/\/www.ladislavjakl.cz\/index.php?rest_route=%2Fwp%2Fv2%2Ftags&post=9255"}],"curies":[{"name":"wp","href":"https:\/\/api.w.org\/{rel}","templated":true}]}}