{"id":9258,"date":"2018-09-13T14:09:10","date_gmt":"2018-09-13T12:09:10","guid":{"rendered":"http:\/\/www.ladislavjakl.cz\/?p=9258"},"modified":"2018-09-13T14:09:10","modified_gmt":"2018-09-13T12:09:10","slug":"jakl-na-seminari-poslanecke-snemovny-o-svobode-slova-nenechme-se-umlcet","status":"publish","type":"post","link":"https:\/\/www.ladislavjakl.cz\/?p=9258","title":{"rendered":"Jakl na semin\u00e1\u0159i Poslaneck\u00e9 sn\u011bmovny o svobod\u011b slova: Nenechme se uml\u010det"},"content":{"rendered":"<p>Video uvnit\u0159 \u010dl\u00e1nku.&nbsp;<!--more--><\/p>\n<p><iframe loading=\"lazy\" title=\"Ladislav Jakl: Svoboda projevu a pr\u00e1vo ob\u010dana na pravdu\" width=\"500\" height=\"281\" src=\"https:\/\/www.youtube.com\/embed\/jkemjuylL4k?feature=oembed\" frameborder=\"0\" allow=\"accelerometer; autoplay; clipboard-write; encrypted-media; gyroscope; picture-in-picture; web-share\" referrerpolicy=\"strict-origin-when-cross-origin\" allowfullscreen><\/iframe><\/p>\n","protected":false},"excerpt":{"rendered":"<p>Video uvnit\u0159 \u010dl\u00e1nku.&nbsp;<\/p>\n","protected":false},"author":1,"featured_media":0,"comment_status":"open","ping_status":"open","sticky":false,"template":"","format":"standard","meta":{"ngg_post_thumbnail":0,"footnotes":""},"categories":[22,12],"tags":[],"class_list":["post-9258","post","type-post","status-publish","format-standard","hentry","category-jakl-senator","category-video"],"_links":{"self":[{"href":"https:\/\/www.ladislavjakl.cz\/index.php?rest_route=\/wp\/v2\/posts\/9258","targetHints":{"allow":["GET"]}}],"collection":[{"href":"https:\/\/www.ladislavjakl.cz\/index.php?rest_route=\/wp\/v2\/posts"}],"about":[{"href":"https:\/\/www.ladislavjakl.cz\/index.php?rest_route=\/wp\/v2\/types\/post"}],"author":[{"embeddable":true,"href":"https:\/\/www.ladislavjakl.cz\/index.php?rest_route=\/wp\/v2\/users\/1"}],"replies":[{"embeddable":true,"href":"https:\/\/www.ladislavjakl.cz\/index.php?rest_route=%2Fwp%2Fv2%2Fcomments&post=9258"}],"version-history":[{"count":1,"href":"https:\/\/www.ladislavjakl.cz\/index.php?rest_route=\/wp\/v2\/posts\/9258\/revisions"}],"predecessor-version":[{"id":9259,"href":"https:\/\/www.ladislavjakl.cz\/index.php?rest_route=\/wp\/v2\/posts\/9258\/revisions\/9259"}],"wp:attachment":[{"href":"https:\/\/www.ladislavjakl.cz\/index.php?rest_route=%2Fwp%2Fv2%2Fmedia&parent=9258"}],"wp:term":[{"taxonomy":"category","embeddable":true,"href":"https:\/\/www.ladislavjakl.cz\/index.php?rest_route=%2Fwp%2Fv2%2Fcategories&post=9258"},{"taxonomy":"post_tag","embeddable":true,"href":"https:\/\/www.ladislavjakl.cz\/index.php?rest_route=%2Fwp%2Fv2%2Ftags&post=9258"}],"curies":[{"name":"wp","href":"https:\/\/api.w.org\/{rel}","templated":true}]}}