{"id":9260,"date":"2018-09-13T14:10:08","date_gmt":"2018-09-13T12:10:08","guid":{"rendered":"http:\/\/www.ladislavjakl.cz\/?p=9260"},"modified":"2018-09-13T14:10:08","modified_gmt":"2018-09-13T12:10:08","slug":"ladislav-jakl-pro-svobodne-radio-branme-se-bruselske-centralizaci","status":"publish","type":"post","link":"https:\/\/www.ladislavjakl.cz\/?p=9260","title":{"rendered":"Ladislav Jakl pro Svobodn\u00e9 r\u00e1dio: Bra\u0148me se bruselsk\u00e9 centralizaci"},"content":{"rendered":"<p>Video uvnit\u0159 \u010dl\u00e1nku.<\/p>\n<p><!--more--><\/p>\n<p><iframe loading=\"lazy\" title=\"2018 09 12 Studio Beta Ladislav Jakl kandidat SPD do senatu\" width=\"500\" height=\"281\" src=\"https:\/\/www.youtube.com\/embed\/h02KJP0QuSU?feature=oembed\" frameborder=\"0\" allow=\"accelerometer; autoplay; clipboard-write; encrypted-media; gyroscope; picture-in-picture; web-share\" referrerpolicy=\"strict-origin-when-cross-origin\" allowfullscreen><\/iframe><\/p>\n","protected":false},"excerpt":{"rendered":"<p>Video uvnit\u0159 \u010dl\u00e1nku.<\/p>\n","protected":false},"author":1,"featured_media":0,"comment_status":"open","ping_status":"open","sticky":false,"template":"","format":"standard","meta":{"ngg_post_thumbnail":0,"footnotes":""},"categories":[22,13,12],"tags":[],"class_list":["post-9260","post","type-post","status-publish","format-standard","hentry","category-jakl-senator","category-rozhovory","category-video"],"_links":{"self":[{"href":"https:\/\/www.ladislavjakl.cz\/index.php?rest_route=\/wp\/v2\/posts\/9260","targetHints":{"allow":["GET"]}}],"collection":[{"href":"https:\/\/www.ladislavjakl.cz\/index.php?rest_route=\/wp\/v2\/posts"}],"about":[{"href":"https:\/\/www.ladislavjakl.cz\/index.php?rest_route=\/wp\/v2\/types\/post"}],"author":[{"embeddable":true,"href":"https:\/\/www.ladislavjakl.cz\/index.php?rest_route=\/wp\/v2\/users\/1"}],"replies":[{"embeddable":true,"href":"https:\/\/www.ladislavjakl.cz\/index.php?rest_route=%2Fwp%2Fv2%2Fcomments&post=9260"}],"version-history":[{"count":1,"href":"https:\/\/www.ladislavjakl.cz\/index.php?rest_route=\/wp\/v2\/posts\/9260\/revisions"}],"predecessor-version":[{"id":9261,"href":"https:\/\/www.ladislavjakl.cz\/index.php?rest_route=\/wp\/v2\/posts\/9260\/revisions\/9261"}],"wp:attachment":[{"href":"https:\/\/www.ladislavjakl.cz\/index.php?rest_route=%2Fwp%2Fv2%2Fmedia&parent=9260"}],"wp:term":[{"taxonomy":"category","embeddable":true,"href":"https:\/\/www.ladislavjakl.cz\/index.php?rest_route=%2Fwp%2Fv2%2Fcategories&post=9260"},{"taxonomy":"post_tag","embeddable":true,"href":"https:\/\/www.ladislavjakl.cz\/index.php?rest_route=%2Fwp%2Fv2%2Ftags&post=9260"}],"curies":[{"name":"wp","href":"https:\/\/api.w.org\/{rel}","templated":true}]}}