{"id":9263,"date":"2018-09-14T14:30:13","date_gmt":"2018-09-14T12:30:13","guid":{"rendered":"http:\/\/www.ladislavjakl.cz\/?p=9263"},"modified":"2018-09-14T14:30:13","modified_gmt":"2018-09-14T12:30:13","slug":"ostudne-sikanovani-madarska-dokazuje-ze-eu-je-diktaturou-a-bude-hur-kolaborantstvi-ceskych-europoslancu-kteri-hlasovali-proti-orbanovi-okamuruv-kandidat-jehoz-nemaji-radi-v-ct-hovori","status":"publish","type":"post","link":"https:\/\/www.ladislavjakl.cz\/?p=9263","title":{"rendered":"Ostudn\u00e9 \u0161ikanov\u00e1n\u00ed Ma\u010farska dokazuje, \u017ee EU je diktaturou. A bude h\u016f\u0159. Kolaborantstv\u00ed \u010desk\u00fdch europoslanc\u016f, kte\u0159\u00ed hlasovali proti Orb\u00e1novi\u2026 Okamur\u016fv kandid\u00e1t, jeho\u017e nemaj\u00ed r\u00e1di v \u010cT, hovo\u0159\u00ed"},"content":{"rendered":"<p>ROZHOVOR \u201eP\u0159ich\u00e1z\u00ed doba z\u00e1sadn\u00edho omezov\u00e1n\u00ed spol\u010dovac\u00edho a shroma\u017e\u010fovac\u00edch pr\u00e1v a svobody slova. Nastane utahov\u00e1n\u00ed \u0161roub\u016f, \u0161ikanov\u00e1n\u00ed, kriminalizace, vyhazov\u00e1n\u00ed z pr\u00e1ce, sledov\u00e1n\u00ed, \u0161tvanice na nepohodln\u00e9. Sou\u010dasn\u00e1 moc se nezhrout\u00ed tak snadno. V\u00ed, \u017ee lid\u00e9 ji st\u00e1le siln\u011bji odm\u00edtaj\u00ed, tak\u017ee jedinou jej\u00ed \u0161anc\u00ed na p\u0159e\u017eit\u00ed bude jist\u00e1 obdoba modern\u00ed diktatury. U\u017e je za dve\u0159mi a \u010dek\u00e1 i n\u00e1s,\u201c \u0159\u00edk\u00e1 kandid\u00e1t SPD do Sen\u00e1tu Ladislav Jakl.<\/p>\n<p><!--more--><\/p>\n<p><strong>Evropsk\u00fd parlament schv\u00e1lil n\u00e1vrh na zah\u00e1jen\u00ed \u0159\u00edzen\u00ed podle \u010dl\u00e1nku 7 Smlouvy o Evropsk\u00e9 unii, kdy mohou b\u00fdt Evropskou radou Ma\u010farsku odebr\u00e1na hlasovac\u00ed pr\u00e1va v&nbsp;Evropsk\u00e9 unii\u2026 Co tomu \u0159\u00edk\u00e1te? A co \u0159\u00edk\u00e1te hlasov\u00e1n\u00ed \u010desk\u00fdch europoslanc\u016f?<\/strong><\/p>\n<p>Ostudn\u00e9 \u0161ikanov\u00e1n\u00ed Ma\u010farska v&nbsp;eulamentu je dokonalou uk\u00e1zkou toho, \u010d\u00edm dne\u0161n\u00ed Evropsk\u00e1 unie skute\u010dn\u011b je: nedemokratickou diktaturou. Snad to otev\u0159elo o\u010di t\u011bm lidem i u n\u00e1s, kte\u0159\u00ed si snad dosud mysleli, \u017ee EU je jen mezin\u00e1rodn\u00ed organizac\u00ed, ve kter\u00e9 se sdru\u017euj\u00ed svobodn\u00e9 parlamentn\u00ed demokracie, aby tak mohly l\u00e9pe spolupracovat. Tak tomu ale po Maastrichtsk\u00e9 smlouv\u011b u\u017e nen\u00ed a po Lisabonsk\u00e9 smlouv\u011b u\u017e v\u016fbec ne. EU m\u00e1 dnes mnoho z\u00e1kladn\u00edch znak\u016f st\u00e1tu, p\u0159edev\u0161\u00edm \u2013 jak vid\u00edme na&nbsp;k\u0159i\u017e\u00e1ck\u00e9m ta\u017een\u00ed proti Polsku a Ma\u010farsku \u2013 mocensk\u00e9 a represivn\u00ed n\u00e1stroje. Ano, takov\u00fdmi disponuje ka\u017ed\u00fd st\u00e1t. Ale demokratick\u00e9 st\u00e1ty z\u00e1rove\u0148 disponuj\u00ed kontroln\u00edmi mechanismy, zp\u011btn\u00fdmi vazbami, dohledem ve\u0159ejnosti a voli\u010d\u016f.<\/p>\n<div>&nbsp;<\/div>\n<p>Dne\u0161n\u00ed Brusel se v\u0161ak na voli\u010de v\u016fbec neohl\u00ed\u017e\u00ed. A eulament mu jen d\u011bl\u00e1 z\u00e1st\u011brku, vytv\u00e1\u0159\u00ed zd\u00e1n\u00ed pro ty hloup\u011bj\u0161\u00ed ob\u010dany, \u017ee v&nbsp;EU snad jde o demokratick\u00e9 procesy. A hlasov\u00e1n\u00ed t\u011bch na\u0161ich europoslanc\u016f, kte\u0159\u00ed zvedli ruku pro trest\u00e1n\u00ed Ma\u010farska, je p\u0159\u00edkladem ostudn\u00e9ho kolaborantstv\u00ed. Tito nemravn\u00ed lid\u00e9 u\u017e maj\u00ed novou vlast a tou je Brusel. A\u0165 si tam z\u016fstanou, u\u017e bych je k&nbsp;n\u00e1m nepou\u0161t\u011bl.<\/p>\n<p><strong>Nedaleko \u010desk\u00fdch hranic se v Chemnitzu konaj\u00ed demonstrace v reakci na n\u00e1silnou smrt p\u011btat\u0159icetilet\u00e9ho N\u011bmce s kub\u00e1nsk\u00fdmi ko\u0159eny, z n\u00ed\u017e jsou podez\u0159el\u00ed dva mu\u017ei z Ir\u00e1ku a S\u00fdrie. Velk\u00e1 \u010d\u00e1st tamn\u00edch obyvatel bere jako obrovsk\u00e9 nepochopen\u00ed to, \u017ee m\u00e9dia i politici l\u00ed\u010d\u00ed jejich m\u011bsto jako pln\u00e9 pravicov\u00fdch extremist\u016f a nacist\u016f. M\u00e1me v\u011b\u0159it tomu, \u017ee jde p\u0159i protestech opravdu o akce radik\u00e1l\u016f, pravicov\u00fdch extremist\u016f \u010di jinak nen\u00e1vistn\u00fdch jedinc\u016f, nebo politici a mainstreamov\u00e1 m\u00e9dia nejsou ochotni p\u0159ipustit jin\u00fd stav v\u011bci, ne\u017e \u017ee do ulic vyrazili n\u00e1ckov\u00e9?<\/strong><\/p>\n<p>N\u00e1ckov\u00e9? Tohle je p\u0159ece dlouhodob\u00e1 reakce t\u011bch, kdo dr\u017e\u00ed moc v&nbsp;Evropsk\u00e9 unii. Plus poslu\u0161n\u00fdch anga\u017eovan\u00fdch m\u00e9di\u00ed. Oni v\u011bd\u00ed, \u017ee na argumenty odp\u016frc\u016f organizovan\u00e9ho masov\u00e9ho p\u0159ist\u011bhovalectv\u00ed nemaj\u00ed \u017e\u00e1dnou odpov\u011b\u010f, tak z&nbsp;t\u011bch odp\u016frc\u016f musej\u00ed v&nbsp;o\u010d\u00edch ve\u0159ejnosti ud\u011blat n\u011bjak\u00e9 podivn\u00e9 odporn\u00e9 \u017eivo\u010dichy, se kter\u00fdmi se nediskutuje, ty je t\u0159eba izolovat, uml\u010det, zdiskreditovat a nasypat na n\u011b n\u011bjak\u00fd hub\u00edc\u00ed p\u0159\u00edpravek.<\/p>\n<p><strong>M\u016f\u017ee b\u00fdt d\u011bn\u00ed v&nbsp;Chemnitzu rozbu\u0161kou, kter\u00e1 roz\u0161\u00ed\u0159\u00ed nepokoje a odpor k&nbsp;imigraci do dal\u0161\u00edch m\u011bst N\u011bmecka, minim\u00e1ln\u011b v\u00fdchodn\u00edho?<\/strong><\/p>\n<p>Ob\u00e1v\u00e1m se, \u017ee to je sp\u00ed\u0161 zbo\u017en\u00e9 p\u0159\u00e1n\u00ed. Jinde v&nbsp;N\u011bmecku nemaj\u00ed \u0161anci se dozv\u011bd\u011bt pravdu o jednotliv\u00fdch p\u0159\u00edpadech podobn\u00fdch tomu ze Sask\u00e9 Kamenice. Proimigra\u010dn\u00ed m\u00e9dia maj\u00ed t\u00e9m\u011b\u0159 monopol. Ale jist\u00fd zlom tyhle ud\u00e1losti p\u0159in\u00e9st mohou. Zlom k&nbsp;hor\u0161\u00edmu. A pokud ne tyto ud\u00e1losti, pak p\u0159\u00ed\u0161t\u00ed ur\u010dit\u011b. D\u0159\u00edv nebo pozd\u011bji vyrukuje bruselsk\u00e1 a berl\u00ednsk\u00e1 moc pod jakoukoli z\u00e1minkou proti sv\u00e9 vlastn\u00ed ve\u0159ejnosti se silou, jak\u00e1 tu dosud nebyla. N\u011bjak\u00e9 maz\u00e1n\u00ed na internetu je proti tomu legrace.<\/p>\n<p>P\u0159ich\u00e1z\u00ed doba z\u00e1sadn\u00edho omezov\u00e1n\u00ed spol\u010dovac\u00edho a shroma\u017e\u010fovac\u00edch pr\u00e1v a svobody slova. Nastane utahov\u00e1n\u00ed \u0161roub\u016f, \u0161ikanov\u00e1n\u00ed, kriminalizace, vyhazov\u00e1n\u00ed z&nbsp;pr\u00e1ce, sledov\u00e1n\u00ed, \u0161tvanice na nepohodln\u00e9. Sou\u010dasn\u00e1 moc se nezhrout\u00ed tak snadno. V\u00ed, \u017ee lid\u00e9 ji st\u00e1le siln\u011bji odm\u00edtaj\u00ed, tak\u017ee jedinou jej\u00ed \u0161anc\u00ed na p\u0159e\u017eit\u00ed bude jist\u00e1 obdoba modern\u00ed diktatury. U\u017e je za dve\u0159mi a \u010dek\u00e1 i n\u00e1s.<\/p>\n<p><strong>Nehled\u011b na posledn\u00ed ud\u00e1losti v N\u011bmecku, jak se podle v\u00e1s prom\u011bnilo vn\u00edm\u00e1n\u00ed migrace u n\u00e1s i v Evrop\u011b od l\u00e9ta 2015 do dne\u0161ka? Je mo\u017en\u00e9, \u017ee antiimigra\u010dn\u00ed a vlasteneck\u00e9 s\u00edly p\u0159evr\u00e1t\u00ed politickou realitu Evropy?<\/strong><\/p>\n<p>P\u0159evr\u00e1t\u00ed? K\u00e9\u017e by. Jednou jist\u011b. Ale bude to trvat a bude to bolet. Nejd\u0159\u00edv mus\u00ed b\u00fdt h\u016f\u0159, aby pak mohlo b\u00fdt l\u00e9pe.&nbsp;\u010cekaj\u00ed n\u00e1s tyto f\u00e1ze. 1. Postupn\u00e9 utahov\u00e1n\u00ed \u0161roub\u016f. 2. Nastolen\u00ed otev\u0159en\u00e9 diktatury \u201eliber\u00e1ln\u00edch demokrat\u016f\u201c. 3. Vzpoura ve\u0159ejnosti a dramatick\u00fd p\u00e1d dosavadn\u00edch struktur. 4. Chaos a v\u0161ichni proti v\u0161em. 5. Nov\u00fd za\u010d\u00e1tek. Ka\u017ed\u00e1 f\u00e1ze bude trvat n\u011bkolik let.<\/p>\n<p><strong>Po sch\u016fzce Viktora Orb\u00e1na a Mattea Salviniho, na n\u00ed\u017e ma\u010farsk\u00fd premi\u00e9r podpo\u0159il italsk\u00e9ho ministra vnitra v jeho tvrd\u00e9m postoji v\u016f\u010di migrant\u016fm a vyzval ho, aby od n\u011bj neustupoval, se ozvaly hlasy, \u017ee tito dva politici vytvo\u0159ili spojenectv\u00ed proti demokrat\u016fm. Jak postoje a kroky obou p\u00e1n\u016f hodnot\u00edte?<\/strong><\/p>\n<p>Pro mne p\u0159edstavuj\u00ed nad\u011bji na\u0161eho sv\u011bta. Ne pouze oni sami, ale hlavn\u011b fakt, \u017ee je n\u011bkdo zvolil, \u017ee si miliony jejich voli\u010d\u016f uv\u011bdomuj\u00ed tot\u00e9\u017e, co tyhle dv\u011b osobnosti. U obou je z\u00e1sadn\u00ed tak\u00e9 to, \u017ee v&nbsp;jejich p\u0159\u00edpad\u011b nejde o prvopl\u00e1nov\u00fd odpor k&nbsp;ciz\u00edmu etniku, ale o hluboce vyargumentovan\u00fd a hodnotov\u011b podlo\u017een\u00fd odpor k&nbsp;soci\u00e1ln\u00edmu in\u017een\u00fdrstv\u00ed Evropsk\u00e9 unie, jeho\u017e je organizovan\u00fd masov\u00fd dovoz \u010dernoch\u016f a Arab\u016f do evropsk\u00e9 krajiny jen sou\u010d\u00e1st\u00ed.<\/p>\n<p><strong>K Orb\u00e1novi se hl\u00e1s\u00ed i Andrej Babi\u0161. Jak vn\u00edm\u00e1te Babi\u0161ovo p\u0159itvrzen\u00ed antiimigra\u010dn\u00ed r\u00e9toriky? \u0158\u00edk\u00e1, \u017ee nechce, abychom tu m\u011bli Afriku a Bl\u00edzk\u00fd v\u00fdchod\u2026 N\u011bkte\u0159\u00ed politici SPD se roz\u010diluj\u00ed, \u017ee vykr\u00e1d\u00e1 program SPD\u2026<\/strong><\/p>\n<p>Mn\u011b naopak v\u016fbec nevad\u00ed, \u017ee Babi\u0161 \u201evykr\u00e1d\u00e1\u201c antip\u0159ist\u011bhovaleckou \u010d\u00e1st programu SPD a \u017ee si \u010d\u00e1ste\u010dn\u011b osvojuje argumenty n\u00e1s v\u0161ech, kdo masovou imigraci l\u00e9ta odsuzujeme. To je p\u0159ece n\u00e1\u0161 \u00fasp\u011bch, to je v\u00fdsledkem efektivn\u00edho tlaku na vl\u00e1du. \u010c\u00edm z\u00e1sadn\u011bj\u0161\u00edch v\u00fdrok\u016f se premi\u00e9r Babi\u0161 pod t\u00edmto tlakem dopust\u00ed, t\u00edm h\u016f\u0159 se mu z&nbsp;nich bude vycouv\u00e1vat, a\u017e na n\u011bj Brusel zatla\u010d\u00ed. J\u00e1 jsem p\u0159esv\u011bd\u010den o tom, \u017ee na Babi\u0161e je nutn\u00e9 v&nbsp;tomto smyslu tla\u010dit d\u00e1l a je\u0161t\u011b siln\u011bji, proto\u017ee jinak by byl ochoten k&nbsp;\u00fastupk\u016fm v&nbsp;t\u00e9 vte\u0159in\u011b, ve kter\u00e9 by to bylo pro n\u011bj v\u00fdhodn\u00e9.<\/p>\n<p><strong>Andrej Babi\u0161 tak\u00e9 podpo\u0159il schv\u00e1len\u00ed Istanbulsk\u00e9 dohody, kter\u00e1 podporuje genderovou ideologii a podporuje man\u017eelstv\u00ed homosexu\u00e1l\u016f\u2026<\/strong><\/p>\n<p>P\u0159esn\u011b tak. Tady pod tlakem \u010desk\u00e9 ve\u0159ejnosti nebyl, tak klidn\u011b mocn\u00fdm ustoupil. Tla\u010dme na n\u011bj ka\u017ed\u00fd den a je\u0161t\u011b v\u00edc. Mus\u00ed v\u011bd\u011bt, \u017ee kdyby n\u011bkde ud\u011blal v\u00e1\u017en\u00fd \u00fastupek, doma mu to spo\u010d\u00edt\u00e1me a p\u0159ijde mu to draho.<\/p>\n<p><strong>Miroslav Kalousek se vyjad\u0159oval k tomu, \u017ee premi\u00e9r Babi\u0161 nechce podle sv\u00fdch slov p\u0159ijmout ani jednoho migranta. \u201eAno, Andrej Babi\u0161 m\u00e1 pravdu, je to symbol. Symbol sobectv\u00ed, vy\u010duranosti a neschopnosti b\u00fdt v\u011brohodn\u00fdm partnerem ve spole\u010denstv\u00ed Evropsk\u00e9 unie. Ostatn\u00ed zem\u011b si bez n\u00e1s jist\u011b porad\u00ed. N\u00e1m zbude nulov\u00fd mezin\u00e1rodn\u00ed respekt, hanba a opovr\u017een\u00ed,\u201c nechal se sly\u0161et Kalousek. Co m\u00edn\u00edte o slovech Miroslava Kalouska?<\/strong><\/p>\n<p>\u017de pan Kalousek o respekt usiluje. Ale ne o respekt \u010desk\u00fdch voli\u010d\u016f, ale sv\u00fdch mocn\u00fdch kamar\u00e1d\u016f v&nbsp;Bruselu a Berl\u00edn\u011b.<\/p>\n<p><strong>Francouzsk\u00fd prezident Emmanuel Macron p\u0159i n\u00e1v\u0161t\u011bv\u011b D\u00e1nska k setk\u00e1n\u00ed Orb\u00e1na a Salviniho \u0159ekl, \u017ee oba tito protiimigra\u010dn\u011b zam\u011b\u0159en\u00ed politici by v n\u011bm m\u011bli vid\u011bt \u201esv\u00e9ho hlavn\u00edho oponenta v&nbsp;Evrop\u011b\u201c. \u201eNedaruji nic nacionalist\u016fm a t\u011bm, kdo hl\u00e1saj\u00ed nen\u00e1vist,\u201c dodala hlava Francie. Je v Macronov\u00fdch sil\u00e1ch udr\u017eet ten promigra\u010dn\u00ed a vst\u0159\u00edcn\u00fd \u00e9tos, kter\u00fd v Evropsk\u00e9 unii v posledn\u00edch letech dominoval?<\/strong><\/p>\n<p>Macron neudr\u017e\u00ed nic ani t\u00fdden. Poka\u017ed\u00e9 bude \u0159\u00edkat zrovna to, co se podle n\u011bj bude l\u00edbit. A bude spol\u00e9hat na to, \u017ee si lid\u00e9 nic nepamatuj\u00ed. Za chv\u00edli ho usly\u0161\u00edme, \u017ee imigra\u010dn\u00ed politiku mus\u00edme p\u0159ehodnotit. O to bych se klidn\u011b vsadil. Sl\u00edb\u00ed v\u0161echno v\u0161em.<\/p>\n<p><strong>\u010ceskem v uplynul\u00e9m m\u011bs\u00edci h\u00fdbaly p\u0159ipom\u00ednkov\u00e9 akce k 50. v\u00fdro\u010d\u00ed vp\u00e1du vojsk Var\u0161avsk\u00e9 smlouvy do \u010ceskoslovenska. Prezident Milo\u0161 Zeman se p\u0159i t\u00e9to p\u0159\u00edle\u017eitosti ve\u0159ejn\u011b nijak nevyj\u00e1d\u0159il, premi\u00e9r Andrej Babi\u0161 byl p\u0159i sv\u00e9m vystoupen\u00ed vyp\u00edsk\u00e1n. Kdo z politik\u016f \u2013 nejen zm\u00edn\u011bn\u00fdch dvou \u2013 vzal p\u0159ipomenut\u00ed v\u00fdro\u010d\u00ed za spr\u00e1vn\u00fd konec a co pro n\u00e1s po p\u016flstolet\u00ed znamen\u00e1?<\/strong><\/p>\n<p>Z&nbsp;t\u011bchto dvou ani jeden. Milo\u0161 Zeman je prezident republiky a smutn\u00e9 v\u00fdro\u010d\u00ed ignorovat nem\u011bl. A Babi\u0161 m\u011bl zvolit jin\u00fd form\u00e1t ne\u017e ten, kter\u00fd hrozil konfrontac\u00ed. Neshazujme v\u00e1\u017en\u00e9 symbolick\u00e9 chv\u00edle aktu\u00e1ln\u00edmi politick\u00fdmi tanci.<\/p>\n<p><strong>\u0158editel Knihovny V\u00e1clava Havla a b\u00fdval\u00fd velvyslanec Michael \u017dantovsk\u00fd ozna\u010dil prezidentovo ml\u010den\u00ed k 21. srpnu za hanebnost a skute\u010dnost, \u017ee Milo\u0161 Zeman nepojede letos na Valn\u00e9 shrom\u00e1\u017ed\u011bn\u00ed OSN v New Yorku, ho vede k \u00favaze, zda je hlava st\u00e1tu ve stavu, kter\u00fd dovoluje reprezentovat \u010ceskou republiku, a proto Milo\u0161e Zemana vyz\u00fdv\u00e1, aby \u0159ekl o sv\u00e9m zdrav\u00ed pravdu. Co si o t\u00e9to v\u00fdzv\u011b mysl\u00edte?<\/strong><\/p>\n<p>Nen\u00ed povinn\u00e9 jezdit na Valn\u00e9 shrom\u00e1\u017ed\u011bn\u00ed. Ka\u017ed\u00fd tam dostane p\u011bt minut mezi prezidenty Vanuatu a Burundi, nikdo nikoho neposlouch\u00e1, je to skoro k&nbsp;ni\u010demu, pokud tam tedy \u010dlov\u011bk neodp\u00e1l\u00ed takov\u00e9 sd\u011blen\u00ed, \u017ee u\u017e nep\u016fjde ignorovat. Mysl\u00edm, \u017ee Zeman sv\u016fj \u00fa\u0159ad zast\u00e1vat zvl\u00e1dne, zdravotn\u011b i jinak. Ale u\u017e l\u00e9ta kritizuji jeho ledabylost, s&nbsp;jakou zanedb\u00e1v\u00e1 p\u0159\u00edpravu z\u00e1va\u017en\u00fdch projev\u016f.<\/p>\n<p><strong>Prezident Milo\u0161 Zeman zav\u00edtal prvn\u00ed \u0161koln\u00ed den mezi prv\u0148\u00e1\u010dky v Praze. Udr\u017euje tak p\u0159i \u017eivot\u011b zavedenou \u010deskou tradici. N\u011bkte\u0159\u00ed rodi\u010de d\u016fle\u017eit\u00fd okam\u017eik sv\u00fdch ratolest\u00ed pojali po sv\u00e9m a symbolicky Zemanovi uk\u00e1zali \u010derven\u00e9 tren\u00fdrky. Jedna z maminek dokonce Zemanovi doporu\u010dila, \u201ea\u0165 t\u00e1hne\u201c. Je dobr\u00e9 tahat politiku do z\u00e1kladn\u00ed \u0161koly?<\/strong><\/p>\n<p>Je ot\u00e1zka, co to znamen\u00e1 \u201etah\u00e1n\u00ed politiky\u201c. Politika pochopiteln\u011b pat\u0159\u00ed i na \u0161koly. A p\u0159edstavitel\u00e9 st\u00e1tu do \u0161kol tak\u00e9. Co na tu p\u016fdu nepat\u0159\u00ed, je vyh\u0159eznut\u00ed osobn\u00ed averze p\u0159ed d\u011btmi. D\u011bti zapomenou, \u017ee ten \u010di onen potent\u00e1t je pr\u00fd blbec. Ale pod k\u016f\u017e\u00ed jim z\u016fstane, \u017ee \u017e\u00e1dn\u00fd symbol st\u00e1tu nem\u00e1 hodnotu, \u017ee nic nen\u00ed hodno \u00facty.<\/p>\n<p><strong>Facebook ma\u017ee lidem p\u0159\u00edsp\u011bvky. Ned\u00e1vno smazal i p\u0159\u00edsp\u011bvky spisovatele Benjamina Kurase s&nbsp;jeho odkazy s&nbsp;\u010dl\u00e1nky na Neviditeln\u00e9m psu\u2026 Co si o tom mysl\u00edte?<\/strong><\/p>\n<p>Facebook je soukrom\u00e1 firma. Ale dopou\u0161t\u00ed se podle mne podvodu, proto\u017ee l\u00e1k\u00e1 sv\u00e9 u\u017eivatele na mo\u017enost zaru\u010den\u00e9 svobodn\u00e9 komunikace. P\u0159edn\u011b ale ned\u00e1vejme v\u0161echna vaj\u00ed\u010dka do jednoho ko\u0161\u00edku a nespol\u00e9hejme se na komunikaci prost\u0159ednictv\u00edm jedin\u00e9ho nespolehliv\u00e9ho kan\u00e1lu.<\/p>\n<p><strong>Bl\u00ed\u017e\u00ed se oslavy st\u00e9ho v\u00fdro\u010d\u00ed vzniku \u010ceskoslovenska. Jak by m\u011bly ide\u00e1ln\u011b vypadat a neob\u00e1v\u00e1te se, \u017ee se zase zvrhnou v p\u0159est\u0159elky politik\u016f a r\u016fzn\u00e9 truc podniky odp\u016frc\u016f hlavy st\u00e1tu? Co bychom si m\u011bli hlavn\u011b p\u0159ipomenout a co bychom si m\u011bli odn\u00e9st?<\/strong><\/p>\n<p>Pod\u011bkujme sv\u00fdm p\u0159edk\u016fm za to, \u017ee tu u\u017e sto let m\u00e1me sv\u016fj st\u00e1t. A slibme sv\u00fdm potomk\u016fm, \u017ee jim ho v&nbsp;\u00fact\u011b p\u0159enech\u00e1me svobodn\u011bj\u0161\u00ed a lep\u0161\u00ed.<\/p>\n<p><a href=\"https:\/\/www.parlamentnilisty.cz\/arena\/rozhovory\/Ostudne-sikanovani-Madarska-dokazuje-ze-EU-je-diktaturou-A-bude-hur-Kolaborantstvi-ceskych-europoslancu-kteri-hlasovali-proti-Orbanovi-Okamuruv-kandidat-jehoz-nemaji-radi-v-CT-hovori-551174\">Zdroj<\/a><\/p>\n","protected":false},"excerpt":{"rendered":"<p>ROZHOVOR \u201eP\u0159ich\u00e1z\u00ed doba z\u00e1sadn\u00edho omezov\u00e1n\u00ed spol\u010dovac\u00edho a shroma\u017e\u010fovac\u00edch pr\u00e1v a svobody slova. Nastane utahov\u00e1n\u00ed \u0161roub\u016f, \u0161ikanov\u00e1n\u00ed, kriminalizace, vyhazov\u00e1n\u00ed z pr\u00e1ce, sledov\u00e1n\u00ed, \u0161tvanice na nepohodln\u00e9. Sou\u010dasn\u00e1 moc se nezhrout\u00ed tak snadno. V\u00ed, \u017ee lid\u00e9 ji st\u00e1le siln\u011bji odm\u00edtaj\u00ed, tak\u017ee jedinou jej\u00ed \u0161anc\u00ed na p\u0159e\u017eit\u00ed bude jist\u00e1 obdoba modern\u00ed diktatury. U\u017e je za dve\u0159mi a \u010dek\u00e1 i [&hellip;]<\/p>\n","protected":false},"author":1,"featured_media":0,"comment_status":"open","ping_status":"open","sticky":false,"template":"","format":"standard","meta":{"ngg_post_thumbnail":0,"footnotes":""},"categories":[22,13],"tags":[],"class_list":["post-9263","post","type-post","status-publish","format-standard","hentry","category-jakl-senator","category-rozhovory"],"_links":{"self":[{"href":"https:\/\/www.ladislavjakl.cz\/index.php?rest_route=\/wp\/v2\/posts\/9263","targetHints":{"allow":["GET"]}}],"collection":[{"href":"https:\/\/www.ladislavjakl.cz\/index.php?rest_route=\/wp\/v2\/posts"}],"about":[{"href":"https:\/\/www.ladislavjakl.cz\/index.php?rest_route=\/wp\/v2\/types\/post"}],"author":[{"embeddable":true,"href":"https:\/\/www.ladislavjakl.cz\/index.php?rest_route=\/wp\/v2\/users\/1"}],"replies":[{"embeddable":true,"href":"https:\/\/www.ladislavjakl.cz\/index.php?rest_route=%2Fwp%2Fv2%2Fcomments&post=9263"}],"version-history":[{"count":1,"href":"https:\/\/www.ladislavjakl.cz\/index.php?rest_route=\/wp\/v2\/posts\/9263\/revisions"}],"predecessor-version":[{"id":9264,"href":"https:\/\/www.ladislavjakl.cz\/index.php?rest_route=\/wp\/v2\/posts\/9263\/revisions\/9264"}],"wp:attachment":[{"href":"https:\/\/www.ladislavjakl.cz\/index.php?rest_route=%2Fwp%2Fv2%2Fmedia&parent=9263"}],"wp:term":[{"taxonomy":"category","embeddable":true,"href":"https:\/\/www.ladislavjakl.cz\/index.php?rest_route=%2Fwp%2Fv2%2Fcategories&post=9263"},{"taxonomy":"post_tag","embeddable":true,"href":"https:\/\/www.ladislavjakl.cz\/index.php?rest_route=%2Fwp%2Fv2%2Ftags&post=9263"}],"curies":[{"name":"wp","href":"https:\/\/api.w.org\/{rel}","templated":true}]}}