{"id":9266,"date":"2018-09-17T10:00:39","date_gmt":"2018-09-17T08:00:39","guid":{"rendered":"http:\/\/www.ladislavjakl.cz\/?p=9266"},"modified":"2018-09-17T10:01:24","modified_gmt":"2018-09-17T08:01:24","slug":"v-rozporu-s-nazorem-vetsiny-jsem-uz-od-skolky-odpovidal-ladislav-jakl","status":"publish","type":"post","link":"https:\/\/www.ladislavjakl.cz\/?p=9266","title":{"rendered":"V rozporu s n\u00e1zorem v\u011bt\u0161iny jsem u\u017e od \u0161kolky, odpov\u00eddal Ladislav Jakl"},"content":{"rendered":"<p>Do Sen\u00e1tu by se cht\u011bl dostat hudebn\u00edk, publicista a n\u011bkdej\u0161\u00ed tajemn\u00edk prezidenta V\u00e1clava Klause Ladislav Jakl. Do horn\u00ed komory kandiduje jako nestran\u00edk za Okamurovo hnut\u00ed SPD v Praze 2. Jakla v kampani podpo\u0159il nejen exprezident Klaus, ale i jeho syn V\u00e1clav Klaus ml., kter\u00fd je \u010dlenem ODS. Ta m\u00e1 ale v obvodu vlastn\u00edho kandid\u00e1ta.<\/p>\n<p><!--more--><\/p>\n<p>V roce 2012 se Jakl pokusil kandidovat na prezidenta, nesehnal ale pot\u0159ebn\u00fd po\u010det podpis\u016f. V t\u00e9m\u017ee roce vyhr\u00e1l i anketu Zelen\u00e1 perla za sv\u016fj v\u00fdrok o &#8222;cyklomaniac\u00edch&#8220;. Jakl dlouhodob\u011b tvrd\u00ed, \u017ee Evropsk\u00e1 unie mus\u00ed zaniknout. Jakl odpov\u00eddal \u010dten\u00e1\u0159\u016fm Aktu\u00e1ln\u011b.cz.<\/p>\n<p><a href=\"https:\/\/www.ladislavjakl.cz\/wp-content\/uploads\/2018\/09\/lj.jpg\"><img loading=\"lazy\" decoding=\"async\" class=\"alignnone wp-image-9267\" src=\"https:\/\/www.ladislavjakl.cz\/wp-content\/uploads\/2018\/09\/lj.jpg\" alt=\"\" width=\"588\" height=\"395\" srcset=\"https:\/\/www.ladislavjakl.cz\/wp-content\/uploads\/2018\/09\/lj.jpg 1024w, https:\/\/www.ladislavjakl.cz\/wp-content\/uploads\/2018\/09\/lj-264x177.jpg 264w, https:\/\/www.ladislavjakl.cz\/wp-content\/uploads\/2018\/09\/lj-768x516.jpg 768w, https:\/\/www.ladislavjakl.cz\/wp-content\/uploads\/2018\/09\/lj-900x605.jpg 900w\" sizes=\"auto, (max-width: 588px) 100vw, 588px\" \/><\/a><\/p>\n<p><a href=\"https:\/\/zpravy.aktualne.cz\/domaci\/pracoval-pro-klause-na-hrade-do-senatu-kandiduje-za-spd-ptej\/r~d930bf64b75d11e895620cc47ab5f122\/\">V\u00edce ve videu ZDE<\/a><\/p>\n","protected":false},"excerpt":{"rendered":"<p>Do Sen\u00e1tu by se cht\u011bl dostat hudebn\u00edk, publicista a n\u011bkdej\u0161\u00ed tajemn\u00edk prezidenta V\u00e1clava Klause Ladislav Jakl. Do horn\u00ed komory kandiduje jako nestran\u00edk za Okamurovo hnut\u00ed SPD v Praze 2. Jakla v kampani podpo\u0159il nejen exprezident Klaus, ale i jeho syn V\u00e1clav Klaus ml., kter\u00fd je \u010dlenem ODS. Ta m\u00e1 ale v obvodu vlastn\u00edho kandid\u00e1ta.<\/p>\n","protected":false},"author":1,"featured_media":0,"comment_status":"open","ping_status":"open","sticky":false,"template":"","format":"standard","meta":{"ngg_post_thumbnail":0,"footnotes":""},"categories":[22,13,12],"tags":[],"class_list":["post-9266","post","type-post","status-publish","format-standard","hentry","category-jakl-senator","category-rozhovory","category-video"],"_links":{"self":[{"href":"https:\/\/www.ladislavjakl.cz\/index.php?rest_route=\/wp\/v2\/posts\/9266","targetHints":{"allow":["GET"]}}],"collection":[{"href":"https:\/\/www.ladislavjakl.cz\/index.php?rest_route=\/wp\/v2\/posts"}],"about":[{"href":"https:\/\/www.ladislavjakl.cz\/index.php?rest_route=\/wp\/v2\/types\/post"}],"author":[{"embeddable":true,"href":"https:\/\/www.ladislavjakl.cz\/index.php?rest_route=\/wp\/v2\/users\/1"}],"replies":[{"embeddable":true,"href":"https:\/\/www.ladislavjakl.cz\/index.php?rest_route=%2Fwp%2Fv2%2Fcomments&post=9266"}],"version-history":[{"count":4,"href":"https:\/\/www.ladislavjakl.cz\/index.php?rest_route=\/wp\/v2\/posts\/9266\/revisions"}],"predecessor-version":[{"id":9271,"href":"https:\/\/www.ladislavjakl.cz\/index.php?rest_route=\/wp\/v2\/posts\/9266\/revisions\/9271"}],"wp:attachment":[{"href":"https:\/\/www.ladislavjakl.cz\/index.php?rest_route=%2Fwp%2Fv2%2Fmedia&parent=9266"}],"wp:term":[{"taxonomy":"category","embeddable":true,"href":"https:\/\/www.ladislavjakl.cz\/index.php?rest_route=%2Fwp%2Fv2%2Fcategories&post=9266"},{"taxonomy":"post_tag","embeddable":true,"href":"https:\/\/www.ladislavjakl.cz\/index.php?rest_route=%2Fwp%2Fv2%2Ftags&post=9266"}],"curies":[{"name":"wp","href":"https:\/\/api.w.org\/{rel}","templated":true}]}}