{"id":9282,"date":"2018-09-18T12:15:28","date_gmt":"2018-09-18T10:15:28","guid":{"rendered":"http:\/\/www.ladislavjakl.cz\/?p=9282"},"modified":"2018-09-18T12:15:28","modified_gmt":"2018-09-18T10:15:28","slug":"mam-pro-vas-napad-pani-sojdrova-uderil-ladislav-jakl-a-zacal-sypat-z-rukavu","status":"publish","type":"post","link":"https:\/\/www.ladislavjakl.cz\/?p=9282","title":{"rendered":"M\u00e1m pro v\u00e1s n\u00e1pad, pan\u00ed \u0160ojdrov\u00e1, ude\u0159il Ladislav Jakl. A za\u010dal sypat z ruk\u00e1vu"},"content":{"rendered":"<p><strong>Kandid\u00e1t do Sen\u00e1tu za SPD Ladislav Jakl, jen\u017e byl tajemn\u00edkem prezidenta V\u00e1clava Klause, se na sv\u00e9m facebookov\u00e9m profilu vyj\u00e1d\u0159il ke kauze (ne)p\u0159ijet\u00ed sirotk\u016f.<\/strong><\/p>\n<p><!--more--><\/p>\n<p>\u201eMohu se s t\u011bmi sirotky vyfotit? Kamery sem! Moment, je\u0161t\u011b se uprav\u00edm&#8230; m\u016f\u017eete! Co to m\u00e1 zase znamenat, ten pseudoprobl\u00e9m s n\u011bjak\u00fdmi pades\u00e1ti arabsk\u00fdmi sirotky??\u201c zeptal se k sou\u010dasn\u00e9 ot\u00e1zce Jakl. Za p\u0159ijet\u00ed 50 syrsk\u00fdch sirotk\u016f lobbuje europoslankyn\u011b za KDU-\u010cSL Michaela \u0160ojdrov\u00e1, premi\u00e9r Andrej Babi\u0161 (ANO) je v\u0161ak proti.&nbsp;<\/p>\n<p>\u201ePonech\u00e1v\u00e1m stranou, \u017ee nikdo nem\u016f\u017ee zjistit, kolik jim je \u010di zda to jsou opravdu sirotci, ale hlavn\u011b jde o \u010dist\u00e9 p\u0159edv\u00e1d\u011bn\u00ed se. Jedna pan\u00ed poslankyn\u011b a p\u00e1r dal\u0161\u00edch krasoduch\u016f si chce zap\u00f3zovat v roli lidumil\u016f a sou\u010dasn\u011b p\u0159id\u011blat ps\u00ed hlavu v\u0161em, kdo jejich divadlo ozna\u010d\u00ed za pokrytectv\u00ed a za \u0161pi\u010dku boty nen\u00e1padn\u011b str\u010denou mezi dve\u0159e, aby jimi pak k n\u00e1m mohl vstoupit kdokoli. Pod\u00edvejme se na v\u011bc racion\u00e1ln\u011b. Na sv\u011bt\u011b podle odhadu r\u016fzn\u00fdch organizac\u00ed str\u00e1d\u00e1 asi p\u016fl miliardy sirotk\u016f. P\u011bt set milion\u016f. V b\u00edd\u011b, v m\u00edstech posti\u017een\u00fdch hladomorem, ne\u00farodou, povodn\u011bmi, nemocemi, v\u00e1lkami, diktaturami. P\u016fl miliardy,\u201c konstatuje d\u00e1le Jakl.<\/p>\n<p>\u201eCo my s t\u00edm? Tak to bylo v\u017edy, \u017ee n\u011bkde se lidem vedlo l\u00edp, jinde h\u016f\u0159. Nelze n\u00e9st na hrbu v\u0161echnu t\u00edhu sv\u011bta. Lze ale nevyv\u00e1\u017eet na\u0161i p\u0159edstavu o dobru na modern\u00edch zbran\u00edch, nek\u00e1cet re\u017eimy, po kter\u00fdch nev\u00edme, co nastane, a p\u0159edev\u0161\u00edm neblokovat obchod s chud\u00fdmi zem\u011bmi diktov\u00e1n\u00edm r\u016fzn\u00fdch kv\u00f3t, norem a standard\u016f a umo\u017enit jim vyu\u017e\u00edt svou skoro jedinou jejich p\u0159ednost: levnou pr\u00e1ci. Co ale s tou p\u016fl miliardou sirot? Vezmeme si k n\u00e1m jednu desetimili\u00f3ntinu z nich? A kterou? Tu, kter\u00e1 bude m\u00edt nejlep\u0161\u00ed medi\u00e1ln\u00ed reklamu? T\u00edm zlep\u0161\u00edme sv\u011bt?\u201c pt\u00e1 se d\u00e1le Jakl.<\/p>\n<p>\u201ePan\u00ed \u0160ojdrov\u00e1, nechcete si rad\u011bji v tichosti vz\u00edt z kojeneck\u00e9ho \u00fastavu jedno jedin\u00e9 d\u00edt\u011b a ud\u011blat mu u sebe doma \u0161\u0165astn\u00e9 d\u011btstv\u00ed?\u201c zeptal se n\u00e1sledn\u011b Jakl.<\/p>\n<p><strong>Cel\u00fd p\u0159\u00edsp\u011bvek Ladislava Jakla:&nbsp;<\/strong><\/p>\n<p><em>Mohu se s t\u011bmi sirotky vyfotit? Kamery sem! Moment, je\u0161t\u011b se uprav\u00edm\u2026m\u016f\u017eete!<\/em><\/p>\n<p><em>Co to m\u00e1 zase znamenat, ten pseudoprobl\u00e9m s n\u011bjak\u00fdmi pades\u00e1ti arabsk\u00fdmi sirotky?? Ponech\u00e1v\u00e1m stranou, \u017ee nikdo nem\u016f\u017ee zjistit, kolik jim je \u010di zda to jsou opravdu sirotci, ale hlavn\u011b jde o \u010dist\u00e9 p\u0159edv\u00e1d\u011bn\u00ed se. Jedna pan\u00ed poslankyn\u011b a p\u00e1r dal\u0161\u00edch krasoduch\u016f si chce zap\u00f3zovat v roli lidumil\u016f a sou\u010dasn\u011b p\u0159id\u011blat ps\u00ed hlavu v\u0161em, kdo jejich divadlo ozna\u010d\u00ed za pokrytectv\u00ed a za \u0161pi\u010dku boty nen\u00e1padn\u011b str\u010denou mezi dve\u0159e, aby jimi pak k n\u00e1m mohl vstoupit kdokoli. Pod\u00edvejme se na v\u011bc racion\u00e1ln\u011b. Na sv\u011bt\u011b podle odhadu r\u016fzn\u00fdch organizac\u00ed str\u00e1d\u00e1 asi p\u016fl miliardy sirotk\u016f. P\u011bt set milion\u016f. V b\u00edd\u011b, v m\u00edstech posti\u017een\u00fdch hladomorem, ne\u00farodou, povodn\u011bmi, nemocemi, v\u00e1lkami, diktaturami. P\u016fl miliardy. Co my s t\u00edm? Tak to bylo v\u017edy, \u017ee n\u011bkde se lidem vedlo l\u00edp, jinde h\u016f\u0159. Nelze n\u00e9st na hrbu v\u0161echnu t\u00edhu sv\u011bta. Lze ale nevyv\u00e1\u017eet na\u0161i p\u0159edstavu o dobru na modern\u00edch zbran\u00edch, nek\u00e1cet re\u017eimy, po kter\u00fdch nev\u00edme, co nastane, a p\u0159edev\u0161\u00edm neblokovat obchod s chud\u00fdmi zem\u011bmi diktov\u00e1n\u00edm r\u016fzn\u00fdch kv\u00f3t, norem a standard\u016f a umo\u017enit jim vyu\u017e\u00edt svou skoro jedinou jejich p\u0159ednost: levnou pr\u00e1ci. Co ale s tou p\u016fl miliardou sirot? Vezmeme si k n\u00e1m jednu desetimili\u00f3tninu z nich? A kterou? Tu, kter\u00e1 bude m\u00edt nejlep\u0161\u00ed medi\u00e1ln\u00ed reklamu? T\u00edm zlep\u0161\u00edme sv\u011bt? Pan\u00ed \u0160ojdrov\u00e1, nechcete si rad\u011bji v tichosti vz\u00edt z kojeneck\u00e9ho \u00fastavu jedno jedin\u00e9 d\u00edt\u011b a ud\u011blat mu u sebe doma \u0161\u0165astn\u00e9 d\u011btstv\u00ed?<br \/>\nL. J.<\/em><\/p>\n<p><a href=\"https:\/\/www.parlamentnilisty.cz\/arena\/monitor\/Mam-pro-vas-napad-pani-Sojdrova-uderil-Ladislav-Jakl-A-zacal-sypat-z-rukavu-551884\">Zdroj<\/a><\/p>\n","protected":false},"excerpt":{"rendered":"<p>Kandid\u00e1t do Sen\u00e1tu za SPD Ladislav Jakl, jen\u017e byl tajemn\u00edkem prezidenta V\u00e1clava Klause, se na sv\u00e9m facebookov\u00e9m profilu vyj\u00e1d\u0159il ke kauze (ne)p\u0159ijet\u00ed sirotk\u016f.<\/p>\n","protected":false},"author":1,"featured_media":0,"comment_status":"open","ping_status":"open","sticky":false,"template":"","format":"standard","meta":{"ngg_post_thumbnail":0,"footnotes":""},"categories":[11],"tags":[],"class_list":["post-9282","post","type-post","status-publish","format-standard","hentry","category-ozvena"],"_links":{"self":[{"href":"https:\/\/www.ladislavjakl.cz\/index.php?rest_route=\/wp\/v2\/posts\/9282","targetHints":{"allow":["GET"]}}],"collection":[{"href":"https:\/\/www.ladislavjakl.cz\/index.php?rest_route=\/wp\/v2\/posts"}],"about":[{"href":"https:\/\/www.ladislavjakl.cz\/index.php?rest_route=\/wp\/v2\/types\/post"}],"author":[{"embeddable":true,"href":"https:\/\/www.ladislavjakl.cz\/index.php?rest_route=\/wp\/v2\/users\/1"}],"replies":[{"embeddable":true,"href":"https:\/\/www.ladislavjakl.cz\/index.php?rest_route=%2Fwp%2Fv2%2Fcomments&post=9282"}],"version-history":[{"count":1,"href":"https:\/\/www.ladislavjakl.cz\/index.php?rest_route=\/wp\/v2\/posts\/9282\/revisions"}],"predecessor-version":[{"id":9283,"href":"https:\/\/www.ladislavjakl.cz\/index.php?rest_route=\/wp\/v2\/posts\/9282\/revisions\/9283"}],"wp:attachment":[{"href":"https:\/\/www.ladislavjakl.cz\/index.php?rest_route=%2Fwp%2Fv2%2Fmedia&parent=9282"}],"wp:term":[{"taxonomy":"category","embeddable":true,"href":"https:\/\/www.ladislavjakl.cz\/index.php?rest_route=%2Fwp%2Fv2%2Fcategories&post=9282"},{"taxonomy":"post_tag","embeddable":true,"href":"https:\/\/www.ladislavjakl.cz\/index.php?rest_route=%2Fwp%2Fv2%2Ftags&post=9282"}],"curies":[{"name":"wp","href":"https:\/\/api.w.org\/{rel}","templated":true}]}}