{"id":9284,"date":"2018-09-19T11:35:33","date_gmt":"2018-09-19T09:35:33","guid":{"rendered":"http:\/\/www.ladislavjakl.cz\/?p=9284"},"modified":"2018-09-19T11:35:33","modified_gmt":"2018-09-19T09:35:33","slug":"ostra-debata-v-arene-jakl-sirotci-slouzi-jako-kampan","status":"publish","type":"post","link":"https:\/\/www.ladislavjakl.cz\/?p=9284","title":{"rendered":"Ostr\u00e1 debata v Ar\u00e9n\u011b. Jakl: Sirotci slou\u017e\u00ed jako kampa\u0148!"},"content":{"rendered":"<p>V \u00fater\u00fd ve\u010der m\u011bli div\u00e1ci mo\u017enost sledovat ostrou diskuzi v obl\u00edben\u00e9m&nbsp;politickodiskusn\u00edm po\u0159adu&nbsp;<em>Ar\u00e9na Jarom\u00edra Soukupa<\/em>. Gener\u00e1ln\u00ed \u0159editel TV Barrandov a z\u00e1rove\u0148 moder\u00e1tor Jarom\u00edr Soukup si do po\u0159adu pozval p\u0159edn\u00ed politick\u00e9 p\u0159edstavitele. Za hnut\u00ed ANO ministryni financ\u00ed Alenu Schillerovou, m\u00edstop\u0159edsedkyni ODS Alexandru Ud\u017eeniju, sen\u00e1torsk\u00e9ho kandid\u00e1ta za SPD Ladislava Jakla, m\u00edstop\u0159edsedu Pir\u00e1t\u016f Mikul\u00e1\u0161e Peksu a p\u0159edsedu TOP 09 Ji\u0159\u00edho Posp\u00ed\u0161ila.<\/p>\n<p><!--more--><\/p>\n<p>Ostrou debatu odstartovalo ned\u00e1vn\u00e9 prohl\u00e1\u0161en\u00ed \u010desk\u00e9ho premi\u00e9ra Andreje Babi\u0161e, kter\u00fd se nechal sly\u0161et, \u017ee do \u010ceska nep\u0159ijme pades\u00e1t syrsk\u00fdch uprchl\u00edk\u016f. Prohl\u00e1\u0161en\u00ed vyvolalo kritiku. Babi\u0161 si v\u0161ak za sv\u00fdm n\u00e1zorem doposud stoj\u00ed a uvedl, \u017ee d\u011btem by se m\u011blo pom\u00e1hat v jejich domovech. S jeho n\u00e1zorem se ztoto\u017enila ministryn\u011b financ\u00ed Schillerov\u00e1.<\/p>\n<p>&#8222;Co se t\u00fd\u010de migra\u010dn\u00ed politiky Andreje Babi\u0161e, tak se profiluje neust\u00e1le stejn\u011b, dos\u00e1hl toho \u017ee se zru\u0161ily kv\u00f3ty, a co se t\u00fd\u010de sirotk\u016f, j\u00e1 se domn\u00edv\u00e1m, \u017ee je to zneu\u017eit\u00ed d\u011bt\u00ed v p\u0159edvolebn\u00edm boji. O pan\u00ed jsem \u0160ojdrov\u00e9 nesly\u0161ela p\u011bt let, a najednou se ozve a\u017e te\u010f, p\u0159ed volbami,&#8220; vyj\u00e1d\u0159ila se Schillerov\u00e1.<\/p>\n<p>Na ni nav\u00e1zal Ladislav Jakl za SPD. &#8222;J\u00e1 va\u0161emu \u0161\u00e9fovi ve v\u011bci migra\u010dn\u00ed politiky nev\u011b\u0159\u00edm. \u0158\u00edk\u00e1 to velmi nahlas a pr\u00e1v\u011b p\u0159ed volbami. K t\u011bm sirot\u00e1m &#8211; celou tu akci pova\u017euji za hanebn\u00fd populismus. Kdy\u017e se pod\u00edv\u00e1me na situaci ve sv\u011bt\u011b, tak t\u011bch pades\u00e1t sirotk\u016f je asi jedna desetimiliontina. A j\u00e1 se pt\u00e1m, kterou tu deseti miliontinu zachr\u00e1n\u00edme?&#8220; prohl\u00e1sil.<\/p>\n<p>Mikul\u00e1\u0161 Peksa z Pir\u00e1t\u016f se tak\u00e9 tvrd\u011b pustil do premi\u00e9ra a podle n\u011bj je dob\u0159e, \u017ee \u0160ojdrov\u00e1 je v t\u00e9to z\u00e1le\u017eitosti sly\u0161et. &#8222;Aspo\u0148 se Babi\u0161 okope,&#8220; dodal s nads\u00e1zkou. Cel\u00e9 t\u00e9ma v\u0161ak nenechalo chladn\u00e9 ani publikum, kter\u00e9 se rozd\u011blilo na dva t\u00e1bory. Jeden z nich nesouhlasil, aby \u010cesko p\u0159ij\u00edmalo syrsk\u00e9 sirotky, naopak podporovatel\u00e9 Pir\u00e1t\u016f bojovali za pomoc d\u011btem. Nakonec se ke slovu dostala tak\u00e9 z\u00e1stupkyn\u011b za ODS Ud\u017eenija.<\/p>\n<p>&#8222;J\u00e1 bych p\u0159e\u0161la od emoc\u00ed k fakt\u016fm, pan\u00ed velvyslankyn\u011b v S\u00fdrii Eva Filipi \u0159ekla, \u017ee tam pom\u00e1h\u00e1me dostate\u010dn\u011b. Poskytuje se materi\u00e1ln\u00ed pomoc, pom\u00e1h\u00e1me stav\u011bt nov\u00e9 budovy a podobn\u011b. Je ale d\u016fle\u017eit\u00e9 to, abychom si uv\u011bdomili, \u017ee lid\u00e9 v S\u00fdrii maj\u00ed odli\u0161nou v\u00fdchovu ne\u017e v Evrop\u011b, po sedmi letech v\u00e1lky tady nen\u00ed bohatstv\u00ed, ale st\u00e1t se st\u00e1le dok\u00e1\u017ee postarat o d\u011bti,&#8220; \u0159ekla sv\u016fj n\u00e1zor, \u010d\u00edm\u017e podpo\u0159ila n\u00e1zor Schillerov\u00e9, kter\u00e1 ji vz\u00e1p\u011bt\u00ed doplnila.<\/p>\n<p>&#8222;P\u0159esn\u011b tak, vra\u0165me to do v\u011bcn\u00e9 roviny. Nav\u00edc, my ani nev\u00edme, jestli by \u0161lo o adopci, proto\u017ee jednou pan\u00ed \u0160ojdrov\u00e1 mluvila o adopci, pak o p\u0159echodn\u00e9m bydlen\u00ed&#8230; Poj\u010fme se sp\u00ed\u0161 bavit o sirotc\u00edch v \u010cesku,&#8220; uvedla ministryn\u011b financ\u00ed s rozvahou.<\/p>\n<p>Ji\u0159\u00ed Posp\u00ed\u0161il za TOP 09 se v\u0161ak stal oponentem a vyj\u00e1d\u0159il sv\u016fj nesouhlas v\u016f\u010di postoji hnut\u00ed ANO a krok\u016fm Andreje Babi\u0161e. &#8222;Pokud se nab\u00eddly \u010desk\u00e9 rodiny, \u017ee by m\u011bly z\u00e1jem pomoci syrsk\u00fdch d\u011btem, pro\u010d to aspo\u0148 nezv\u00e1\u017eit a neprodiskutovat?&#8220; zeptal se.<\/p>\n<p><strong>Jakl se pustil do Posp\u00ed\u0161ila<\/strong><\/p>\n<p>&#8222;Premi\u00e9r \u0159ekl, \u017ee se chce sej\u00edt s pan\u00ed \u0160ojdrovou, aby se zeptal, co vlastn\u011b chce, v\u017edy\u0165 my ani nic nev\u00edme, nev\u00edme jestli jsou to d\u00edvky, chlapci, kolik jim je let&#8230;&#8220; zareagovala Schillerov\u00e1, \u010d\u00edm\u017e ukon\u010dila t\u00e9ma.<\/p>\n<p>N\u00e1sledn\u011b v\u0161ak moder\u00e1tor Jarom\u00edr Soukup rozpoutal je\u0161t\u011b v\u011bt\u0161\u00ed debatu, kdy\u017e se sv\u00fdch host\u016f zeptal, jak vn\u00edmaj\u00ed situaci kolem Ma\u010farska. Evropsk\u00fd parlament toti\u017e minul\u00fd t\u00fdden odhlasoval zah\u00e1jen\u00ed \u0159\u00edzen\u00ed proti Ma\u010farsku z d\u016fvodu v\u00e1\u017en\u00e9ho ohro\u017een\u00ed hodnot EU.<\/p>\n<p>Ji\u0159\u00ed Posp\u00ed\u0161il uvedl, \u017ee by bylo nejlep\u0161\u00ed mo\u017en\u00e9 \u0159e\u0161en\u00ed nechat ministry a premi\u00e9ry jednotliv\u00fdch zem\u00ed, aby celou situaci kolem Ma\u010farska probrali v n\u011bjak\u00e9 debat\u011b. Ladislav Jakl si znovu na pa\u0161k\u00e1l vzal Andreje Babi\u0161e. &#8222;\u010cty\u0159i europoslanci za hnut\u00ed ANO mi tak akor\u00e1t dokazuj\u00ed, \u017ee to Babi\u0161 hraje na v\u0161echny strany, a pane Posp\u00ed\u0161ile, vy jste pro m\u011b kolaborant,&#8220; uvedl. N\u00e1sledn\u011b se v\u0161ak p\u0159edstavitel\u00e9 SPD a TOP 09 dostali do t\u011b\u017ek\u00e9ho sporu, kter\u00fd musel Jarom\u00edr Soukup jako moder\u00e1tor ukon\u010dit.<\/p>\n<p>&#8222;Ono se v tom Ma\u010farsku krade beztak v\u00edce ne\u017e tady u n\u00e1s, a to je co \u0159\u00edct,&#8220; \u0159ekl k t\u00e9matu p\u0159edstavitel za Pir\u00e1ty.<\/p>\n<p>Na n\u011bj vm\u017eiku nav\u00e1zala Ud\u017eenija. &#8222;Te\u010f tady pan Peksa urazil p\u0159es pades\u00e1t procent ma\u010farsk\u00fdch voli\u010d\u016f. Uv\u011bdomte si, \u017ee Viktor Orb\u00e1n dostal ve volb\u00e1ch v\u00edce jak pades\u00e1t procent hlas\u016f, je premi\u00e9rem od roku 2010 a vy t\u00edm. co tady \u0159\u00edk\u00e1te, jste kompletn\u011b urazil polovinu Ma\u010far\u016f&#8230; ODS se nel\u00edb\u00ed postup Evropsk\u00e9 unie, ale zd\u016fraz\u0148uji, nejsem euroskeptik, ale nel\u00edb\u00ed se n\u00e1m ta nad\u0159azenost v\u016f\u010di ostatn\u00edm st\u00e1t\u016fm,&#8220; uzav\u0159ela r\u00e1zn\u011b t\u00e9ma Ud\u017eenija.<\/p>\n<p><a href=\"https:\/\/www.tyden.cz\/rubriky\/domaci\/politika\/ostra-debata-v-arene-jakl-sirotci-slouzi-jako-kampan_496472.html\">Zdroj<\/a><\/p>\n","protected":false},"excerpt":{"rendered":"<p>V \u00fater\u00fd ve\u010der m\u011bli div\u00e1ci mo\u017enost sledovat ostrou diskuzi v obl\u00edben\u00e9m&nbsp;politickodiskusn\u00edm po\u0159adu&nbsp;Ar\u00e9na Jarom\u00edra Soukupa. Gener\u00e1ln\u00ed \u0159editel TV Barrandov a z\u00e1rove\u0148 moder\u00e1tor Jarom\u00edr Soukup si do po\u0159adu pozval p\u0159edn\u00ed politick\u00e9 p\u0159edstavitele. Za hnut\u00ed ANO ministryni financ\u00ed Alenu Schillerovou, m\u00edstop\u0159edsedkyni ODS Alexandru Ud\u017eeniju, sen\u00e1torsk\u00e9ho kandid\u00e1ta za SPD Ladislava Jakla, m\u00edstop\u0159edsedu Pir\u00e1t\u016f Mikul\u00e1\u0161e Peksu a p\u0159edsedu TOP 09 [&hellip;]<\/p>\n","protected":false},"author":1,"featured_media":0,"comment_status":"open","ping_status":"open","sticky":false,"template":"","format":"standard","meta":{"ngg_post_thumbnail":0,"footnotes":""},"categories":[11],"tags":[],"class_list":["post-9284","post","type-post","status-publish","format-standard","hentry","category-ozvena"],"_links":{"self":[{"href":"https:\/\/www.ladislavjakl.cz\/index.php?rest_route=\/wp\/v2\/posts\/9284","targetHints":{"allow":["GET"]}}],"collection":[{"href":"https:\/\/www.ladislavjakl.cz\/index.php?rest_route=\/wp\/v2\/posts"}],"about":[{"href":"https:\/\/www.ladislavjakl.cz\/index.php?rest_route=\/wp\/v2\/types\/post"}],"author":[{"embeddable":true,"href":"https:\/\/www.ladislavjakl.cz\/index.php?rest_route=\/wp\/v2\/users\/1"}],"replies":[{"embeddable":true,"href":"https:\/\/www.ladislavjakl.cz\/index.php?rest_route=%2Fwp%2Fv2%2Fcomments&post=9284"}],"version-history":[{"count":1,"href":"https:\/\/www.ladislavjakl.cz\/index.php?rest_route=\/wp\/v2\/posts\/9284\/revisions"}],"predecessor-version":[{"id":9285,"href":"https:\/\/www.ladislavjakl.cz\/index.php?rest_route=\/wp\/v2\/posts\/9284\/revisions\/9285"}],"wp:attachment":[{"href":"https:\/\/www.ladislavjakl.cz\/index.php?rest_route=%2Fwp%2Fv2%2Fmedia&parent=9284"}],"wp:term":[{"taxonomy":"category","embeddable":true,"href":"https:\/\/www.ladislavjakl.cz\/index.php?rest_route=%2Fwp%2Fv2%2Fcategories&post=9284"},{"taxonomy":"post_tag","embeddable":true,"href":"https:\/\/www.ladislavjakl.cz\/index.php?rest_route=%2Fwp%2Fv2%2Ftags&post=9284"}],"curies":[{"name":"wp","href":"https:\/\/api.w.org\/{rel}","templated":true}]}}