{"id":9286,"date":"2018-09-19T11:36:58","date_gmt":"2018-09-19T09:36:58","guid":{"rendered":"http:\/\/www.ladislavjakl.cz\/?p=9286"},"modified":"2018-09-19T11:36:58","modified_gmt":"2018-09-19T09:36:58","slug":"jste-homosexual-zeptal-se-v-arene-divoch-jakl-europoslance-pospisila","status":"publish","type":"post","link":"https:\/\/www.ladislavjakl.cz\/?p=9286","title":{"rendered":"Jste homosexu\u00e1l? zeptal se v Ar\u00e9n\u011b divoch Jakl europoslance Posp\u00ed\u0161ila"},"content":{"rendered":"<p>Arena na TV Barrandov, kam p\u0159i\u0161li za hnut\u00ed ANO ministryn\u011b financ\u00ed Alena Schillerov\u00e1, m\u00edstop\u0159edsedkyn\u011b ODS Alexandra Ud\u017eeniju, sen\u00e1torsk\u00fd kandid\u00e1t za SPD Ladislav Jakl, m\u00edstop\u0159edseda Pir\u00e1t\u016f Mikul\u00e1\u0161 Peksa a p\u0159edseda TOP 09 Ji\u0159\u00ed Posp\u00ed\u0161il byla t\u0159et\u00ed z\u00e1\u0159ijov\u00e9 \u00fater\u00fd velmi ostr\u00e1.<\/p>\n<p><!--more--><\/p>\n<div align=\"justify\">Tentokr\u00e1t se gener\u00e1ln\u00edmu \u0159editeli TV Barrandov a z\u00e1rove\u0148 moder\u00e1torovi Jarom\u00edrovi Soukupovi poda\u0159ilo&nbsp; pozval p\u0159edn\u00ed politick\u00e9 p\u0159edstavitele, kter\u00e9 se dok\u00e1zali roz\u017ehavit sv\u00fdmi reakcemi na pozn\u00e1mky spoluhr\u00e1\u010d\u016f.<\/div>\n<div align=\"justify\">&nbsp;<\/div>\n<div align=\"justify\">Ostrou debatu odstartovalo na \u00favod ned\u00e1vn\u00e9 prohl\u00e1\u0161en\u00ed \u010desk\u00e9ho premi\u00e9ra Andreje Babi\u0161e, kter\u00fd prohl\u00e1sil, \u017ee do \u010ceska nep\u0159ijme pades\u00e1t syrsk\u00fdch uprchl\u00edk\u016f. S jeho n\u00e1zorem se ztoto\u017enila ministryn\u011b financ\u00ed Schillerov\u00e1.<\/p>\n<p>&#8222;Co se t\u00fd\u010de migra\u010dn\u00ed politiky Andreje Babi\u0161e, tak se profiluje neust\u00e1le stejn\u011b, dos\u00e1hl toho \u017ee se zru\u0161ily kv\u00f3ty, a co se t\u00fd\u010de sirotk\u016f, j\u00e1 se domn\u00edv\u00e1m, \u017ee je to zneu\u017eit\u00ed d\u011bt\u00ed v p\u0159edvolebn\u00edm boji. O pan\u00ed \u0160ojdrov\u00e9 jsem nesly\u0161ela p\u011bt let, a najednou se ozve a\u017e te\u010f, p\u0159ed volbami,&#8220; konstatovala ministryn\u011b Schillerov\u00e1.<\/p>\n<p>Jasno m\u011bl i Ladislav Jakl: &#8222;J\u00e1 va\u0161emu \u0161\u00e9fovi ve v\u011bci migra\u010dn\u00ed politiky nev\u011b\u0159\u00edm. \u0158\u00edk\u00e1 to velmi nahlas a pr\u00e1v\u011b p\u0159ed volbami. K t\u011bm sirot\u00e1m &#8211; celou tu akci pova\u017euji za hanebn\u00fd populismus. Kdy\u017e se pod\u00edv\u00e1me na situaci ve sv\u011bt\u011b, tak t\u011bch pades\u00e1t sirotk\u016f je asi jedna desetimiliontina ze v\u0161ech sirotk\u016f. A j\u00e1 se pt\u00e1m, kterou tu deseti miliontinu zachr\u00e1n\u00edme?&#8220;&nbsp; zeptal se ostatn\u00edch Jakl.&nbsp;<\/p>\n<p>S v\u00fdk\u0159ikem: &#8222;Aspo\u0148 se Babi\u0161 okope,&#8220; poznamenal Mikul\u00e1\u0161 Peksa z Pir\u00e1t\u016f.<\/p>\n<p>&#8222;J\u00e1 bych p\u0159e\u0161la od emoc\u00ed k fakt\u016fm, pan\u00ed velvyslankyn\u011b v S\u00fdrii Eva Filipi \u0159ekla, \u017ee tam pom\u00e1h\u00e1me dostate\u010dn\u011b. Poskytuje se materi\u00e1ln\u00ed pomoc, pom\u00e1h\u00e1me stav\u011bt nov\u00e9 budovy a podobn\u011b. Je ale d\u016fle\u017eit\u00e9 to, abychom si uv\u011bdomili, \u017ee lid\u00e9 v S\u00fdrii maj\u00ed odli\u0161nou v\u00fdchovu ne\u017e v Evrop\u011b, po sedmi letech v\u00e1lky tam nen\u00ed bohatstv\u00ed, ale st\u00e1t se st\u00e1le dok\u00e1\u017ee postarat o d\u011bti,&#8220; \u0159ekla sv\u016fj n\u00e1zor Ud\u017eenija.&nbsp;<\/p>\n<p>&#8222;P\u0159esn\u011b tak, vra\u0165me to do v\u011bcn\u00e9 roviny. Nav\u00edc, my ani nev\u00edme, jestli by \u0161lo o adopci, proto\u017ee jednou pan\u00ed \u0160ojdrov\u00e1 mluvila o adopci, pak o p\u0159echodn\u00e9m bydlen\u00ed&#8230; Poj\u010fme se sp\u00ed\u0161 bavit o sirotc\u00edch v \u010cesku,&#8220; navrhla&nbsp; ministryn\u011b financ\u00ed s rozvahou.<\/p>\n<\/div>\n<div align=\"justify\">&#8222;Pokud se nab\u00eddly \u010desk\u00e9 rodiny, \u017ee by m\u011bly z\u00e1jem pomoci syrsk\u00fdch d\u011btem, pro\u010d to alespo\u0148 nezv\u00e1\u017eit a neprodiskutovat?&#8220; zeptal se Posp\u00ed\u0161il.<\/div>\n<div align=\"justify\">\nSchillerov\u00e1 k tomu dodala, \u017ee se premi\u00e9r chce sej\u00edt s pan\u00ed \u0160ojdrovou, aby se zeptal, co vlastn\u011b chce, v\u017edy\u0165 my ani nic nev\u00edme, nev\u00edme jestli jsou to d\u00edvky, chlapci, kolik jim je let.<\/p>\n<p>Pak se za\u010dalo mluvit o Ma\u010farsku. Jak v\u00edte, tak Evropsk\u00fd parlament&nbsp; odhlasoval zah\u00e1jen\u00ed \u0159\u00edzen\u00ed proti Ma\u010farsku z d\u016fvodu v\u00e1\u017en\u00e9ho ohro\u017een\u00ed hodnot EU.<\/p>\n<\/div>\n<div align=\"justify\">Ji\u0159\u00ed Posp\u00ed\u0161il navrhl po\u010dkat, a\u017e se s t\u00edm poperou minist\u0159i a premi\u00e9\u0159i&nbsp; jednotliv\u00fdch zem\u00ed, aby celou situaci kolem Ma\u010farska probrali na n\u011bjak\u00e9 se\u0161losti. Ov\u0161em pak se rozpov\u00eddal&nbsp; Ladislav Jakl. &#8222;\u010cty\u0159i europoslanci za hnut\u00ed ANO mi tak akor\u00e1t dokazuj\u00ed, \u017ee to Babi\u0161 hraje na v\u0161echny strany, a pane Posp\u00ed\u0161ile, vy jste pro m\u011b kolaborant,&#8220; uvedl Jakl. Nen\u00ed divu, \u017ee do\u0161lo k h\u00e1dce p\u0159edstavitele SPD a TOP 09 a v tomto sporu do\u0161lo i na Jaklovu osobn\u00ed ot\u00e1zku na Posp\u00ed\u0161ila: &#8222;Jste homosexu\u00e1l?&#8220;<\/div>\n<div align=\"justify\">&nbsp;<\/div>\n<div align=\"justify\">Ot\u00e1zku Jakl zd\u016fvodnil t\u00edm, \u017ee Evropsk\u00fd parlament odsuzuje Ma\u010farsko tak\u00e9 proto, \u017ee pro tuto skupinu obyvatelstva Ma\u010fa\u0159i nemaj\u00ed \u017e\u00e1dn\u00e9 \u00fastupky.<\/div>\n<div align=\"justify\">&nbsp;<\/div>\n<div align=\"justify\">\n<div align=\"justify\">&#8222;Ono se v tom Ma\u010farsku krade beztak v\u00edce ne\u017e tady u n\u00e1s, a to je co \u0159\u00edct,&#8220; \u0159ekl k Ma\u010farsku Pir\u00e1t Peksa.<\/div>\n<div align=\"justify\">&nbsp;<\/div>\n<div align=\"justify\">&nbsp;&#8222;Te\u010f tady pan Peksa urazil p\u0159es pades\u00e1t procent ma\u010farsk\u00fdch voli\u010d\u016f. Uv\u011bdomte si, \u017ee Viktor Orb\u00e1n dostal ve volb\u00e1ch v\u00edce jak pades\u00e1t procent hlas\u016f, je premi\u00e9rem od roku 2010 a vy t\u00edm. co tady \u0159\u00edk\u00e1te, jste kompletn\u011b urazil polovinu Ma\u010far\u016f&#8230; ODS se nel\u00edb\u00ed postup Evropsk\u00e9 unie, ale zd\u016fraz\u0148uji, nejsem euroskeptik, ale nel\u00edb\u00ed se n\u00e1m ta nad\u0159azenost v\u016f\u010di ostatn\u00edm st\u00e1t\u016fm,&#8220; konstatovala Ud\u017eenija, kter\u00e1 si v posledn\u00ed dob\u011b po\u0159\u00eddila br\u00fdle, aby vypadala je\u0161t\u011b p\u0159\u00edsn\u011bji.<\/div>\n<div align=\"justify\">&nbsp;<\/div>\n<div align=\"justify\"><a href=\"http:\/\/www.prvnizpravy.cz\/zpravy\/politika\/babis-k-soukupovi-na-tv-barrandov-nechte-me-chvili-mluvit-pane-boze\/highlightSearch=Barrandov\/\" target=\"_blank\" rel=\"noopener\">Babi\u0161 k Soukupovi na TV Barrandov: Nechte m\u011b chv\u00edli mluvit, pane Bo\u017ee<\/a><\/div>\n<div align=\"justify\">&nbsp;<\/div>\n<div align=\"justify\">A na z\u00e1v\u011br je\u0161t\u011b jednu pozn\u00e1mku. Pokud jste o\u010dek\u00e1vali, \u017ee Ji\u0159\u00ed Posp\u00ed\u0161il v Ar\u00e9n\u011b odpov\u00ed na ot\u00e1zku Ladislava Jakla Ano nebo Ne, tak jste se nedo\u010dkali. P\u0159edseda TOP jenom pronesl, \u017ee mu ot\u00e1zka nevad\u00ed, ale to ostatn\u011b \u0159\u00edkal k v\u00edce pozn\u00e1mk\u00e1m politik\u016f ve studiu na politiku TOP 09.<\/div>\n<div align=\"justify\">&nbsp;<\/div>\n<div align=\"justify\">Na z\u00e1v\u011br se vyjad\u0159ovali i vlaje\u010dkami a hesly ve studiu p\u0159\u00edtomn\u00ed a ozna\u010den\u00ed p\u0159\u00edznivci diskutuj\u00edc\u00edch politik\u016f. P\u0159\u00edznivec hnut\u00ed ANO ostatn\u00ed rozesm\u00e1l koment\u00e1\u0159em, \u017ee Ladislav Jakl je divoch.<\/div>\n<\/div>\n<div align=\"justify\">&nbsp;<\/div>\n<div align=\"justify\"><a href=\"http:\/\/www.prvnizpravy.cz\/zpravy\/politika\/jste-homosexual-zeptal-se-v-arene-divoch-jakl-europoslance-pospisila\/\">Zdroj<\/a><\/div>\n","protected":false},"excerpt":{"rendered":"<p>Arena na TV Barrandov, kam p\u0159i\u0161li za hnut\u00ed ANO ministryn\u011b financ\u00ed Alena Schillerov\u00e1, m\u00edstop\u0159edsedkyn\u011b ODS Alexandra Ud\u017eeniju, sen\u00e1torsk\u00fd kandid\u00e1t za SPD Ladislav Jakl, m\u00edstop\u0159edseda Pir\u00e1t\u016f Mikul\u00e1\u0161 Peksa a p\u0159edseda TOP 09 Ji\u0159\u00ed Posp\u00ed\u0161il byla t\u0159et\u00ed z\u00e1\u0159ijov\u00e9 \u00fater\u00fd velmi ostr\u00e1.<\/p>\n","protected":false},"author":1,"featured_media":0,"comment_status":"open","ping_status":"open","sticky":false,"template":"","format":"standard","meta":{"ngg_post_thumbnail":0,"footnotes":""},"categories":[11],"tags":[],"class_list":["post-9286","post","type-post","status-publish","format-standard","hentry","category-ozvena"],"_links":{"self":[{"href":"https:\/\/www.ladislavjakl.cz\/index.php?rest_route=\/wp\/v2\/posts\/9286","targetHints":{"allow":["GET"]}}],"collection":[{"href":"https:\/\/www.ladislavjakl.cz\/index.php?rest_route=\/wp\/v2\/posts"}],"about":[{"href":"https:\/\/www.ladislavjakl.cz\/index.php?rest_route=\/wp\/v2\/types\/post"}],"author":[{"embeddable":true,"href":"https:\/\/www.ladislavjakl.cz\/index.php?rest_route=\/wp\/v2\/users\/1"}],"replies":[{"embeddable":true,"href":"https:\/\/www.ladislavjakl.cz\/index.php?rest_route=%2Fwp%2Fv2%2Fcomments&post=9286"}],"version-history":[{"count":1,"href":"https:\/\/www.ladislavjakl.cz\/index.php?rest_route=\/wp\/v2\/posts\/9286\/revisions"}],"predecessor-version":[{"id":9287,"href":"https:\/\/www.ladislavjakl.cz\/index.php?rest_route=\/wp\/v2\/posts\/9286\/revisions\/9287"}],"wp:attachment":[{"href":"https:\/\/www.ladislavjakl.cz\/index.php?rest_route=%2Fwp%2Fv2%2Fmedia&parent=9286"}],"wp:term":[{"taxonomy":"category","embeddable":true,"href":"https:\/\/www.ladislavjakl.cz\/index.php?rest_route=%2Fwp%2Fv2%2Fcategories&post=9286"},{"taxonomy":"post_tag","embeddable":true,"href":"https:\/\/www.ladislavjakl.cz\/index.php?rest_route=%2Fwp%2Fv2%2Ftags&post=9286"}],"curies":[{"name":"wp","href":"https:\/\/api.w.org\/{rel}","templated":true}]}}