{"id":929,"date":"2011-04-19T14:22:03","date_gmt":"2011-04-19T13:22:03","guid":{"rendered":"http:\/\/www.ladislavjakl.cz\/?p=929"},"modified":"2011-04-19T14:22:03","modified_gmt":"2011-04-19T13:22:03","slug":"rozhovor-l-j-pro-pravo","status":"publish","type":"post","link":"https:\/\/www.ladislavjakl.cz\/?p=929","title":{"rendered":"Rozhovor: L.J. pro Pr\u00e1vo"},"content":{"rendered":"<p><strong>Tajemn\u00edk prezidenta Ladislav Jakl: V p\u0159\u00edpad\u011b p\u00e1du vl\u00e1dy Klaus u\u017e nemus\u00ed podpo\u0159it stejnou sestavu<\/strong><\/p>\n<p><strong><!--more-->Zdroj:\u00a0Pr\u00e1vo <\/strong><\/p>\n<p><strong>Datum:\u00a011.04.2011 <\/strong><\/p>\n<p><strong>Str.:\u00a01 <\/strong><\/p>\n<p><strong> <\/strong><\/p>\n<p>* <strong>Prezident<\/strong> <strong>Klaus<\/strong> v sobotu mluvil o tom, \u017ee je nutn\u00e9 jist\u00e9 p\u0159eskupen\u00ed vl\u00e1dy. Co si pod t\u00edm p\u0159edstavit?<\/p>\n<p>To ani nen\u00ed hlavn\u00edm z\u00e1jmem prezidenta. Reagoval sp\u00ed\u0161 na v\u00fdroky pana premi\u00e9ra, kter\u00fd v souvislosti s rezignac\u00ed pana B\u00e1rty \u0159\u00edkal, \u017ee by si p\u0159edstavoval do konce jara je\u0161t\u011b n\u011bjak\u00e9 zm\u011bny. Na to mu pan prezident odv\u011btil, \u017ee jestli je k tomu n\u011bjak\u00e1 dobr\u00e1 p\u0159\u00edle\u017eitost, tak se maj\u00ed ud\u011blat hned. Ale \u017ee by to bylo n\u011bco, co by prezidenta prioritn\u011b zaj\u00edmalo, to ur\u010dit\u011b ne.<\/p>\n<p>* Co je tedy t\u00edm hlavn\u00edm z\u00e1jmem prezidenta?<\/p>\n<p>V\u00edte, \u017ee pan prezident byl osm dn\u016f v Ji\u017en\u00ed Americe, kam s velmi slabou intenzitou do\u0161plouchaly \u0161k\u00e1rkoviny a b\u00e1rtoviny. Kdy\u017e se vr\u00e1til, tak tady to vypad\u00e1 na politickou a vl\u00e1dn\u00ed krizi. Prezident m\u00e1 dojem, \u017ee je evidentn\u00ed, \u017ee tady n\u011bkdo vrt\u00ed psem. Tady se n\u011bkdo ze z\u00e1kulis\u00ed sna\u017e\u00ed ovl\u00e1dat v\u00fdvoj politick\u00e9 sc\u00e9ny, hraj\u00ed se v tom r\u016fzn\u00e9 politick\u00e9 z\u00e1jmy. Nen\u00ed n\u00e1hodou, pro\u010d zrovna v ur\u010ditou chv\u00edli se n\u011bjak\u00e1 v\u011bc otev\u0159e. To bychom byli v\u0161ichni velmi naivn\u00ed, kdybychom si \u0159ekli, \u017ee zrovna minul\u00fd t\u00fdden na\u0161el tenhle mlyn\u00e1\u0159 n\u011bco pod roho\u017ekou. Hraj\u00ed se tady prost\u011b r\u016fzn\u00e9 hry, kter\u00e9 ukazuj\u00ed s nesnesitelnou lehkost\u00ed, jak je to snadn\u00e9. Jak je snadn\u00e9 zacloumat politickou sc\u00e9nou. To je jedna v\u011bc. Druh\u00e1 v\u011bc je, \u017ee ti akt\u00e9\u0159i, kte\u0159\u00ed do toho vstoupili, nainvestuj\u00ed r\u016fzn\u00e9 po\u017eadavky a ultim\u00e1ta a nijak z jejich chov\u00e1n\u00ed nen\u00ed vid\u011bt \u2013 a to je prezident\u016fv dojem \u2013, jsouli p\u0159ipraveni na variantu, kdy ten v\u00fdvoj p\u016fjde jinak. Kdy reakce partner\u016f bude jin\u00e1, ne\u017e o\u010dek\u00e1vali. Jestli na tu variantu je n\u011bkdo p\u0159ipraven, jestli m\u00e1 pl\u00e1n B, D nebo jestli t\u00edm eskalov\u00e1n\u00edm n\u011bkter\u00fdch n\u00e1rok\u016f si n\u011bkdo n\u00e1hodou neobjedn\u00e1v\u00e1 turbulenci, kterou potom s\u00e1m nezvl\u00e1d\u00e1 a kter\u00e1 ohroz\u00ed stabilitu politick\u00e9ho syst\u00e9mu. To je evidentn\u00ed.<br \/>\n(Pokra\u010dov\u00e1n\u00ed na str. 2)<\/p>\n<p>Tajemn\u00edk prezidenta Jakl\u2026<br \/>\n(Pokra\u010dov\u00e1n\u00ed ze str. 1)<\/p>\n<p>* Kdo je ten n\u011bkdo, kdo to zkou\u0161\u00ed?<\/p>\n<p>Nen\u00ed d\u016fle\u017eit\u00e9, co bych odpov\u011bd\u011bl. Jsem stejn\u00fd pozorovatel jako vy a moje spekulace nem\u00e1 v\u011bt\u0161\u00ed hodnotu ne\u017e kohokoli jin\u00e9ho. Ale jak zn\u00e1m pana prezidenta, neum\u00edm si p\u0159edstavit, \u017ee by do n\u011bjak\u00e9 takov\u00e9 hry \u0161el.<\/p>\n<p>* Mysl\u00edte hry na p\u0159eb\u011bhl\u00edky?<\/p>\n<p>Neum\u00edm si p\u0159edstavit, \u017ee by takovou hru jen tak bez mrknut\u00ed oka p\u0159ijal a stal se n\u00e1strojem hry n\u011bkoho jin\u00e9ho. Je to u\u017e p\u011bt let obehran\u00e1 hra na p\u0159eb\u011bhl\u00edky, kterou tady n\u011bkdo zkou\u0161\u00ed hr\u00e1t. Tu hru na p\u0159eb\u011bhl\u00edky prost\u011b po t\u011bch p\u011bti letech hr\u00e1t nebude.<\/p>\n<p>* Tak\u017ee prezident by nejmenoval vl\u00e1du postavenou na p\u0159eb\u011bhl\u00edc\u00edch?<\/p>\n<p>Nebudu \u0159\u00edkat \u017e\u00e1dn\u00e9 ultimativn\u00ed v\u011bty, koneckonc\u016f ani takto jsem o tom s panem prezidentem nemluvil. Ale jsem p\u0159esv\u011bd\u010den, \u017ee o\u010dek\u00e1vat od n\u011bj automaticky, \u017ee bude hr\u00e1t podle ciz\u00edho partu a obehran\u00e9 p\u011bt let star\u00e9 hry na p\u0159eb\u011bhl\u00edky, tak jak ho zn\u00e1m, nepova\u017euji skoro za mo\u017en\u00e9. Stejn\u011b tak \u017ee by automaticky podpo\u0159il stejn\u00fd model koali\u010dn\u00edho vl\u00e1dnut\u00ed, jak\u00fd je te\u010f, v p\u0159\u00edpad\u011b, \u017ee ztroskot\u00e1.<\/p>\n<p>* Neboli pokud by vl\u00e1da padla, dostal by premi\u00e9r Ne\u010das druhou \u0161anci na sestaven\u00ed nov\u00e9ho t\u00fdmu?<\/p>\n<p>Odpov\u011bd\u011bl jsem na to v p\u0159edchoz\u00ed v\u011bt\u011b. \u0158eknu to mo\u017en\u00e1 je\u0161t\u011b trochu jinak, srozumiteln\u011bji. To, \u017ee sou\u010dasn\u00e1 vl\u00e1dn\u00ed koalice dostala \u0161anci po volb\u00e1ch, \u00fapln\u011b automatick\u00e9 nebylo. Volby vyhr\u00e1l n\u011bkdo jin\u00fd. To, \u017ee dostala \u0161anci zrovna tato konkr\u00e9tn\u00ed sestava, bylo v\u00fdsledkem toho, \u017ee p\u0159i\u0161la s n\u011bjakou konkr\u00e9tn\u00ed dohodou, kter\u00e1 zaru\u010dovala jasnou v\u011bt\u0161inu. Jestli ta dohoda padne, jestli to ztroskot\u00e1, tak o\u010dek\u00e1vat od prezidenta, \u017ee zase stejn\u011b \u2013 bez mrknut\u00ed oka, jen tak automaticky \u2013 podpo\u0159\u00ed stejnou sestavu, tak mysl\u00edm, \u017ee do toho by ne\u0161el.<\/p>\n<p>* \u0160el by tedy prezident do toho, pov\u011b\u0159it v\u00edt\u011bze voleb, \u0161\u00e9fa soc. dem. Sobotku, sestaven\u00edm nov\u00e9 vl\u00e1dy?<\/p>\n<p>Nechci spekulovat o takov\u00fdchto konkr\u00e9tech, pokud jsem o tom s panem prezidentem nemluvil. Jen \u0159\u00edk\u00e1m, \u017ee tak jak ho zn\u00e1m, automatick\u00e9 o\u010dek\u00e1v\u00e1n\u00ed, \u017ee se to n\u011bjak p\u0159erovn\u00e1 a pojede se d\u00e1l, tak to prost\u011b o\u010dek\u00e1vat od prezidenta nejde.<\/p>\n","protected":false},"excerpt":{"rendered":"<p>Tajemn\u00edk prezidenta Ladislav Jakl: V p\u0159\u00edpad\u011b p\u00e1du vl\u00e1dy Klaus u\u017e nemus\u00ed podpo\u0159it stejnou sestavu<\/p>\n","protected":false},"author":1,"featured_media":0,"comment_status":"open","ping_status":"open","sticky":false,"template":"","format":"standard","meta":{"ngg_post_thumbnail":0,"footnotes":""},"categories":[13],"tags":[],"class_list":["post-929","post","type-post","status-publish","format-standard","hentry","category-rozhovory"],"_links":{"self":[{"href":"https:\/\/www.ladislavjakl.cz\/index.php?rest_route=\/wp\/v2\/posts\/929","targetHints":{"allow":["GET"]}}],"collection":[{"href":"https:\/\/www.ladislavjakl.cz\/index.php?rest_route=\/wp\/v2\/posts"}],"about":[{"href":"https:\/\/www.ladislavjakl.cz\/index.php?rest_route=\/wp\/v2\/types\/post"}],"author":[{"embeddable":true,"href":"https:\/\/www.ladislavjakl.cz\/index.php?rest_route=\/wp\/v2\/users\/1"}],"replies":[{"embeddable":true,"href":"https:\/\/www.ladislavjakl.cz\/index.php?rest_route=%2Fwp%2Fv2%2Fcomments&post=929"}],"version-history":[{"count":1,"href":"https:\/\/www.ladislavjakl.cz\/index.php?rest_route=\/wp\/v2\/posts\/929\/revisions"}],"predecessor-version":[{"id":930,"href":"https:\/\/www.ladislavjakl.cz\/index.php?rest_route=\/wp\/v2\/posts\/929\/revisions\/930"}],"wp:attachment":[{"href":"https:\/\/www.ladislavjakl.cz\/index.php?rest_route=%2Fwp%2Fv2%2Fmedia&parent=929"}],"wp:term":[{"taxonomy":"category","embeddable":true,"href":"https:\/\/www.ladislavjakl.cz\/index.php?rest_route=%2Fwp%2Fv2%2Fcategories&post=929"},{"taxonomy":"post_tag","embeddable":true,"href":"https:\/\/www.ladislavjakl.cz\/index.php?rest_route=%2Fwp%2Fv2%2Ftags&post=929"}],"curies":[{"name":"wp","href":"https:\/\/api.w.org\/{rel}","templated":true}]}}