{"id":9290,"date":"2018-09-20T14:35:01","date_gmt":"2018-09-20T12:35:01","guid":{"rendered":"http:\/\/www.ladislavjakl.cz\/?p=9290"},"modified":"2018-09-20T14:35:01","modified_gmt":"2018-09-20T12:35:01","slug":"duel-kratina-versus-jakl-presvedci-vas-herec-nebo-klausuv-exporadce","status":"publish","type":"post","link":"https:\/\/www.ladislavjakl.cz\/?p=9290","title":{"rendered":"Duel: Kratina versus Jakl. P\u0159esv\u011bd\u010d\u00ed v\u00e1s herec, nebo Klaus\u016fv exporadce?"},"content":{"rendered":"<p>Duel kandid\u00e1ta za SPD Ladislava Jakla a herce Vladim\u00edra Kratiny, kter\u00e9ho chce do Sen\u00e1tu dostat ODS. (Video: Seznam.cz)<\/p>\n<p><!--more--><\/p>\n<p><img loading=\"lazy\" decoding=\"async\" class=\"c_h c_e\" src=\"https:\/\/d39-a.sdn.szn.cz\/d_39\/c_img_E_L\/zbeCA.png?fl=cro,0,0,1920,1080|res,1200,,1|jpg,80,,1\" width=\"444\" height=\"250\"><\/p>\n<p>N\u011bkdej\u0161\u00ed prav\u00e1 ruka V\u00e1clava Klause Ladislav Jakl a popul\u00e1rn\u00ed filmov\u00fd Drtikol Vladim\u00edr Kratina se st\u0159etnou o&nbsp;m\u00edsto v&nbsp;Sen\u00e1tu na Praze 2&nbsp;a 3.&nbsp;Jeden chce bojovat proti \u201e\u0159\u00edzen\u00e9 migraci do Evropy\u201d, ten druh\u00fd m\u00e1 v&nbsp;pl\u00e1nu krotit \u201emoci\u017erouty\u201c. Maj\u00ed \u0161anci proti favorizovan\u00e9mu Marku Hil\u0161erovi? Co cht\u011bj\u00ed v&nbsp;horn\u00ed komo\u0159e prosadit? Sen\u00e1tor\u0161t\u00ed kandid\u00e1ti za SPD Ladislav Jakl a za ODS Vladim\u00edr Kratina debatuj\u00ed v&nbsp;Duelu.<\/p>\n<p>Kratina je v politice nov\u00e1\u010dkem. V&nbsp;horn\u00ed komo\u0159e chce bojovat proti \u201echorobn\u011b ambici\u00f3zn\u00edm moci\u017erout\u016fm\u201c. N\u00e1stroje k&nbsp;jejich zkrocen\u00ed podle n\u011bj Sen\u00e1t m\u00e1. V&nbsp;horn\u00ed komo\u0159e chce pos\u00edlit pod\u00edl obc\u00ed a kraj\u016f na v\u00fdnosu z&nbsp;dan\u00ed. A&nbsp;prosadit z\u00e1kon o&nbsp;nez\u00e1vislosti m\u00e9di\u00ed a novin\u00e1\u0159\u016f.<\/p>\n<p class=\"c_Q\">Kratinovu kandidaturu zviditelnil spor mezi poslancem ODS V\u00e1clavem Klausem ml. a veden\u00edm ODS. Sv\u00e9 spolustran\u00edky Klaus ml. na\u0161tval t\u00edm, \u017ee v&nbsp;Praze 2&nbsp;podpo\u0159il n\u011bkdej\u0161\u00edho \u0159editele politick\u00e9ho odboru prezidentsk\u00e9 kancel\u00e1\u0159e, sv\u00e9ho otce Ladislava Jakla. Ten kandiduje s&nbsp;podporou SPD.<\/p>\n<p class=\"c_Q\">Nab\u00eddku SPD p\u0159ijal Jakl podle sv\u00fdch slov proto, \u017ee hnut\u00ed Tomia Okamury nejd\u016fsledn\u011bji a nejhlasit\u011bji kritizuje migraci do Evropy. Odpor proti n\u00ed tvo\u0159\u00ed j\u00e1dro Jaklova programu. Tradi\u010dn\u011b bojuje tak\u00e9 proti \u201eutahov\u00e1n\u00ed \u0161roub\u016f bruselsk\u00e9 centralizace\u201d.<\/p>\n<p><a href=\"https:\/\/www.seznamzpravy.cz\/clanek\/kratina-versus-jakl-presvedci-vas-herec-nebo-klausuv-exporadce-56170\">Zdroj a video ZDE<\/a><\/p>\n","protected":false},"excerpt":{"rendered":"<p>Duel kandid\u00e1ta za SPD Ladislava Jakla a herce Vladim\u00edra Kratiny, kter\u00e9ho chce do Sen\u00e1tu dostat ODS. (Video: Seznam.cz)<\/p>\n","protected":false},"author":1,"featured_media":0,"comment_status":"open","ping_status":"open","sticky":false,"template":"","format":"standard","meta":{"ngg_post_thumbnail":0,"footnotes":""},"categories":[22,13,12],"tags":[],"class_list":["post-9290","post","type-post","status-publish","format-standard","hentry","category-jakl-senator","category-rozhovory","category-video"],"_links":{"self":[{"href":"https:\/\/www.ladislavjakl.cz\/index.php?rest_route=\/wp\/v2\/posts\/9290","targetHints":{"allow":["GET"]}}],"collection":[{"href":"https:\/\/www.ladislavjakl.cz\/index.php?rest_route=\/wp\/v2\/posts"}],"about":[{"href":"https:\/\/www.ladislavjakl.cz\/index.php?rest_route=\/wp\/v2\/types\/post"}],"author":[{"embeddable":true,"href":"https:\/\/www.ladislavjakl.cz\/index.php?rest_route=\/wp\/v2\/users\/1"}],"replies":[{"embeddable":true,"href":"https:\/\/www.ladislavjakl.cz\/index.php?rest_route=%2Fwp%2Fv2%2Fcomments&post=9290"}],"version-history":[{"count":1,"href":"https:\/\/www.ladislavjakl.cz\/index.php?rest_route=\/wp\/v2\/posts\/9290\/revisions"}],"predecessor-version":[{"id":9291,"href":"https:\/\/www.ladislavjakl.cz\/index.php?rest_route=\/wp\/v2\/posts\/9290\/revisions\/9291"}],"wp:attachment":[{"href":"https:\/\/www.ladislavjakl.cz\/index.php?rest_route=%2Fwp%2Fv2%2Fmedia&parent=9290"}],"wp:term":[{"taxonomy":"category","embeddable":true,"href":"https:\/\/www.ladislavjakl.cz\/index.php?rest_route=%2Fwp%2Fv2%2Fcategories&post=9290"},{"taxonomy":"post_tag","embeddable":true,"href":"https:\/\/www.ladislavjakl.cz\/index.php?rest_route=%2Fwp%2Fv2%2Ftags&post=9290"}],"curies":[{"name":"wp","href":"https:\/\/api.w.org\/{rel}","templated":true}]}}