{"id":9292,"date":"2018-09-20T14:55:03","date_gmt":"2018-09-20T12:55:03","guid":{"rendered":"http:\/\/www.ladislavjakl.cz\/?p=9292"},"modified":"2018-09-20T14:55:22","modified_gmt":"2018-09-20T12:55:22","slug":"ladislav-jakl-do-senatu-kampan-ktera-je-videt-dnes-vystoupi-na-demonstraci-na-podporu-madarska-s-doubravou-foldynou-klausem-a-dalsimi","status":"publish","type":"post","link":"https:\/\/www.ladislavjakl.cz\/?p=9292","title":{"rendered":"Ladislav Jakl do Sen\u00e1tu. Kampa\u0148, kter\u00e1 je vid\u011bt. Dnes vystoup\u00ed na demonstraci na podporu Ma\u010farska s Doubravou, Foldynou, Klausem a dal\u0161\u00edmi"},"content":{"rendered":"<p>Kandid\u00e1t na sen\u00e1tora za sen\u00e1tn\u00ed obvod Praha 2 Ladislav Jakl vystoup\u00ed spolu s poslancem V\u00e1clavem Klausem na demonstraci na podporu Viktora Orb\u00e1na 20. z\u00e1\u0159\u00ed od 17 hodin p\u0159ed ma\u010farskou ambas\u00e1dou v Praze 6. S proslovem vystoup\u00ed, p\u0159edpokl\u00e1dan\u00ed \u0159e\u010dn\u00edci: Europoslanec J. Kohl\u00ed\u010dek, sen\u00e1tor P\u010cR J. Doubrava, poslanec J. Foldyna, poslanec V. Klaus.<span id=\"more-207360\"><\/span><\/p>\n<p><!--more--><\/p>\n<div id=\"attachment_206007\" class=\"wp-caption aligncenter\" style=\"width: 555px;\"><img loading=\"lazy\" decoding=\"async\" class=\" wp-image-206007\" src=\"http:\/\/www.vlasteneckenoviny.cz\/wp-content\/uploads\/2018\/08\/Ladislav-Jakl-do-Sen%C3%A1tu.jpg\" sizes=\"auto, (max-width: 655px) 100vw, 655px\" srcset=\"http:\/\/www.vlasteneckenoviny.cz\/wp-content\/uploads\/2018\/08\/Ladislav-Jakl-do-Sen\u00e1tu.jpg 655w, http:\/\/www.vlasteneckenoviny.cz\/wp-content\/uploads\/2018\/08\/Ladislav-Jakl-do-Sen\u00e1tu-300x206.jpg 300w, http:\/\/www.vlasteneckenoviny.cz\/wp-content\/uploads\/2018\/08\/Ladislav-Jakl-do-Sen\u00e1tu-200x137.jpg 200w, http:\/\/www.vlasteneckenoviny.cz\/wp-content\/uploads\/2018\/08\/Ladislav-Jakl-do-Sen\u00e1tu-50x34.jpg 50w\" alt=\"\" width=\"555\" height=\"381\"><\/div>\n<div>&nbsp;<\/div>\n<div>\n<p>Akce D.O.S.T. podporuje demonstraci na podporu Viktora Orb\u00e1na, tak jako kandidaturu Ladislava Jakla do Sen\u00e1tu. \u201eB\u016fh \u017eehnej Svato\u0161t\u011bp\u00e1nsk\u00e9 korun\u011b!\u201c stoj\u00ed v prohl\u00e1\u0161en\u00ed Akce D.O.S.T. na adresu \u0161ikanovan\u00e9ho Ma\u010farska.&nbsp;<\/p>\n<p>\u201eKdo sleduje v\u00fdvoj mezin\u00e1rodn\u00ed politiky, nem\u016f\u017ee p\u0159ehl\u00e9dnout sebevra\u017eedn\u00fd kurz Z\u00e1padu, kter\u00fd sm\u011b\u0159uje k nevyhnuteln\u00e9mu kolapsu. Masov\u00e1 imigrace nen\u00ed prvotn\u00ed p\u0159\u00ed\u010dinou, ale jedn\u00edm z p\u0159\u00edznak\u016f a mohutn\u00fdm urychlova\u010dem tohoto v\u00fdvoje. Zodpov\u011bdn\u00ed a svobodn\u00ed politikov\u00e9 nemohou ov\u0161em takov\u00fd kurz p\u0159ijmout. A to ani pod n\u00e1tlakem,\u201c stoj\u00ed d\u00e1le v prohl\u00e1\u0161en\u00ed Akce D.O.S.T.<\/p>\n<p>Prohl\u00e1\u0161en\u00ed uzav\u00edraj\u00ed slovy, \u017ee sou\u010dasn\u00fd premi\u00e9r Ma\u010farsk\u00e9 republiky Viktor Orb\u00e1n se s plnou vahou sv\u00e9ho \u00fa\u0159adu a s podporou ob\u010dan\u016f postavil proti nesmysln\u00fdm \u201esm\u011brnic\u00edm\u201c a dok\u00e1\u017ee vzdorovat politick\u00e9mu n\u00e1tlaku i bezprecedentn\u00ed \u0161tvanici m\u00e9di\u00ed. \u201eAkce D.O.S.T. je pobou\u0159ena obsahem i formou \u00fatok\u016f, jim\u017e je vystaven, a vyjad\u0159uje sou\u010dasn\u00fdm zahrani\u010dn\u011b politick\u00fdm krok\u016fm Ma\u010farsk\u00e9 republiky plnou podporu, nebo\u0165 si uv\u011bdomuje, \u017ee aktu\u00e1ln\u00ed boj o Budape\u0161\u0165 je tak\u00e9 bojem za Prahu, bojem za budoucnost Evropy,\u201c uzav\u0159eli.<\/p>\n<div class=\"code-block code-block-5\">\n<div id=\"gpt_unit_\/162717810\/CZ-vlasteneckenoviny.cz\/FAT_CH_05-DWPOSTVN-res_4_ad_container\"><a href=\"http:\/\/www.vlasteneckenoviny.cz\/?p=207360\">Zdroj<\/a><\/div>\n<\/div>\n<\/div>\n","protected":false},"excerpt":{"rendered":"<p>Kandid\u00e1t na sen\u00e1tora za sen\u00e1tn\u00ed obvod Praha 2 Ladislav Jakl vystoup\u00ed spolu s poslancem V\u00e1clavem Klausem na demonstraci na podporu Viktora Orb\u00e1na 20. z\u00e1\u0159\u00ed od 17 hodin p\u0159ed ma\u010farskou ambas\u00e1dou v Praze 6. S proslovem vystoup\u00ed, p\u0159edpokl\u00e1dan\u00ed \u0159e\u010dn\u00edci: Europoslanec J. Kohl\u00ed\u010dek, sen\u00e1tor P\u010cR J. Doubrava, poslanec J. Foldyna, poslanec V. Klaus.<\/p>\n","protected":false},"author":1,"featured_media":0,"comment_status":"open","ping_status":"open","sticky":false,"template":"","format":"standard","meta":{"ngg_post_thumbnail":0,"footnotes":""},"categories":[22],"tags":[],"class_list":["post-9292","post","type-post","status-publish","format-standard","hentry","category-jakl-senator"],"_links":{"self":[{"href":"https:\/\/www.ladislavjakl.cz\/index.php?rest_route=\/wp\/v2\/posts\/9292","targetHints":{"allow":["GET"]}}],"collection":[{"href":"https:\/\/www.ladislavjakl.cz\/index.php?rest_route=\/wp\/v2\/posts"}],"about":[{"href":"https:\/\/www.ladislavjakl.cz\/index.php?rest_route=\/wp\/v2\/types\/post"}],"author":[{"embeddable":true,"href":"https:\/\/www.ladislavjakl.cz\/index.php?rest_route=\/wp\/v2\/users\/1"}],"replies":[{"embeddable":true,"href":"https:\/\/www.ladislavjakl.cz\/index.php?rest_route=%2Fwp%2Fv2%2Fcomments&post=9292"}],"version-history":[{"count":2,"href":"https:\/\/www.ladislavjakl.cz\/index.php?rest_route=\/wp\/v2\/posts\/9292\/revisions"}],"predecessor-version":[{"id":9294,"href":"https:\/\/www.ladislavjakl.cz\/index.php?rest_route=\/wp\/v2\/posts\/9292\/revisions\/9294"}],"wp:attachment":[{"href":"https:\/\/www.ladislavjakl.cz\/index.php?rest_route=%2Fwp%2Fv2%2Fmedia&parent=9292"}],"wp:term":[{"taxonomy":"category","embeddable":true,"href":"https:\/\/www.ladislavjakl.cz\/index.php?rest_route=%2Fwp%2Fv2%2Fcategories&post=9292"},{"taxonomy":"post_tag","embeddable":true,"href":"https:\/\/www.ladislavjakl.cz\/index.php?rest_route=%2Fwp%2Fv2%2Ftags&post=9292"}],"curies":[{"name":"wp","href":"https:\/\/api.w.org\/{rel}","templated":true}]}}