{"id":9299,"date":"2018-09-24T14:13:46","date_gmt":"2018-09-24T12:13:46","guid":{"rendered":"http:\/\/www.ladislavjakl.cz\/?p=9299"},"modified":"2018-09-24T14:13:46","modified_gmt":"2018-09-24T12:13:46","slug":"negramotne-tetky-nemcova-a-sojdrova-gay-pospisil-i-syrsti-sirotci-zradci-a-kolaboranti-hanba-hamackovi-zvule-bruselu-mlady-klaus-okamura-a-foldyna-demonstrovali-tohle-si-jinde-neprectete","status":"publish","type":"post","link":"https:\/\/www.ladislavjakl.cz\/?p=9299","title":{"rendered":"Negramotn\u00e9 tetky N\u011bmcov\u00e1 a \u0160ojdrov\u00e1, gay Posp\u00ed\u0161il i syr\u0161t\u00ed sirotci. Zr\u00e1dci a kolaboranti. Hanba Ham\u00e1\u010dkovi! Zv\u016fle Bruselu. Mlad\u00fd Klaus, Okamura a Foldyna demonstrovali. Tohle si jinde nep\u0159e\u010dtete"},"content":{"rendered":"<p><strong>REPORT\u00c1\u017d Spolek Hej, ob\u010dan\u00e9 z.s. za silnou a suver\u00e9nn\u00ed \u010cR \u017darka Jovanovi\u010de po\u0159\u00e1dal ve \u010dtvrtek manifestaci na podporu demokracie a suverenity Ma\u010farska, v odporu proti tomu, \u017ee Evropsk\u00fd parlament souhlasil s n\u00e1vrhem na sankce, kdy by Ma\u010farsku mohla b\u00fdt odebr\u00e1na hlasovac\u00ed pr\u00e1va v EU.<\/strong><\/p>\n<p><!--more--><\/p>\n<p>Na akci vystoupili \u0159e\u010dn\u00edci nap\u0159\u00ed\u010d politick\u00fdm spektrem, od V\u00e1clava Klause ml. z&nbsp;ODS, Tomia Okamury z&nbsp;SPD, Jaroslava Foldyny z&nbsp;\u010cSSD po Josefa Sk\u00e1lu a Jarom\u00edra Kohl\u00ed\u010dka z&nbsp;KS\u010cM. Se\u0161lo se necel\u00fdch 200 lid\u00ed a demonstranti m\u011bli s&nbsp;sebou prapory Ma\u010farska a transparenty s&nbsp;p\u0159e\u0161krtlou vlajkou EU \u010di s&nbsp;n\u00e1pisem \u201eSov\u011btsk\u00fd svaz \u2013 Evropsk\u00e9 unie vzor\u201c.<\/p>\n<p>\u0158e\u010dn\u00edci nap\u0159\u00ed\u010d spektrem se shodli, \u017ee je nep\u0159\u00edpustn\u00e9, aby Evropsk\u00e1 unie po\u0161lap\u00e1vala suverenitu Ma\u010farska a po\u0161lap\u00e1vala v\u00fdsledek demokratick\u00fdch voleb v&nbsp;Ma\u010farsku. Mnoz\u00ed d\u00e1le vyz\u00fdvali k&nbsp;tomu, aby se skupina Visegr\u00e1d 4 nedala rozd\u011blit a aby v\u0161echny politick\u00e9 s\u00edly odleva doprava, kter\u00e9 h\u00e1j\u00ed suverenitu a demokracii, p\u0159i obran\u011b t\u011bchto hodnot kooperovaly, proto\u017ee Evropsk\u00e1 unie omezuje demokracii a p\u0159\u00ed\u0161t\u011b m\u016f\u017ee za n\u00e1\u0161 odpor k&nbsp;imigraci trestat i n\u00e1s.<\/p>\n<h4><strong>Otev\u0159en\u00e1 agrese Evropsk\u00e9 unie<\/strong><\/h4>\n<p>P\u0159edseda SPD a m\u00edstop\u0159edseda Poslaneck\u00e9 sn\u011bmovny&nbsp;<strong>Tomio Okamura<\/strong>&nbsp;odsoudil \u010desk\u00e9 europoslance, kte\u0159\u00ed podpo\u0159ili trest\u00e1n\u00ed Ma\u010farska za to, \u017ee \u201enesk\u00e1\u010de tak, jak Brusel p\u00edsk\u00e1\u201c. Podle n\u011bj se ze strany EU jedn\u00e1 o otev\u0159enou represi, otev\u0159enou agresi a poru\u0161en\u00ed suverenity. Srovnal to se srpnem 1968. EU po\u0161lap\u00e1v\u00e1 demokratick\u00e9 pr\u00e1vo ma\u010farsk\u00fdch ob\u010dan\u016f rozhodovat si ve sv\u00e9 vlastn\u00ed zemi. \u0158ekl, \u017ee je hanba, \u017ee sankce proti Ma\u010farsku podpo\u0159il p\u0159edseda \u010cSSD Jan Ham\u00e1\u010dek, kter\u00fd nyn\u00ed spravuje Ministerstvo zahrani\u010dn\u00edch v\u011bc\u00ed. Podle Okamury \u010de\u0161t\u00ed europoslanci, kte\u0159\u00ed hlasovali proti Ma\u010farsku, zradili i n\u00e1s, proto\u017ee se jedn\u00e1 o bruselsk\u00fd \u00fatok proti V4.&nbsp;<\/p>\n<p>\u0160\u00e9f SPD zm\u00ednil, \u017ee je t\u0159eba se inspirovat Ma\u010farskem a zamezit, aby n\u00e1m zde \u0161kodily agentury ze zahrani\u010d\u00ed, kter\u00e9 p\u016fsob\u00ed proti na\u0161im z\u00e1jm\u016fm a proti na\u0161im n\u00e1rod\u016fm. \u201eStop Soros,\u201c \u0159ekl. Orb\u00e1n h\u00e1j\u00ed n\u00e1rodn\u00ed hrdost, suverenitu a p\u0159irozen\u00e9 hodnoty. Je to nov\u00fd de Gaulle Evropy, kter\u00fd se neboj\u00ed postavit proti Bruselu ani Washingtonu. To, \u017ee \u010desk\u00fd parlament neodm\u00edtl pakty o migraci a uprchl\u00edc\u00edch, je podle Okamury ostuda a zrada.<\/p>\n<h4><strong>Globalist\u00e9 usiluj\u00edc\u00ed o sv\u011btovl\u00e1du a zni\u010den\u00ed n\u00e1rod\u016f a rodin<\/strong><\/h4>\n<p>Poslanec ODS&nbsp;<strong>V\u00e1clav Klaus mlad\u0161\u00ed<\/strong>&nbsp;na \u00favod \u0159ekl, \u017ee musel \u010delit ot\u00e1zk\u00e1m, jak m\u016f\u017ee p\u0159ij\u00edt na takov\u00e9 setk\u00e1n\u00ed a jak si m\u016f\u017ee dovolit se postavit mezi takov\u00e9 politiky, kte\u0159\u00ed tam hovo\u0159\u00ed. \u0158ekl, \u017ee nep\u0159i\u0161el podpo\u0159it Orb\u00e1na jako takov\u00e9ho, ale svobodu a demokracii Ma\u010far\u016f rozhodovat si sami o sv\u00e9 zemi. P\u0159irovnal chov\u00e1n\u00ed Evropsk\u00e9 unie k&nbsp;chov\u00e1n\u00ed SSSR a Var\u0161avsk\u00e9 smlouvy v&nbsp;roce 1968. \u201eM\u011blo v&nbsp;roce 1968 \u010ceskoslovensko pr\u00e1vo j\u00edt si vlastn\u00ed cestou? Dnes podle Bruselu nem\u00e1 zase Ma\u010farsko pr\u00e1vo j\u00edt vlastn\u00ed cestou,\u201c \u0159ekl. Informoval, \u017ee p\u0159ipravuje n\u00e1vrh rezoluce v&nbsp;Poslaneck\u00e9 sn\u011bmovn\u011b, kter\u00e1 by odsoudila usnesen\u00ed Evropsk\u00e9ho parlamentu proti Ma\u010farsku.<\/p>\n<p>Dle n\u011bj jsou politici, kte\u0159\u00ed h\u00e1j\u00ed n\u00e1rodn\u00ed z\u00e1jmy a tradi\u010dn\u00ed hodnoty, pod \u00fatokem globalist\u016f, kte\u0159\u00ed usiluj\u00ed o sv\u011btovl\u00e1du a kte\u0159\u00ed bojuj\u00ed proti n\u00e1rodu, rodin\u011b a tradi\u010dn\u00edm hodnot\u00e1m. I u n\u00e1s jsou lid\u00e9, kte\u0159\u00ed pracuj\u00ed pro globalisty. P\u0159\u00ed\u0161t\u011b budeme na \u0159ad\u011b my.<\/p>\n<p>I m\u00edstop\u0159edseda \u010cSSD a poslanec&nbsp;<strong>Jaroslav Foldyna<\/strong>&nbsp;\u0159ekl, \u017ee mu n\u011bkte\u0159\u00ed radili \u201enecho\u010f tam, proto\u017ee tam bude ten a ten\u201c. \u0158ekl ale, \u017ee je dob\u0159e, \u017ee se p\u0159\u00edtomn\u00ed politici dok\u00e1\u017eou shodnout na nejz\u00e1kladn\u011bj\u0161\u00edch v\u011bcech obrany Visegr\u00e1du, n\u00e1rodn\u00edch z\u00e1jm\u016f a ochrany na\u0161ich d\u011bt\u00ed.&nbsp;&nbsp;<\/p>\n<p>Europoslanec KS\u010cM&nbsp;<strong>Jarom\u00edr Kohl\u00ed\u010dek<\/strong>&nbsp;mluvil o tom, \u017ee akt Evropsk\u00e9ho parlamentu je hrub\u00fdm z\u00e1sahem do vnit\u0159n\u00edch z\u00e1le\u017eitost\u00ed \u010dlensk\u00e9ho st\u00e1tu EU podobn\u011b jako sankce proti Polsku. \u0158ekl, \u017ee sice nesouhlas\u00ed s&nbsp;n\u011bkter\u00fdmi v\u011bcmi, kter\u00e9 d\u011bl\u00e1 polsk\u00e1 \u010di ma\u010farsk\u00e1 vl\u00e1da, ale z&nbsp;Bruselu nemaj\u00ed pr\u00e1vo n\u00e1m na\u0159izovat, co m\u00e1me d\u011blat. P\u0159\u00ed\u0161t\u011b m\u016f\u017ee Brusel trestat i n\u00e1s. P\u0159ipomn\u011bl bl\u00ed\u017e\u00edc\u00ed se v\u00fdro\u010d\u00ed Mnichova 1938. \u201eNechci dikt\u00e1t!\u201c zvolal Kohl\u00ed\u010dek.&nbsp;<\/p>\n<p>Spisovatel a kandid\u00e1t do Sen\u00e1tu na Praze 4&nbsp;<strong>Benjamin Kuras<\/strong>&nbsp;\u0159ekl, \u017ee kdy\u017e ji\u017e p\u0159ed dvaceti lety varoval, \u017ee se EU m\u011bn\u00ed v&nbsp;totalitn\u00ed superst\u00e1t, nikdo mu nev\u011b\u0159il. D\u0159\u00edv EU p\u0159edst\u00edrala, \u017ee je demokracie, dnes u\u017e se o to ani nesna\u017e\u00ed. P\u0159ed dvaceti lety \u0159\u00edkal, \u017ee totalitn\u00ed isl\u00e1m a totalitn\u00ed EU jsou nejv\u011bt\u0161\u00ed hrozby pro na\u0161i civilizaci. \u201eDnes se d\u00edv\u00e1m, \u017ee u\u017e to \u0159\u00edk\u00e1 \u0159ada z&nbsp;v\u00e1s. Upozor\u0148uji, \u017ee v\u00e1m nebudu \u00fa\u010dtovat za copyright,\u201c podotkl ironicky Kuras.<\/p>\n<h4><strong>Bude Ji\u0159\u00ed Posp\u00ed\u0161il \u017ealovat \u010ceskou republiku za diskriminaci?<\/strong><\/h4>\n<p>\u201eMa\u010fa\u0159i, jsme s&nbsp;v\u00e1mi!\u201c zah\u0159\u00edmal kandid\u00e1t SPD do Sen\u00e1tu&nbsp;<strong>Ladislav Jakl<\/strong>. \u0158ekl, \u017ee je t\u0159eba omluvit se za na\u0161e europoslance, kte\u0159\u00ed nereprezentuj\u00ed n\u00e1\u0161 n\u00e1rod a kte\u0159\u00ed n\u00e1s zradili. Zm\u00ednil, \u017ee se v&nbsp;televizi zeptal Ji\u0159\u00edho Posp\u00ed\u0161ila, zda je homosexu\u00e1l. Ale nebylo mu u\u017e dovoleno vysv\u011btlit, pro\u010d se na to pt\u00e1. Ma\u010farsko bylo toti\u017e Bruselem odsouzeno i za to, \u017ee nem\u00e1 v&nbsp;\u00fastav\u011b ochranu genderismu a nen\u00ed v&nbsp;n\u00ed v\u00fdslovn\u011b uveden ani z\u00e1kaz diskriminace na z\u00e1klad\u011b sexu\u00e1ln\u00ed orientace. Cht\u011bl se tedy zeptat Posp\u00ed\u0161ila, \u017ee kdy\u017e hlasoval proti Ma\u010farsku, zda se c\u00edt\u00ed diskriminov\u00e1n u n\u00e1s. \u010cesk\u00e1 \u00fastava toti\u017e tak\u00e9 nem\u00e1 uveden z\u00e1kaz diskriminace na z\u00e1klad\u011b sexu\u00e1ln\u00ed orientace. Tak\u017ee se ho cht\u011bl dot\u00e1zat, zda Posp\u00ed\u0161il nechyst\u00e1 tak\u00e9 kroky proti \u010cesk\u00e9 republice.<\/p>\n<p>V\u00fdtky proti Ma\u010farsku byly dle Jakla jen z\u00e1minky. Jde o vyd\u00edr\u00e1n\u00ed a zastra\u0161ov\u00e1n\u00ed a p\u0159\u00ed\u0161t\u011b jsme na \u0159ad\u011b my. Brusel\u0161t\u00ed centralist\u00e9 dle Jakla c\u00edt\u00ed, \u017ee odp\u016frci bruselsk\u00e9 centralizace s\u00edl\u00ed. \u201eM\u016f\u017eeme m\u00edt velmi odli\u0161n\u00e9 n\u00e1zory, ale spolupracujme proti centralizaci EU,\u201c vyzval Jakl.<\/p>\n<h4><strong>Drah\u00e9 tetky a j\u00e1<\/strong><\/h4>\n<p>B\u00fdval\u00fd m\u00edstop\u0159edseda KS\u010cM&nbsp;<strong>Josef Sk\u00e1la<\/strong>&nbsp;my\u0161lenku spolupr\u00e1ce podpo\u0159il. \u0158ekl, \u017ee \u010dek\u00e1, a\u017e se v&nbsp;m\u00e9di\u00edch bude ps\u00e1t, \u017ee se spojili \u201eextremist\u00e9 z&nbsp;obou p\u00f3l\u016f\u201c. \u201eHanba \u010cesk\u00e9 televizi!\u201c za\u010dali skandovat lid\u00e9. Sk\u00e1la \u0159ekl, \u017ee je dob\u0159e, \u017ee se zde se\u0161li politici z&nbsp;vlasteneck\u00e9ho a demokratick\u00e9ho spektra h\u00e1j\u00edc\u00ed demokracii a n\u00e1rodn\u00ed suverenitu. K\u016flem v&nbsp;plot\u011b se podle n\u011bj stanou kolaboranti. \u0158ekl, \u017ee souhlas\u00ed s&nbsp;Jaklem, aby se vlastenci nap\u0159\u00ed\u010d spektrem nenechali roze\u0161tvat.<\/p>\n<p>Sk\u00e1la odsoudil vyd\u00edr\u00e1n\u00ed sirotky. P\u0159ipomn\u011bl, \u017ee dle ortodoxn\u00edch muslim\u016f m\u016f\u017ee vyd\u00e1n\u00ed sirotka do rodiny nev\u011b\u0159\u00edc\u00edho vyvolat pomstu muslim\u016f. \u201eTo ale negramotn\u00e9 politick\u00e9 tetky nev\u011bd\u00ed,\u201c r\u00fdpl si patrn\u011b do Michaely \u0160ojdrov\u00e9 a Miroslavy N\u011bmcov\u00e9, kter\u00e9 podpo\u0159ily p\u0159ijet\u00ed syrsk\u00fdch d\u011bt\u00ed do \u010cR. \u0158ekl, \u017ee glob\u00e1ln\u00ed pakty o migraci a uprchl\u00edc\u00edch mohou v\u00e9st ke spojov\u00e1n\u00ed rodin. Vyzval k&nbsp;tomu, aby obh\u00e1jci n\u00e1rodn\u00edch z\u00e1jm\u016f nakreslili hranice (red lines) proti kolaborant\u016fm a dikt\u00e1tu Bruselu, p\u0159es kter\u00e9 je u\u017e nep\u0159\u00edpustn\u00e9, aby Brusel za\u0161el.<\/p>\n<p>Sk\u00e1la t\u00e9\u017e p\u0159e\u010detl spole\u010dn\u00fd dopis premi\u00e9ru Orb\u00e1novi, kter\u00fd po akci odevzdali na ma\u010farsk\u00e9 ambas\u00e1d\u011b. V&nbsp;n\u011bm se p\u00ed\u0161e o nehor\u00e1zn\u00fdch sankc\u00edch, kter\u00e9 vyvolaly rozho\u0159\u010den\u00ed v&nbsp;\u010cR a kter\u00e9 jsou \u00fatokem na suverenitu Ma\u010farska. Odpor Ma\u010far\u016f m\u00e1 na\u0161e sympatie. Sankce EU se podobaj\u00ed Mnichovsk\u00e9mu dikt\u00e1tu. Mus\u00edme se postavit proti zv\u016fli, kter\u00e1 ohro\u017euje bezpe\u010dnost a suverenitu n\u00e1s v\u0161ech.&nbsp;&nbsp;<\/p>\n<p>Sen\u00e1tor&nbsp;<strong>Jaroslav Doubrava<\/strong>&nbsp;\u0159ekl, \u017ee v&nbsp;odporu k&nbsp;migraci a dikt\u00e1tu EU podporuje ma\u010farsk\u00e9ho i \u010desk\u00e9ho premi\u00e9ra. Hlasov\u00e1n\u00ed \u010desk\u00fdch europoslanc\u016f z&nbsp;ANO, \u010cSSD a TOP 09 za potrest\u00e1n\u00ed Ma\u010farska ozna\u010dil za ostudu a dareb\u00e1ctv\u00ed. Odsoudil i v\u00fdzvu n\u011bkter\u00fdch sen\u00e1tor\u016f k&nbsp;p\u0159ijet\u00ed syrsk\u00fdch takzvan\u00fdch \u201esirotk\u016f\u201c. Mus\u00edme se br\u00e1nit proti dal\u0161\u00ed imigraci, proto\u017ee sem p\u0159ich\u00e1zej\u00ed lid\u00e9 nevzd\u011blan\u00ed a nevzd\u011blateln\u00ed, kte\u0159\u00ed p\u0159i\u0161li pouze \u010derpat z&nbsp;na\u0161eho soci\u00e1ln\u00edho syst\u00e9mu.<\/p>\n<h4><strong>Ma\u010fa\u0159i dle EU sp\u00e1chali nejv\u011bt\u0161\u00ed h\u0159\u00edch \u2013 zvolili si,&nbsp; koho cht\u011bli<\/strong><\/h4>\n<p>Sen\u00e1tor&nbsp;<strong>Jan Veleba<\/strong>&nbsp;vyj\u00e1d\u0159il podporu prezidentu Milo\u0161i Zemanovi a premi\u00e9ru Andreji Babi\u0161ovi v&nbsp;odporu k&nbsp;p\u0159ij\u00edm\u00e1n\u00ed imigrant\u016f. \u201eTato zem\u011b je na\u0161e,\u201c p\u0159ipomn\u011bl Zemanovu v\u00fdzvu. V&nbsp;m\u00e9di\u00edch jsou sice srdceryvn\u00e9 titulky o \u201esyrsk\u00fdch sirotc\u00edch\u201c, ale politici, kte\u0159\u00ed to podporuj\u00ed, se dle n\u011bj sami stanou sirotky, proto\u017ee p\u0159ijdou o sv\u00e9 voli\u010de.<\/p>\n<p>M\u00edstop\u0159edseda SPD a poslanec&nbsp;<strong>Radim Fiala<\/strong>&nbsp;\u0159ekl, \u017ee EU je neomarxistick\u00fd projekt, kter\u00fd m\u00e1 rozb\u00edt n\u00e1rodn\u00ed st\u00e1ty a vytvo\u0159it jeden superst\u00e1t. Z&nbsp;EU k&nbsp;n\u00e1m p\u0159ich\u00e1z\u00ed pl\u00ed\u017eiv\u00e1 totalita a to sam\u00e9, co Ma\u010farsku, se m\u016f\u017ee p\u0159\u00ed\u0161t\u011b p\u0159ihodit i n\u00e1m.<\/p>\n<p>Podle poslance SPD&nbsp;<strong>Ji\u0159\u00edho Kobzy<\/strong>&nbsp;Ma\u010fa\u0159i sp\u00e1chali to, co je v&nbsp;Bruselu pova\u017eov\u00e1no za nejv\u011bt\u0161\u00ed h\u0159\u00edch \u2013 zvolili si, koho cht\u011bli. Dle n\u011bj n\u00e1s EU vede do pekel. Brusel usiluje o to, aby se vl\u00e1dy i spole\u010dnost organizovala dle kv\u00f3t, kolik je kde \u017een a kolik je kde barevn\u00fdch. Sjednocen\u00e1 V4 je pro Brusel no\u010dn\u00ed m\u016fra, proto se ji sna\u017e\u00ed rozd\u011blit a rozb\u00edt a vynutit si poslu\u0161nost silou. Jde o po\u0161lap\u00e1n\u00ed demokracie.<\/p>\n<p>M\u00edstop\u0159edseda SPOZ&nbsp;<strong>Petr \u0160m\u00edd<\/strong>&nbsp;\u0159ekl, \u017ee n\u00e1m znovu hroz\u00ed diktatura. Nemaj\u00ed pr\u00e1vo n\u00e1m vl\u00e1dnout pseudohumanist\u00e9 z&nbsp;Bruselu a nikdo nem\u00e1 pr\u00e1vo rozhodovat o n\u00e1s. Ma\u010farsko je pro n\u00e1s vzorem.<\/p>\n<p><strong>Stanislav Bal\u00edk<\/strong>&nbsp;ze Slu\u0161n\u00fdch lid\u00ed p\u0159ipomn\u011bl roky 1938 a 1968. Dle n\u011bho nyn\u00ed v&nbsp;EU plat\u00ed Bre\u017en\u011bvova doktr\u00edna omezen\u00e9 suverenity. Na za\u010d\u00e1tku migra\u010dn\u00ed krize st\u00e1l Orb\u00e1n s\u00e1m proti nep\u0159\u00edteli podobn\u011b jako Churchill v&nbsp;roce 1940. Hovo\u0159il o zr\u00e1dc\u00edch n\u00e1roda, \u201eHolanech, Draho\u0161\u00edch, Bec\u00edch\u201c a dal\u0161\u00edch.<\/p>\n<h4><strong>M\u00e1lo pokrokovosti Ma\u010farska v&nbsp;ot\u00e1zce migrant\u016f, genderu a homosexu\u00e1l\u016f\u2026<\/strong><\/h4>\n<p>J\u00e1dro v\u00fdtek europoslanc\u016f proti Ma\u010farsku se t\u00fdk\u00e1 zach\u00e1zen\u00ed s migranty. Europoslanc\u016fm se nel\u00edb\u00ed, \u017ee ileg\u00e1ln\u00ed migranti jsou internov\u00e1ni a rychle vyho\u0161\u0165ov\u00e1ni, \u017ee v\u011bt\u0161ina \u017e\u00e1dost\u00ed o azyl je zam\u00edtnuta, \u017ee Ma\u010farsko br\u00e1n\u00ed svoje hranice silou a podobn\u011b.<\/p>\n<p>Europoslance d\u00e1le mimo jin\u00e9 tr\u00e1p\u00ed neuctiv\u00e9 zach\u00e1zen\u00ed s Georgem Sorosem. Ma\u010farsk\u00e1 vl\u00e1da pr\u00fd v kv\u011btnu 2015 uskute\u010dnila ve\u0159ejn\u00e9 konzultace nazvan\u00e9&nbsp;Migrace a terorismus a v \u0159\u00edjnu roku 2017 konzultace nam\u00ed\u0159en\u00e9 proti tzv. Sorosovu pl\u00e1nu. Tyto konzultace podle EP \u201epoukazovaly na paralely mezi terorismem a migrac\u00ed, vyvol\u00e1valy nen\u00e1vist v\u016f\u010di migrant\u016fm a zam\u011b\u0159ovaly se zejm\u00e9na na osobu George Sorose a Unii\u201c. Ma\u010farsk\u00fd premi\u00e9r se \u00fadajn\u011b ve sv\u00e9m projevu p\u0159ednesen\u00e9m dne 15. b\u0159ezna 2018 v Budape\u0161ti \u201euch\u00fdlil ke sporn\u00fdm slovn\u00edm \u00fatok\u016fm v\u010detn\u011b jednozna\u010dn\u011b stereotypn\u00edch antisemitsk\u00fdch \u00fatok\u016f v\u016f\u010di Georgi Sorosovi, kter\u00e9 by mohly b\u00fdt pova\u017eov\u00e1ny za st\u00edhateln\u00e9\u201c.<\/p>\n<p>Ma\u010farsko tak\u00e9 nen\u00ed dostate\u010dn\u011b pokrokov\u00e9, pokud jde o prosazov\u00e1n\u00ed genderov\u00e9 ideologie. St\u00e1le zde pr\u00fd \u201ep\u0159etrv\u00e1vaj\u00ed patriarch\u00e1ln\u00ed stereotypn\u00ed postoje k postaven\u00ed \u017een ve spole\u010dnosti\u201c. V nov\u00fdch \u0161koln\u00edch u\u010debnic\u00edch se pr\u00fd \u201est\u00e1le objevuj\u00ed genderov\u00e9 stereotypy, podle kter\u00fdch jsou \u017eeny prim\u00e1rn\u011b matkami a man\u017eelkami\u201c. \u017deny jsou pr\u00fd nad\u00e1le \u201enedostate\u010dn\u011b zastoupeny v politick\u00e9m \u017eivot\u011b\u201c a \u201ena rovnost \u017een a mu\u017e\u016f v souvislosti s volbami se nevztahuj\u00ed \u017e\u00e1dn\u00e9 pr\u00e1vn\u00ed po\u017eadavky\u201c. Ma\u010farsko tak\u00e9 doposud neratifikovalo Istanbulskou \u00famluvu.<\/p>\n<p>Ma\u010farsko nen\u00ed ani n\u00e1le\u017eit\u011b duhov\u00e9. Probl\u00e9mem je mimo jin\u00e9, \u017ee \u201e\u00fastavn\u00ed z\u00e1kaz diskriminace mezi d\u016fvody diskriminace v\u00fdslovn\u011b nezahrnuje sexu\u00e1ln\u00ed orientaci ani genderovou identitu. A \u017ee by jeho \u00fazk\u00e1 definice rodiny mohla v\u00e9st k diskriminaci, nebo\u0165 nezahrnuje jist\u00e9 druhy rodinn\u00e9ho uspo\u0159\u00e1d\u00e1n\u00ed, v\u010detn\u011b p\u00e1r\u016f stejn\u00e9ho pohlav\u00ed\u201c. V zemi jsou pr\u00fd roz\u0161\u00ed\u0159en\u00e9 negativn\u00ed stereotypy a p\u0159edsudky v\u016f\u010di lesbick\u00fdm, gay, bisexu\u00e1ln\u00edm a transgender osob\u00e1m, zejm\u00e9na v oblasti zam\u011bstnanosti a vzd\u011bl\u00e1v\u00e1n\u00ed.<\/p>\n<p><a href=\"https:\/\/www.parlamentnilisty.cz\/arena\/monitor\/Negramotne-tetky-Nemcova-a-Sojdrova-gay-Pospisil-i-syrsti-sirotci-Zradci-a-kolaboranti-Hanba-Hamackovi-Zvule-Bruselu-Mlady-Klaus-Okamura-a-Foldyna-demonstrovali-Tohle-si-jinde-neprectete-552380\">Zdroj<\/a><\/p>\n<p>&nbsp;<\/p>\n","protected":false},"excerpt":{"rendered":"<p>REPORT\u00c1\u017d Spolek Hej, ob\u010dan\u00e9 z.s. za silnou a suver\u00e9nn\u00ed \u010cR \u017darka Jovanovi\u010de po\u0159\u00e1dal ve \u010dtvrtek manifestaci na podporu demokracie a suverenity Ma\u010farska, v odporu proti tomu, \u017ee Evropsk\u00fd parlament souhlasil s n\u00e1vrhem na sankce, kdy by Ma\u010farsku mohla b\u00fdt odebr\u00e1na hlasovac\u00ed pr\u00e1va v EU.<\/p>\n","protected":false},"author":1,"featured_media":0,"comment_status":"open","ping_status":"open","sticky":false,"template":"","format":"standard","meta":{"ngg_post_thumbnail":0,"footnotes":""},"categories":[22,11],"tags":[],"class_list":["post-9299","post","type-post","status-publish","format-standard","hentry","category-jakl-senator","category-ozvena"],"_links":{"self":[{"href":"https:\/\/www.ladislavjakl.cz\/index.php?rest_route=\/wp\/v2\/posts\/9299","targetHints":{"allow":["GET"]}}],"collection":[{"href":"https:\/\/www.ladislavjakl.cz\/index.php?rest_route=\/wp\/v2\/posts"}],"about":[{"href":"https:\/\/www.ladislavjakl.cz\/index.php?rest_route=\/wp\/v2\/types\/post"}],"author":[{"embeddable":true,"href":"https:\/\/www.ladislavjakl.cz\/index.php?rest_route=\/wp\/v2\/users\/1"}],"replies":[{"embeddable":true,"href":"https:\/\/www.ladislavjakl.cz\/index.php?rest_route=%2Fwp%2Fv2%2Fcomments&post=9299"}],"version-history":[{"count":1,"href":"https:\/\/www.ladislavjakl.cz\/index.php?rest_route=\/wp\/v2\/posts\/9299\/revisions"}],"predecessor-version":[{"id":9300,"href":"https:\/\/www.ladislavjakl.cz\/index.php?rest_route=\/wp\/v2\/posts\/9299\/revisions\/9300"}],"wp:attachment":[{"href":"https:\/\/www.ladislavjakl.cz\/index.php?rest_route=%2Fwp%2Fv2%2Fmedia&parent=9299"}],"wp:term":[{"taxonomy":"category","embeddable":true,"href":"https:\/\/www.ladislavjakl.cz\/index.php?rest_route=%2Fwp%2Fv2%2Fcategories&post=9299"},{"taxonomy":"post_tag","embeddable":true,"href":"https:\/\/www.ladislavjakl.cz\/index.php?rest_route=%2Fwp%2Fv2%2Ftags&post=9299"}],"curies":[{"name":"wp","href":"https:\/\/api.w.org\/{rel}","templated":true}]}}