{"id":9301,"date":"2018-09-24T14:17:27","date_gmt":"2018-09-24T12:17:27","guid":{"rendered":"http:\/\/www.ladislavjakl.cz\/?p=9301"},"modified":"2018-09-24T14:17:56","modified_gmt":"2018-09-24T12:17:56","slug":"divoch-ladislav-jakl-obvinil-jirinku-pospisilovou-z-kolaborace","status":"publish","type":"post","link":"https:\/\/www.ladislavjakl.cz\/?p=9301","title":{"rendered":"DIVOCH LADISLAV JAKL OBVINIL JI\u0158INKU POSP\u00cd\u0160ILOVOU Z KOLABORACE"},"content":{"rendered":"<p>Jsme ji\u017e zvykl\u00ed, \u017ee Ar\u00e9na Jarom\u00edra Soukupa na TV Barrandov b\u00fdv\u00e1 proti po\u0159ad\u016fm na havlistick\u00e9 neomarxistick\u00e9 \u010cT uvoln\u011bn\u00e1 a necenzurovan\u00e1. Tentokr\u00e1t, 19. z\u00e1\u0159\u00ed 2018, v\u0161ak d\u00edky svobodomysln\u00e9mu sen\u00e1torsk\u00e9mu kandid\u00e1tovi za SPD Ladislavu Jaklovi byla opravdu velice politicky nekorektn\u00ed a svobodn\u00e1, tak, jak m\u00e1 takov\u00fd po\u0159ad prost\u011b vypadat.<\/p>\n<p><!--more--><\/p>\n<p>Je jasn\u00e9, \u017ee se o to pan Soukup sna\u017e\u00ed, ale na\u0161i politici jsou ji\u017e tak dlouho nucen\u00ed d\u00e1vat si pozor na \u00fasta, aby nebyli obvin\u011bni p\u00e1ny Kalousky z nacismu \u010di fa\u0161ismu, \u017ee nejsou ji\u017e sami schopni mluvit svobodn\u011b. Tentokr\u00e1t se moder\u00e1tor Soukup do\u010dkal diskut\u00e9ra nemaj\u00edc\u00edho na \u00fastech n\u00e1hubek. Ladislav Jakl roz\u017ehavil ostatn\u00ed jindy &#8222;sp\u00edc\u00ed&#8220; a noblesn\u011b se tv\u00e1\u0159\u00edc\u00ed diskut\u00e9ry do b\u011bla a odezvy na internetu na po\u0159ad jsou snad v\u0161ude, kam \u010dlov\u011bk klikne. Zejm\u00e9na jeho duel s panem Posp\u00ed\u0161ilem st\u00e1l zato. Je vid\u011bt, \u017ee ostr\u00e1 diskuse bez n\u00e1hubku politick\u00e9 korektnosti se ob\u010dan\u016fm l\u00edb\u00ed.<\/p>\n<p><img decoding=\"async\" title=\"Jste homosexu\u00e1l? zeptal se v Ar\u00e9n\u011b divoch Jakl europoslance Posp\u00ed\u0161ila\" src=\"http:\/\/www.prvnizpravy.cz\/repository\/zpravy\/_antialias_0f7b3693-bbce-11e8-9a36-003048df98d0_a0a7d9c03537baa203eafd69a348b24a.jpg\" alt=\"Jste homosexu\u00e1l? zeptal se v Ar\u00e9n\u011b divoch Jakl europoslance Posp\u00ed\u0161ila\" border=\"0\"><\/p>\n<p><em>Do po\u0159adu p\u0159i\u0161li krom\u011b pana Jakla ministryn\u011b financ\u00ed Alena Schillerov\u00e1 (ANO), m\u00edstop\u0159edsedkyn\u011b ODS Alexandra Ud\u017eeniju, m\u00edstop\u0159edseda Pir\u00e1t\u016f Mikul\u00e1\u0161 Peksa a p\u0159edseda TOP 09 Ji\u0159\u00ed Posp\u00ed\u0161il<\/em>.&nbsp;<em>(sn\u00edmek p\u0159evzat z obrazovky TV Barrandov)<\/em><\/p>\n<div id=\"zprava_text\">\n<p align=\"justify\"><strong>Prvn\u00ed dotaz se t\u00fdkal syrsk\u00fdch Sirotk\u016f, kter\u00e9 nechce nelida Babi\u0161 p\u0159est\u011bhovat do \u010cech&nbsp;<\/strong><\/p>\n<div align=\"justify\">Ladislav Jakl, kter\u00fd sice panu Babi\u0161ovi v ot\u00e1zce migra\u010dn\u00ed politiky p\u0159\u00edli\u0161 nev\u011b\u0159\u00ed a po\u010dk\u00e1, zda Babi\u0161 nezm\u011bn\u00ed r\u00e9toriku po volb\u00e1ch, m\u00e1 v tomto jasno:&nbsp;<em><strong>&#8222;Celou tu akci (vyvolanou europoslankyn\u00ed \u0160ojdrovou &#8211; pozn. redakce) pova\u017euji za hanebn\u00fd populismus.<\/strong>&nbsp;Kdy\u017e se pod\u00edv\u00e1me na situaci ve sv\u011bt\u011b, tak t\u011bch pades\u00e1t sirotk\u016f je asi jedna deseti miliontina ze v\u0161ech sirotk\u016f. A j\u00e1 se pt\u00e1m, kterou tu pravou deseti miliontinu zachr\u00e1n\u00edme?&#8220;&nbsp;&nbsp;<\/em><\/div>\n<div align=\"justify\">&nbsp;<\/div>\n<div align=\"justify\">\n<div align=\"justify\">Ministryn\u011b financ\u00ed Schillerov\u00e1 nejd\u0159\u00edve ujistila pana Jakla, \u017ee pokud jde o migra\u010dn\u00ed politiku Andreje Babi\u0161e, profiluje se neust\u00e1le stejn\u011b a nezm\u011bn\u00ed podle n\u00ed n\u00e1zor ani po volb\u00e1ch. V p\u0159edvolebn\u00edm boji zneu\u017e\u00edv\u00e1 podle n\u00ed d\u011bti pouze KDU \u00fasty pan\u00ed \u0160ojdrov\u00e9, o n\u00ed\u017e nesly\u0161ela cel\u00fdch p\u011bt let, a kdy\u017e se nyn\u00ed bl\u00ed\u017e\u00ed volby, chce se zviditelnit:&nbsp;<em>&#8222;<strong>Je to zneu\u017eit\u00ed d\u011bt\u00ed v p\u0159edvolebn\u00edm boji. O pan\u00ed \u0160ojdrov\u00e9 jsem nesly\u0161ela p\u011bt let, a najednou se ozve a\u017e te\u010f, p\u0159ed volbami.&#8220;<\/strong><\/em>&nbsp;<\/div>\n<\/div>\n<div align=\"justify\">\n<div align=\"justify\">&nbsp;<\/div>\n<div align=\"justify\"><em>&#8222;Pokud se nab\u00eddly \u010desk\u00e9 rodiny, \u017ee by m\u011bly z\u00e1jem pomoci syrsk\u00fdch d\u011btem, pro\u010d to alespo\u0148 nezv\u00e1\u017eit a neprodiskutovat?&#8220;<\/em>&nbsp;podotkl p\u0159edseda TOP 09 Posp\u00ed\u0161il, ale nikdo nereagoval.&nbsp;Pouze pir\u00e1t Mikul\u00e1\u0161 Peksa se na dotaz pana Jakla do debaty zapojil duchapln\u00fdm v\u00fdk\u0159ikem:<em>&#8222;Aspo\u0148 se Babi\u0161 odkope.&#8220;<\/em>&nbsp;<\/div>\n<\/div>\n<div align=\"justify\">\n<div align=\"justify\">\n<div align=\"justify\">&nbsp;<\/div>\n<\/div>\n<\/div>\n<p align=\"justify\"><strong>Pak se za\u010dalo mluvit o tom, \u017ee&nbsp;Evropsk\u00fd parlament odhlasoval protipr\u00e1vn\u00ed zah\u00e1jen\u00ed \u0159\u00edzen\u00ed proti Ma\u010farsku z d\u016fvodu v\u00e1\u017en\u00e9ho ohro\u017een\u00ed hodnot EU panem Orb\u00e1nem<\/strong><\/p>\n<div align=\"justify\">Ji\u0159\u00ed Posp\u00ed\u0161il navrhl po\u010dkat, a\u017e se s t\u00edm poperou minist\u0159i a premi\u00e9\u0159i&nbsp; jednotliv\u00fdch zem\u00ed, aby celou situaci kolem Ma\u010farska probrali na n\u011bjak\u00e9 se\u0161losti. V\u00ed z\u0159ejm\u011b, jak Evropsk\u00fd parlament pracuje.<\/div>\n<div align=\"justify\">&nbsp;<\/div>\n<div align=\"justify\">Na jeho nijakou odpov\u011b\u010f o se\u0161losti Ladislav Jakl reagoval jeho obvin\u011bn\u00edm z kolaborace:<em>&#8222;\u010cty\u0159i europoslanci za hnut\u00ed ANO mi tak akor\u00e1t dokazuj\u00ed, \u017ee to Babi\u0161 hraje na v\u0161echny strany, a pane Posp\u00ed\u0161ile, vy jste pro m\u011b kolaborant!&#8220;<\/em>&nbsp;&nbsp;<\/div>\n<div align=\"justify\">&nbsp;<\/div>\n<div align=\"justify\">Do z\u00e1stupc\u016f TOP 09 po obvin\u011bn\u00ed jejich p\u0159edsedy z kolaborace jako kdy\u017e st\u0159el\u00ed a nastala nep\u0159ipraven\u00e1 ostr\u00e1 slovn\u00ed bitva se z\u00e1stupci SPD.&nbsp; Ladislav Jakl se v n\u00ed vyj\u00e1d\u0159il v tom smyslu, \u017ee&nbsp;<strong>Posp\u00ed\u0161il nem\u00e1 r\u00e1d pana Orb\u00e1na, proto\u017ee ten nem\u00e1 r\u00e1d men\u0161iny a zejm\u00e9na homosexu\u00e1ly.<\/strong>&nbsp;(Evropsk\u00fd parlament odsuzuje Ma\u010farsko toti\u017e i proto, \u017ee pro tuto skupinu obyvatelstva Ma\u010fa\u0159i nemaj\u00ed \u017e\u00e1dn\u00e9 \u00fastupky &#8211; pozn. redakce).&nbsp;A jak je Jakl zvykl\u00fd j\u00edt v\u017edy na j\u00e1dro v\u011bci, polo\u017eil rovnou panu europoslanci ot\u00e1zku:&nbsp;<strong><em>&#8222;Jste homosexu\u00e1l?&#8220;<\/em><\/strong><\/div>\n<div align=\"justify\">&nbsp;<\/div>\n<div align=\"justify\">Pokud nyn\u00ed \u010dek\u00e1te, \u017ee Ji\u0159\u00ed Posp\u00ed\u0161il na ot\u00e1zku Ladislava Jakla hrd\u011b odpov\u011bd\u011bl Ano, tak jste velice naivn\u00ed. Pronesl pouze roz\u0161afn\u011b, \u017ee mu ot\u00e1zka nevad\u00ed, stejn\u011b jako ke kritice politiky TOP 09 dal\u0161\u00edmi p\u0159\u00edtomn\u00fdmi politiky ve studiu. U\u017e z\u0159ejm\u011b pochopil, \u017ee na\u0161i ob\u010dan\u00e9 by ho za to neobdivovali, jako si to naivn\u011b myslel kdysi, kdy\u017e to hrd\u011b p\u0159izn\u00e1val v dob\u011b, kdy \u017eil u V\u00e1clava Moravce, a nyn\u00ed by z\u0159ejm\u011b klesly hlasy pro jeho stranu. Pouze z \u0159ad div\u00e1k\u016f si Jakl vyslechl v\u00fdk\u0159ik: &#8222;Jakl je divoch&#8220;.<\/div>\n<div align=\"justify\">&nbsp;<\/div>\n<div align=\"justify\">Pir\u00e1t Peksa na ot\u00e1zku pana Jakla, zda je Posp\u00ed\u0161il gay, z ni\u010deho nic op\u011bt duchapln\u011b pronesl&nbsp;<em>&#8222;Ono se v tom Ma\u010farsku krade beztak v\u00edce ne\u017e tady u n\u00e1s, a to je co \u0159\u00edct.&#8220;<\/em>&nbsp;K jeho dal\u0161\u00ed odpov\u011bdi ve stylu j\u00e1 o voze, vy o koze, nen\u00ed opravdu co \u0159\u00edct. Pouze to, \u017ee urazil p\u0159es polovinu Ma\u010far\u016f. Ale to je na jin\u00fd \u010dl\u00e1nek.<\/div>\n<div align=\"justify\"><a href=\"http:\/\/www.fragmenty.czwww.fragmenty.czwww.fragmenty.cz\/index.php\/politika-cr\/item\/2358-divoch-ladislav-jakl-ovinil-jirinku-pospisilovou-z-kolaborace\">Zdroj<\/a><\/div>\n<\/div>\n","protected":false},"excerpt":{"rendered":"<p>Jsme ji\u017e zvykl\u00ed, \u017ee Ar\u00e9na Jarom\u00edra Soukupa na TV Barrandov b\u00fdv\u00e1 proti po\u0159ad\u016fm na havlistick\u00e9 neomarxistick\u00e9 \u010cT uvoln\u011bn\u00e1 a necenzurovan\u00e1. Tentokr\u00e1t, 19. z\u00e1\u0159\u00ed 2018, v\u0161ak d\u00edky svobodomysln\u00e9mu sen\u00e1torsk\u00e9mu kandid\u00e1tovi za SPD Ladislavu Jaklovi byla opravdu velice politicky nekorektn\u00ed a svobodn\u00e1, tak, jak m\u00e1 takov\u00fd po\u0159ad prost\u011b vypadat.<\/p>\n","protected":false},"author":1,"featured_media":0,"comment_status":"open","ping_status":"open","sticky":false,"template":"","format":"standard","meta":{"ngg_post_thumbnail":0,"footnotes":""},"categories":[22],"tags":[],"class_list":["post-9301","post","type-post","status-publish","format-standard","hentry","category-jakl-senator"],"_links":{"self":[{"href":"https:\/\/www.ladislavjakl.cz\/index.php?rest_route=\/wp\/v2\/posts\/9301","targetHints":{"allow":["GET"]}}],"collection":[{"href":"https:\/\/www.ladislavjakl.cz\/index.php?rest_route=\/wp\/v2\/posts"}],"about":[{"href":"https:\/\/www.ladislavjakl.cz\/index.php?rest_route=\/wp\/v2\/types\/post"}],"author":[{"embeddable":true,"href":"https:\/\/www.ladislavjakl.cz\/index.php?rest_route=\/wp\/v2\/users\/1"}],"replies":[{"embeddable":true,"href":"https:\/\/www.ladislavjakl.cz\/index.php?rest_route=%2Fwp%2Fv2%2Fcomments&post=9301"}],"version-history":[{"count":2,"href":"https:\/\/www.ladislavjakl.cz\/index.php?rest_route=\/wp\/v2\/posts\/9301\/revisions"}],"predecessor-version":[{"id":9303,"href":"https:\/\/www.ladislavjakl.cz\/index.php?rest_route=\/wp\/v2\/posts\/9301\/revisions\/9303"}],"wp:attachment":[{"href":"https:\/\/www.ladislavjakl.cz\/index.php?rest_route=%2Fwp%2Fv2%2Fmedia&parent=9301"}],"wp:term":[{"taxonomy":"category","embeddable":true,"href":"https:\/\/www.ladislavjakl.cz\/index.php?rest_route=%2Fwp%2Fv2%2Fcategories&post=9301"},{"taxonomy":"post_tag","embeddable":true,"href":"https:\/\/www.ladislavjakl.cz\/index.php?rest_route=%2Fwp%2Fv2%2Ftags&post=9301"}],"curies":[{"name":"wp","href":"https:\/\/api.w.org\/{rel}","templated":true}]}}