{"id":9306,"date":"2018-09-24T14:20:20","date_gmt":"2018-09-24T12:20:20","guid":{"rendered":"http:\/\/www.ladislavjakl.cz\/?p=9306"},"modified":"2018-09-24T14:20:20","modified_gmt":"2018-09-24T12:20:20","slug":"podle-ladislava-jakla-jsou-zivnostnici-hrdinove","status":"publish","type":"post","link":"https:\/\/www.ladislavjakl.cz\/?p=9306","title":{"rendered":"Podle Ladislava Jakla jsou \u017eivnostn\u00edci hrdinov\u00e9"},"content":{"rendered":"<p>U\u017e za p\u00e1r dn\u00ed budou voli\u010di rozhodovat, komu daj\u00ed d\u016fv\u011bru a hlas. Podle \u010deho by podle Ladislava Jakla, kandid\u00e1ta na Sen\u00e1tora m\u011bli rozpoznat, kdo je pro n\u011b ten prav\u00fd, jak zabr\u00e1nit vylid\u0148ov\u00e1n\u00ed m\u011bst a pro\u010d trest\u00e1me sv\u016fj n\u00e1rodn\u00ed n\u00e1poj spot\u0159ebn\u00ed dan\u00ed a v \u010dem souhlas\u00ed s Karlem Gottem?<\/p>\n<p><!--more--><\/p>\n<p><img decoding=\"async\" src=\"https:\/\/www.viposobnosti.cz\/obrazek\/2\/ladislav-jakl-539\/\" alt=\"\"><\/p>\n<p><em>Kandid\u00e1t do Sen\u00e1tu, Ladislav Jakl<\/em><\/p>\n<p><strong>Bl\u00ed\u017e\u00ed se volby. Vy s\u00e1m kandidujete na Sen\u00e1tora za stranu SPD. Podle jak\u00fdch krit\u00e9ri\u00ed by v\u00e1s m\u011bli lidi volit, kdy\u017e v\u011bt\u0161inou politiky, podnikatele m\u00ed\u0159\u00edci do politiky osobn\u011b neznaj\u00ed a m\u00e9dia jim p\u0159edkl\u00e1daj\u00ed \u010dasto zkreslen\u00e9 informace?<\/strong><\/p>\n<p>Slibem nezarmout\u00ed\u0161. Proto se p\u0159ed volbami \u0161ermuje hlavn\u011b sliby. Lid\u00e9 se ale maj\u00ed zaj\u00edmat o n\u00e1zory a postoje. Ale ne o ty demonstrovan\u00e9 te\u010f najednou v&nbsp;kampani, mo\u017en\u00e1 po porad\u011b s&nbsp;n\u011bjak\u00fdmi medi\u00e1ln\u00edmi \u0161\u00edbry. Voli\u010d by se m\u011bl pod\u00edvat, co kter\u00fd s&nbsp;kandid\u00e1t\u016f \u0159\u00edkal p\u0159ed rokem, p\u0159ed p\u011bti lety nebo t\u0159eba p\u0159ed dvaceti lety. Hodn\u011b kandid\u00e1t\u016f spol\u00e9h\u00e1 na to, \u017ee nikdy nic ve\u0159ejn\u011b ne\u0159ekli a v\u016f\u010di ni\u010demu se nikdy nevymezili. Nemohli tak sice nikoho z\u00edskat, ale ani na\u0161tvat.<\/p>\n<p>Voli\u010di si pak tyhle bezbarv\u00e9 nekonfliktn\u00ed typy vyb\u00edraj\u00ed, jen\u017ee to d\u011blaj\u00ed kv\u016fli tomu, \u017ee si do nich projektuj\u00ed sv\u00e1 p\u0159\u00e1n\u00ed. \u010casto i zcela protich\u016fdn\u00e1, co\u017e je mo\u017en\u00e9 jen kv\u016fli tomu, \u017ee doty\u010dn\u00fd nikdy \u017e\u00e1dn\u00e9 jasn\u00e9 postoje nedost\u00e1val. Jen\u017ee po zvolen\u00ed se takov\u00ed bezbarv\u00ed politici okam\u017eit\u011b stanou z\u00e1visl\u00fdmi, a to&nbsp;zpravila na \u00fapln\u011b n\u011bkom jin\u00e9m, ne\u017e jak p\u0159edpokl\u00e1dal voli\u010d. A\u0165 lid\u00e9 vol\u00ed, koho cht\u011bj\u00ed, pro jeho n\u00e1zory, ne podle toho, kdo n\u00e1zory ostr\u00e9 nem\u00e1 a proto se jim zd\u00e1 tak n\u011bjak p\u0159ijateln\u00fd.<\/p>\n<p><strong>Voli\u010di asi nemaj\u00ed \u010das a chu\u0165 se detailn\u011b pono\u0159ovat nejen do historie, ale pravidlen\u011b sledovat d\u011bn\u00ed. Jsou p\u0159ehlceni informacemi a z v\u00fdsledku otr\u00e1ven\u00ed. Pro\u010d by to tedy m\u011bli d\u011blat?<\/strong><\/p>\n<p>Pak je\u0161t\u011b zb\u00fdv\u00e1 jedna stra\u0161n\u011b d\u016fle\u017eit\u00e1 v\u011bc. Tou je cit. Lidi maj\u00ed sv\u00e9 instinkty a nakonec rozpoznaj\u00ed sladk\u00e9 \u0159e\u010di\u010dky od jasn\u00fdch slov, poznaj\u00ed zast\u00e1nce svobody od lid\u00ed, co jim slibuj\u00ed v\u0161elijak\u00e1 nevy\u017e\u00e1dan\u00e1 dobra za jejich pen\u00edze.<\/p>\n<p><strong>Mluv\u00edte o citu, s\u00e1m jste muzikant, rocker. Karel Gott, kter\u00e9ho si jednu dobu n\u00e1rod p\u0159\u00e1l za prezidenta \u0159\u00edk\u00e1, \u017ee velmi pe\u010dliv\u011b sleduje politiky, d\u011bn\u00ed kolem nich. Podle n\u011bj nen\u00ed d\u016fle\u017eit\u00e9 poslouchat jen co \u0159\u00edkaj\u00ed, ale p\u0159edev\u0161\u00edm melodii. D\u016fle\u017eit\u00e1 je podle n\u011bj&nbsp;p\u0159irozenost a ta je \u010dlov\u011bku dan\u00e1. Vykalkulovan\u00e1 diplomacie se pr\u00fd ihned pozn\u00e1.<\/strong>&nbsp;<strong>Souhlas\u00edte s n\u00edm?<\/strong><\/p>\n<p>J\u00e1 poslouch\u00e1m melodie nep\u0159etr\u017eit\u011b. \u010casto si p\u0159edstavuju n\u011bkde na ulici, \u017ee m\u00e1m jen jeden smysl: sluch. A p\u0159em\u00fd\u0161l\u00edm, co z&nbsp;toho sly\u0161en\u00e9ho lze o sv\u011bt\u011b kolem sebe vyrobit za p\u0159edstavy. A pochopiteln\u011b poslouch\u00e1m i lidi. Ale pozor, m\u00e1 to h\u00e1\u010dek: n\u011bkte\u0159\u00ed lid\u00e9 um\u011bj\u00ed hlasem \u017eonglovat a n\u011bkoho to m\u016f\u017ee spl\u00e9st. Vytv\u00e1\u0159ej\u00ed dojem jemnosti a p\u0159\u00e1telskosti, ale ve skute\u010dnosti je to jen cukrov\u00e1 poleva. J\u00e1 v&nbsp;hlase pozn\u00e1m afekt, ten nesn\u00e1\u0161\u00edm. Mysl\u00edm, \u017ee kdy\u017e poslouch\u00e1te pozorn\u011b, rozpozn\u00e1te, jestli to ten \u010dlov\u011bk \u0159\u00edk\u00e1 od srdce, nebo to m\u00e1 jen nau\u010den\u00e9. A kdy\u017e to od srdce jde, respektuji ho, i kdy\u017e m\u00e1 t\u0159eba \u00fapln\u011b odli\u0161n\u00e9 postoje. Hlavn\u011b kdy\u017e v&nbsp;tom nen\u00ed kalkul.<\/p>\n<p><img decoding=\"async\" src=\"https:\/\/www.viposobnosti.cz\/obrazek\/2\/kg1-jpg\/\" alt=\"\"><\/p>\n<p><em>Zp\u011bv\u00e1k Karel Gott<\/em><\/p>\n<p><strong>V rozhovorech velmi \u010dasto zd\u016fraz\u0148ujete, \u017ee je pro lidi d\u016fle\u017eit\u00e1 svoboda.&nbsp; Ne ka\u017ed\u00fd ale opravdu po svobod\u011b tou\u017e\u00ed, n\u011bkte\u0159\u00ed maj\u00ed r\u00e1di jasn\u00e9 mantinely, pot\u0159ebuj\u00ed je pro lep\u0161\u00ed orientaci v \u017eivot\u011b, a to i v p\u0159\u00edpad\u011b svobody slova. Tam \u010dten\u00e1\u0159i o\u010dek\u00e1vaj\u00ed z\u0159etelnou, pravdivou informaci. Je, podle v\u00e1s, pane Jakle, v po\u0159\u00e1dku, aby si ka\u017ed\u00fd \u0159\u00edkal, co chce, jak chce, zach\u00e1zel za hranu etiky, ur\u00e1\u017eel druh\u00e9? \u010cten\u00e1\u0159i i poslucha\u010di jsou potom \u010dasto zmaten\u00ed, proto\u017ee si m\u00e9dia i politici m\u016f\u017eou \u0159\u00edkat, co cht\u011bj\u00ed, a jen velmi t\u011b\u017eko se informace daj\u00ed ov\u011b\u0159it. Jak byste si tedy ji p\u0159edstavoval?<\/strong><\/p>\n<p>P\u0159edn\u011b m\u00e1te pravdu v&nbsp;post\u0159ehu, \u017ee ne ka\u017ed\u00fd tou\u017e\u00ed po svobod\u011b. Hlavn\u011b ne ka\u017ed\u00fd stejnou silou. Ano, je to tak, Pot\u0159eba svobody je u ka\u017ed\u00e9ho \u010dlov\u011bka jin\u00e1. Nejv\u011bt\u0161\u00ed je u lid\u00ed, kte\u0159\u00ed se odli\u0161uj\u00ed od ostatn\u00edch, od pr\u016fm\u011bru. Pot\u0159ebuj\u00ed svobodu, aby mohli j\u00edt svou cestou a sv\u00fdm \u0161t\u011bst\u00edm, za \u0161t\u011bst\u00edm, kter\u00e9 m\u00e1 u nich jinou podobu, ne\u017e \u0161t\u011bst\u00ed ostatn\u00edch. Ti, kdo se moc pr\u016fm\u011bru nevymykaj\u00ed, maj\u00ed i podobn\u00e9 p\u0159edstavy o \u0161t\u011bst\u00ed a um\u011bj\u00ed si tak p\u0159edstavit kolektivn\u00ed cestu za spole\u010dn\u00fdm \u0161t\u011bst\u00edm.<\/p>\n<p>Hodn\u011b lid\u00ed ale hlavn\u011b v\u00edc tou\u017e\u00ed po v\u00fdhod\u00e1ch, po p\u00e9\u010di st\u00e1tu, po bonusech. A kus svobody klidn\u011b ob\u011btuj\u00ed. To, \u017ee panuje relativn\u00ed svoboda, tak nen\u00ed v\u00fdsledkem p\u0159\u00e1n\u00ed lid\u00ed, \u017ee by to tak cht\u011bli, ale sp\u00ed\u0161e nezam\u00fd\u0161len\u00fdm produktem toho, \u017ee ka\u017ed\u00fd tah\u00e1 sv\u016fj vektor sna\u017een\u00ed jin\u00fdm sm\u011brem, vektory si konkuruj\u00ed, vz\u00e1jemn\u011b ru\u0161\u00ed a nastane jist\u00fd stav k\u0159ehk\u00e9 rovnov\u00e1hy mezi r\u016fzn\u00fdmi p\u0159edstavami, jak m\u00e1 sv\u011bt vypadat. Ale pro jej\u00ed k\u0159ehkost mus\u00ed existovat i takov\u00ed lid\u00e9, pro n\u011b\u017e je svoboda hlavn\u00edm c\u00edlem sna\u017een\u00ed. Nemus\u00ed jich b\u00fdt moc, ale mus\u00ed b\u00fdt sly\u0161et. A k&nbsp;t\u00e9 svobod\u011b slova: ta nesm\u00ed b\u00fdt ni\u010d\u00edm a nik\u00fdm limitov\u00e1na. Slovo je ztv\u00e1rn\u011bn\u00e1 my\u0161lenka. A svoboda my\u0161len\u00ed je svobodou v\u016fbec nejd\u016fle\u017eit\u011bj\u0161\u00ed, bez n\u00ed jsme otroci a roboti. S&nbsp;probl\u00e9my etiky si spole\u010dnost porad\u00ed, p\u0159ekro\u010den\u00ed etiky okol\u00ed trest\u00e1 svou nep\u0159\u00edzn\u00ed. A proti ur\u00e1\u017een\u00ed existuje jednoduch\u00e1 pr\u00e1vn\u00ed ochrana: ob\u010danskopr\u00e1vn\u00ed spor, v&nbsp;n\u011bm\u017e je mo\u017eno vymoci si kompenzaci za osobnostn\u00ed \u00fajmu. V\u00edce svoboda slova b\u00fdt omezov\u00e1na nemus\u00ed a ani nesm\u00ed.&nbsp; &nbsp; &nbsp;&nbsp;<\/p>\n<p><strong>Jak vn\u00edm\u00e1te svobodu slova na fen\u00f3m\u00e9nu soci\u00e1ln\u00ed s\u00edt\u011b?<\/strong><\/p>\n<p>Hlavn\u011b se nemaj\u00ed d\u00e1vat v\u0161echna vaj\u00ed\u010dka do jednoho ko\u0161\u00edku a tedy ani nem\u00e1me ve vz\u00e1jemn\u00e9 komunikaci p\u0159\u00edli\u0161 spol\u00e9hat t\u0159eba jen na jeden \u2013 jak se ukazuje dosti nespolehliv\u00fd \u2013 kan\u00e1l.&nbsp; Jak se lidi st\u00e1le v\u00edce probouzej\u00ed, bude svoboda slova nepochybn\u011b omezov\u00e1na st\u00e1le v\u00edce a brut\u00e1ln\u011bji. A tyhle formy komunikace lze kontrolovat, blokovat a ovl\u00e1dat technicky velmi snadno.<\/p>\n<p><strong>Va\u0161im kon\u00ed\u010dkem je pivo. Jste velk\u00fdm znalcem tohoto moku. Je podle v\u00e1s spr\u00e1vn\u00e9, \u017ee podl\u00e9h\u00e1 tak\u00e9 spot\u0159ebn\u00ed dani?<\/strong><\/p>\n<p>O tom u\u017e jsem mnohokr\u00e1t opakovan\u011b psal u\u017e p\u0159ed lety. \u0158\u00edk\u00e1me, \u017ee jsme pivn\u00ed n\u00e1rod. A p\u0159itom sv\u016fj n\u00e1rodn\u00ed n\u00e1poj trest\u00e1me. Spot\u0159ebn\u00ed dan\u00ed. Osobn\u011b jsem v\u016fbec proti existenci spot\u0159ebn\u00ed dan\u011b, proto\u017ee jej\u00edm c\u00edlem je prim\u00e1rn\u011b v\u00fdchova dosp\u011bl\u00fdch lid\u00ed, usm\u011br\u0148ov\u00e1n\u00ed jejich spot\u0159eby. A dosp\u011bl\u00e9 lidi podle mne st\u00e1t nem\u00e1 co vychov\u00e1vat. Ale pokud tu holt spot\u0159ebn\u00ed da\u0148 je, v&nbsp;tomto p\u0159\u00edpad\u011b na alkohol, tak se zamysleme, \u010d\u00edm ji jej\u00ed obh\u00e1jci vysv\u011btluj\u00ed: p\u0159ece \u0161kodlivost\u00ed alkoholu. Pro\u010d se tedy spot\u0159ebn\u00ed da\u0148 neodv\u00edj\u00ed od pod\u00edlu alkoholu v&nbsp;n\u00e1poji? Z&nbsp;piva se spot\u0159ebn\u00ed da\u0148 plat\u00ed, z&nbsp;v\u00edna ne (tak\u017ee je na\u0161e pivo znev\u00fdhodn\u011bno oproti dov\u00e1\u017een\u00fdm krabicov\u00fdm v\u00edn\u016fm!) a lik\u00e9ry a tvrd\u00fd alkohol zase da\u0148 maj\u00ed. Co to m\u00e1 za logiku? Nav\u00edc u piva spot\u0159ebn\u00ed da\u0148 nen\u00ed po\u010d\u00edt\u00e1na podle alkoholu ale podle stup\u0148ovitosti, tedy mno\u017estv\u00ed pou\u017eit\u00e9ho sladu. Tak\u017ee m\u00e9n\u011b pln\u00e9, zato ale v\u00edce prokva\u0161en\u00e9 a tedy v\u00edce alkoholick\u00e9 pivo m\u00e1 men\u0161\u00ed spot\u0159ebn\u00ed da\u0148, ne\u017e piva pln\u011bj\u0161\u00ed, ale m\u00e9n\u011b prokva\u0161en\u00e1 s&nbsp;men\u0161\u00edm obsahem alkoholu. Nech\u0165 se spot\u0159ebn\u00ed da\u0148 \u00fapln\u011b zru\u0161\u00ed, nebo a\u0165 se po\u010d\u00edt\u00e1 podle pod\u00edlu alkoholu. U piv tedy nejmen\u0161\u00ed, u v\u00edna v\u011bt\u0161\u00ed, u ko\u0159alek nejv\u011bt\u0161\u00ed, To by aspo\u0148 m\u011blo n\u011bjakou logiku. N\u00e1pady na \u00falevy pro \u010depovan\u00e1 piva pova\u017euji za nesyst\u00e9mov\u00e9 a tak\u00e9 za vedouc\u00ed k&nbsp;da\u0148ov\u00fdm podvod\u016fm.&nbsp;<\/p>\n<p><strong>Velk\u00e1 m\u011bsta, p\u0159edev\u0161\u00edm Praha se pomalu vylid\u0148uj\u00ed. Byty se m\u011bn\u00ed v kancel\u00e1\u0159e, jsou drah\u00e9 a pro ka\u017edodenn\u00ed bydlen\u00ed, nap\u0159\u00edklad n\u00e1kupy, klid je bydlen\u00ed p\u0159edev\u0161\u00edm v centru zcela nevhodn\u00e9. Naopak St\u0159edo\u010desk\u00fd kraj trp\u00ed p\u0159elidn\u011bnost\u00ed, nem\u00e1<\/strong>&nbsp;<strong>dostatek infrastruktury ani pracovn\u00edch m\u00edst. Jak by se dal podle v\u00e1s, kandid\u00e1ta do Sen\u00e1tu, tento probl\u00e9m \u0159e\u0161it?<\/strong><\/p>\n<p>To m\u011b tak\u00e9 tr\u00e1p\u00ed u\u017e dlouho. Kdysi jsem napsal \u010dl\u00e1nek s&nbsp;titulkem \u201eO\u017eivov\u00e1n\u00edm a\u017e \u00fapln\u00e9mu umrtven\u00ed\u201c Posm\u00edval jsem se v&nbsp;n\u011bm slovu revitalizace, tak \u010dasto pou\u017e\u00edvan\u00e9m pro faktick\u00e9 zablokov\u00e1n\u00ed center m\u011bst, kde se t\u00edm zni\u010d\u00ed ve\u0161ker\u00fd ruch a \u017eivot. Pak tomu nemaj\u00ed \u0159\u00edkat revitalizace ale t\u0159eba hybernace. Centra okresn\u00edch m\u011bst o v\u00edkendech p\u0159ipom\u00ednaj\u00ed h\u0159bitovy, proh\u00e1n\u00ed se tam leda mastn\u00fd pap\u00edr. Mohou za to \u0161\u00edlen\u00e1 dopravn\u00ed omezen\u00ed, nemo\u017enost parkov\u00e1n\u00ed. To ni\u010d\u00ed obchod a norm\u00e1ln\u00ed b\u011b\u017en\u00fd \u017eivot.<\/p>\n<p>Mnoho ulic v&nbsp;Praze p\u0159i\u0161lo o jeden pruh kv\u016fli nesmysln\u00fdm cyklostezk\u00e1m, po kter\u00fdch nikdo nejezd\u00ed, a lagunk\u00e1m, kv\u016fli kter\u00fdm nelze parkovat, ukl\u00edzet sn\u00edh nebo list\u00ed. Kamar\u00e1d m\u00e1 na \u017di\u017ekov\u011b prodejnu hudebn\u00edch n\u00e1stroj\u016f. Tam si lid\u00e9 nekupuj\u00ed jen p\u00ed\u0161\u0165alky nebo foukac\u00ed harmoniky, ale t\u0159eba t\u011b\u017ek\u00e9 reprobedny \u010di piana. A kdy\u017e tam te\u010f zak\u00e1zali parkovat, m\u016f\u017ee si pro piano n\u011bkdo dojet tramvaj\u00ed? Tak\u017ee to mo\u017en\u00e1 kamar\u00e1d zav\u0159e. Dopravn\u00ed infrastruktura je blokov\u00e1na obstrukcemi p\u0159i stavebn\u00edm \u0159\u00edzen\u00ed a z\u00e1sahy r\u016fzn\u00fdch ekofanatik\u016f. Stejn\u00e9 je to s&nbsp;byty. Ty se konkr\u00e9tn\u011b v&nbsp;Praze v\u016fbec nestav\u00ed. Na schv\u00e1len\u00ed \u010dekaj\u00ed projekty na 90 tis\u00edc byt\u016f. A zahajuje se stavba jen n\u011bkolika stovek. Pro\u010d? Proto\u017ee dne\u0161n\u00ed stavebn\u00ed \u0159\u00edzen\u00ed je hou\u0161tina, ve kter\u00e9 uv\u00edzne v\u0161e u\u017eite\u010dn\u00e9, co m\u00e1 slou\u017eit lidem.<\/p>\n<p><strong>Jsou tyto probl\u00e9my stejn\u00e9 i v dal\u0161\u00edch velk\u00fdch evropsk\u00fdch m\u011bstech a<\/strong><strong>&nbsp;jak se tam s nimi politici pot\u00fdkaj\u00ed?<\/strong><\/p>\n<p>Probl\u00e9my tam maj\u00ed podobn\u00e9, ale zrovna v&nbsp;parkov\u00e1n\u00ed jsem nevid\u011bl m\u011bsto, kter\u00e9 by na tom bylo h\u016f\u0159 ne\u017e Praha. A metropol\u00ed s&nbsp;nedokon\u010den\u00fdm d\u00e1lni\u010dn\u00edm okruhem tak\u00e9 moc nen\u00ed. A byty? Ty jsou drah\u00e9 v\u0161ude, ale pokud je to d\u00e1no popt\u00e1vkou, ned\u00e1 se holt nic d\u011blat, Ale pokud je to t\u00edm, \u017ee na jejich v\u00fdstavb\u011b n\u011bkdo sed\u00ed jak \u017e\u00e1ba na prameni, vyl\u00e9tnou ceny \u00fapln\u011b nelogicky. Firmy tak nemaj\u00ed zam\u011bstnance, proto\u017ee ti nemaj\u00ed kde bydlet. A kolem Prahy vznik\u00e1 prsten ubytoven pro agenturn\u00ed zam\u011bstnance z&nbsp;p\u016flky sv\u011bta. Se v\u0161emi probl\u00e9my, kter\u00e9 k&nbsp;tomu pat\u0159\u00ed.<\/p>\n<p><strong>Zmi\u0148ujete \u017eivnostn\u00edky. Ano, obchody s objemn\u011bj\u0161\u00edm zbo\u017e\u00edm, ale i slu\u017ebami jsou na z\u00e1kazn\u00edc\u00edch \u017eivotn\u011b z\u00e1visl\u00ed. Jak by se m\u011blo nejen obchodn\u00edk\u016fm, ale i z\u00e1kazn\u00edk\u016fm vyj\u00edt vst\u0159\u00edc? Kdy\u017e se budet ekonomika v pohybu, je to dob\u0159e pro st\u00e1t, pro lidi.<\/strong><\/p>\n<p>Kdekdo \u017evan\u00ed o podpo\u0159e \u017eivnostn\u00edk\u016f. Nemysl\u00edm, \u017ee pot\u0159ebuj\u00ed podporu. Pot\u0159ebuj\u00ed hlavn\u011b neb\u00fdt otravov\u00e1n\u00ed. &nbsp;V\u0161\u00edm mo\u017en\u00fdm. \u00fadajnou ochranou spot\u0159ebitel\u016f, kontroln\u00edm hl\u00e1\u0161en\u00edm, EET, r\u016fzn\u00fdmi normami a tis\u00edci regulac\u00ed. Kdo se v&nbsp;t\u011bchto pom\u011brech pou\u0161t\u00ed do n\u011bjak\u00e9 \u017eivnosti, je u mne hrdinou.<\/p>\n<p><em><strong>Ladislav Jakl exkluzivn\u011b pro VIPosobnosti.cz<\/strong><\/em><\/p>\n<p><em><strong>Foto: VIPosobnosti.cz<\/strong><\/em><\/p>\n<p><a href=\"https:\/\/www.viposobnosti.cz\/inpage\/podle-ladislava-jakla-jsou-zivnostnici-hrdinove\/\">Zdroj<\/a><\/p>\n","protected":false},"excerpt":{"rendered":"<p>U\u017e za p\u00e1r dn\u00ed budou voli\u010di rozhodovat, komu daj\u00ed d\u016fv\u011bru a hlas. Podle \u010deho by podle Ladislava Jakla, kandid\u00e1ta na Sen\u00e1tora m\u011bli rozpoznat, kdo je pro n\u011b ten prav\u00fd, jak zabr\u00e1nit vylid\u0148ov\u00e1n\u00ed m\u011bst a pro\u010d trest\u00e1me sv\u016fj n\u00e1rodn\u00ed n\u00e1poj spot\u0159ebn\u00ed dan\u00ed a v \u010dem souhlas\u00ed s Karlem Gottem?<\/p>\n","protected":false},"author":1,"featured_media":0,"comment_status":"open","ping_status":"open","sticky":false,"template":"","format":"standard","meta":{"ngg_post_thumbnail":0,"footnotes":""},"categories":[22,13],"tags":[],"class_list":["post-9306","post","type-post","status-publish","format-standard","hentry","category-jakl-senator","category-rozhovory"],"_links":{"self":[{"href":"https:\/\/www.ladislavjakl.cz\/index.php?rest_route=\/wp\/v2\/posts\/9306","targetHints":{"allow":["GET"]}}],"collection":[{"href":"https:\/\/www.ladislavjakl.cz\/index.php?rest_route=\/wp\/v2\/posts"}],"about":[{"href":"https:\/\/www.ladislavjakl.cz\/index.php?rest_route=\/wp\/v2\/types\/post"}],"author":[{"embeddable":true,"href":"https:\/\/www.ladislavjakl.cz\/index.php?rest_route=\/wp\/v2\/users\/1"}],"replies":[{"embeddable":true,"href":"https:\/\/www.ladislavjakl.cz\/index.php?rest_route=%2Fwp%2Fv2%2Fcomments&post=9306"}],"version-history":[{"count":1,"href":"https:\/\/www.ladislavjakl.cz\/index.php?rest_route=\/wp\/v2\/posts\/9306\/revisions"}],"predecessor-version":[{"id":9307,"href":"https:\/\/www.ladislavjakl.cz\/index.php?rest_route=\/wp\/v2\/posts\/9306\/revisions\/9307"}],"wp:attachment":[{"href":"https:\/\/www.ladislavjakl.cz\/index.php?rest_route=%2Fwp%2Fv2%2Fmedia&parent=9306"}],"wp:term":[{"taxonomy":"category","embeddable":true,"href":"https:\/\/www.ladislavjakl.cz\/index.php?rest_route=%2Fwp%2Fv2%2Fcategories&post=9306"},{"taxonomy":"post_tag","embeddable":true,"href":"https:\/\/www.ladislavjakl.cz\/index.php?rest_route=%2Fwp%2Fv2%2Ftags&post=9306"}],"curies":[{"name":"wp","href":"https:\/\/api.w.org\/{rel}","templated":true}]}}