{"id":9309,"date":"2018-09-25T09:59:04","date_gmt":"2018-09-25T07:59:04","guid":{"rendered":"http:\/\/www.ladislavjakl.cz\/?p=9309"},"modified":"2018-09-25T09:59:04","modified_gmt":"2018-09-25T07:59:04","slug":"jakl-podporme-madary-dluzime-jim-to","status":"publish","type":"post","link":"https:\/\/www.ladislavjakl.cz\/?p=9309","title":{"rendered":"Jakl: Podpo\u0159me Ma\u010fary, dlu\u017e\u00edme jim to!"},"content":{"rendered":"<p>Vystoupen\u00ed Ladislava Jakla na demonstraci v&nbsp;Praze, 20. z\u00e1\u0159\u00ed 2018 p\u0159ed ma\u010farsk\u00fdm velvyslanectv\u00edm, proti hrub\u00e9mu n\u00e1tlaku Bruselu na Ma\u010farskou republiku.<\/p>\n<p><!--more--><\/p>\n<p>https:\/\/www.youtube.com\/watch?v=rywnDCBEV_Y<\/p>\n","protected":false},"excerpt":{"rendered":"<p>Vystoupen\u00ed Ladislava Jakla na demonstraci v&nbsp;Praze, 20. z\u00e1\u0159\u00ed 2018 p\u0159ed ma\u010farsk\u00fdm velvyslanectv\u00edm, proti hrub\u00e9mu n\u00e1tlaku Bruselu na Ma\u010farskou republiku.<\/p>\n","protected":false},"author":1,"featured_media":0,"comment_status":"open","ping_status":"open","sticky":false,"template":"","format":"standard","meta":{"ngg_post_thumbnail":0,"footnotes":""},"categories":[22,12],"tags":[],"class_list":["post-9309","post","type-post","status-publish","format-standard","hentry","category-jakl-senator","category-video"],"_links":{"self":[{"href":"https:\/\/www.ladislavjakl.cz\/index.php?rest_route=\/wp\/v2\/posts\/9309","targetHints":{"allow":["GET"]}}],"collection":[{"href":"https:\/\/www.ladislavjakl.cz\/index.php?rest_route=\/wp\/v2\/posts"}],"about":[{"href":"https:\/\/www.ladislavjakl.cz\/index.php?rest_route=\/wp\/v2\/types\/post"}],"author":[{"embeddable":true,"href":"https:\/\/www.ladislavjakl.cz\/index.php?rest_route=\/wp\/v2\/users\/1"}],"replies":[{"embeddable":true,"href":"https:\/\/www.ladislavjakl.cz\/index.php?rest_route=%2Fwp%2Fv2%2Fcomments&post=9309"}],"version-history":[{"count":1,"href":"https:\/\/www.ladislavjakl.cz\/index.php?rest_route=\/wp\/v2\/posts\/9309\/revisions"}],"predecessor-version":[{"id":9310,"href":"https:\/\/www.ladislavjakl.cz\/index.php?rest_route=\/wp\/v2\/posts\/9309\/revisions\/9310"}],"wp:attachment":[{"href":"https:\/\/www.ladislavjakl.cz\/index.php?rest_route=%2Fwp%2Fv2%2Fmedia&parent=9309"}],"wp:term":[{"taxonomy":"category","embeddable":true,"href":"https:\/\/www.ladislavjakl.cz\/index.php?rest_route=%2Fwp%2Fv2%2Fcategories&post=9309"},{"taxonomy":"post_tag","embeddable":true,"href":"https:\/\/www.ladislavjakl.cz\/index.php?rest_route=%2Fwp%2Fv2%2Ftags&post=9309"}],"curies":[{"name":"wp","href":"https:\/\/api.w.org\/{rel}","templated":true}]}}