{"id":931,"date":"2011-04-19T14:23:30","date_gmt":"2011-04-19T13:23:30","guid":{"rendered":"http:\/\/www.ladislavjakl.cz\/?p=931"},"modified":"2011-04-19T14:23:30","modified_gmt":"2011-04-19T13:23:30","slug":"prebehliky-akceptovat-nebudu-vzkazal-klaus-necasovi","status":"publish","type":"post","link":"https:\/\/www.ladislavjakl.cz\/?p=931","title":{"rendered":"P\u0159eb\u011bhl\u00edky akceptovat nebudu, vzk\u00e1zal Klaus Ne\u010dasovi"},"content":{"rendered":"<p>Prezident V\u00e1clav Klaus nebude hr\u00e1t p\u011bt let starou hru na p\u0159eb\u011bhl\u00edky a  nebude akceptovat vl\u00e1du na nich zalo\u017eenou. Vypl\u00fdv\u00e1 to z prohl\u00e1\u0161en\u00ed  tajemn\u00edka prezidenta republiky Ladislava Jakla pro Parlamentn\u00edListy.cz.<\/p>\n<p><!--more--><\/p>\n<p>&#8222;Na \u010detn\u00e9 dotazy, zda lze \u010dekat z\u00edtra od pana prezidenta n\u011bjak\u00e9 dal\u0161\u00ed  kroky, mohu \u0159\u00edci, \u017ee za posledn\u00ed dva dny neprob\u011bhl od premi\u00e9ra \u017e\u00e1dn\u00fd  kontakt. Rozhodn\u011b nelze \u010dekat, \u017ee prezident p\u0159ijme p\u011bt <a href=\"http:\/\/produkty.topkontakt.idnes.cz\/p\/balonyeu-4502970\/4502970?rtype=V&amp;rmain=7812716&amp;ritem=4502970&amp;rclanek=10727045&amp;rslovo=424698&amp;showdirect=1\" target=\"_blank\">let<\/a> starou hru na p\u0159eb\u011bhl\u00edky,&#8220; \u0159ekl prezident\u016fv tajemn\u00edk Ladislav Jakl.  Nar\u00e1\u017eel t\u00edm na model, kdy se vl\u00e1da Mirka Topol\u00e1nka op\u00edrala o p\u0159eb\u011bhl\u00edky z  \u0159ad\u00a0\u010cSSD.,<\/p>\n<p>Premi\u00e9r Petr Ne\u010das ji\u017e avizoval, \u017ee by cht\u011bl\u00a0v pond\u011bl\u00ed na Hrad p\u0159in\u00e9st  demisi ministra dopravy V\u00edta B\u00e1rty. Ve h\u0159e je pak tak\u00e9 odvol\u00e1n\u00ed ministra  vnitra Radka Johna a ministra \u0161kolstv\u00ed Josefa Dobe\u0161e, rovn\u011b\u017e z VV. To  v\u0161ak vyvolalo dal\u0161\u00ed vl\u00e1dn\u00ed roztr\u017eku a po\u017eadavek VV, aby v p\u0159\u00edpad\u011b  odchodu Johna a Dobe\u0161e odvolal premi\u00e9r tak\u00e9 Miroslava Kalouska z TOP 09,  Ivana Fuksu\u00a0a Alexandra Vondru (oba ODS). jinak pr\u00fd hroz\u00ed, \u017ee Ne\u010dasovu  vl\u00e1du VV nepodpo\u0159\u00ed.<\/p>\n<p>ODS a TOP 09 by v takov\u00e9m p\u0159\u00edpad\u011b pro udr\u017een\u00ed moci pot\u0159ebovaly  nejm\u00e9n\u011b 7 poslanc\u016f, kte\u0159\u00ed by vl\u00e1du\u00a0podpo\u0159ili. Poslaneck\u00fd klub VV u\u017e m\u00e1  t\u0159i odpadl\u00edky a k\u00a0loajalit\u011b se zat\u00edm nevyj\u00e1d\u0159ila poslankyn\u011b Jana Such\u00e1.<\/p>\n<p>Miroslav Petr\u00e1\u0148 nav\u00edc v ned\u011bli vzk\u00e1zal, \u017ee v klubu strany setrv\u00e1. Uvedl ale, \u017ee chce podporovat reformn\u00ed program vl\u00e1dy, a\u0165 ji\u017e <a href=\"http:\/\/produkty.topkontakt.idnes.cz\/p\/dolce-gabbana-light-blue-7151802\/7151802?rtype=V&amp;rmain=7809808&amp;ritem=7151802&amp;rclanek=10727045&amp;rslovo=458454&amp;showdirect=1\" target=\"_blank\">budou<\/a> VV v koalici nebo v opozici.<\/p>\n<p><strong>Ne\u010das\u016fv pl\u00e1n?<br \/>\n<\/strong>Klaus se v sobotu kriticky postavil\u00a0k vyj\u00e1d\u0159en\u00ed premi\u00e9ra Petra  Ne\u010dase (ODS), \u017ee\u00a0z vl\u00e1dy odvol\u00e1\u00a0ministra vnitra Radka Johna a ministra  \u0161kolstv\u00ed Josefa Dobe\u0161e. Ne\u010dasovo jedn\u00e1n\u00ed <a href=\"http:\/\/produkty.topkontakt.idnes.cz\/p\/rychle-a-snadno-parfem-od-nas-rovnou-pro-vas\/6287452?rtype=V&amp;rmain=7809807&amp;ritem=6287452&amp;rclanek=10727045&amp;rslovo=467338&amp;showdirect=1\" target=\"_blank\">ho<\/a> pr\u00fd p\u0159ekvapilo.<\/p>\n<p>&#8222;Nast\u00e1v\u00e1 v\u00e1\u017en\u00e1 vl\u00e1dn\u00ed situace a j\u00e1 bych si moc p\u0159\u00e1l a byl jako  prezident republiky uji\u0161t\u011bn, \u017ee ti, co tohle rozehr\u00e1vaj\u00ed a rozehr\u00e1li,  v\u00ed, co bude n\u00e1sleduj\u00edc\u00ed krok. \u017de po kroku jedna mus\u00ed n\u00e1sledovat krok  dv\u011b. J\u00e1 douf\u00e1m, \u017ee v\u0161ichni n\u00e1sleduj\u00edc\u00ed kroky znaj\u00ed. J\u00e1 je nezn\u00e1m. Pro m\u011b  to, co se stalo v\u010dera ve\u010der, bylo jist\u00fdm ne\u010dekan\u00fdm p\u0159ekvapen\u00edm,&#8220; \u0159ekl  Klaus. Prezident douf\u00e1, \u017ee m\u00e1 premi\u00e9r Ne\u010das v z\u00e1loze pl\u00e1n B.<\/p>\n<p>V\u011bci ve\u0159ejn\u00e9 po\u017eaduj\u00ed, aby z vl\u00e1dy ode\u0161el i ministr financ\u00ed Miroslav  Kalousek (TOP 09) a ministr zem\u011bd\u011blstv\u00ed Ivan Fuksa (ODS) a ministr  obrany Alexandr Vondra (ODS).<\/p>\n<p>Pokud\u00a0premi\u00e9r Ne\u010das nevyhov\u00ed po\u017eadavk\u016fm V\u011bc\u00ed ve\u0159ejn\u00fdch na odchod  vybran\u00fdch ministr\u016f, hroz\u00ed, \u017ee strana jeho vl\u00e1du ve sn\u011bmovn\u011b nepodpo\u0159\u00ed.  Nazna\u010dil to p\u0159edseda VV Radek John v televizn\u00ed debat\u011b.<\/p>\n<p><a href=\"http:\/\/www.lidovky.cz\/prebehliky-akceptovat-nebudu-vzkazal-klaus-necasovi-p02-\/ln_domov.asp?c=A110410_193420_ln_domov_mk\" target=\"_blank\">Zdroj<\/a><\/p>\n","protected":false},"excerpt":{"rendered":"<p>Prezident V\u00e1clav Klaus nebude hr\u00e1t p\u011bt let starou hru na p\u0159eb\u011bhl\u00edky a nebude akceptovat vl\u00e1du na nich zalo\u017eenou. Vypl\u00fdv\u00e1 to z prohl\u00e1\u0161en\u00ed tajemn\u00edka prezidenta republiky Ladislava Jakla pro Parlamentn\u00edListy.cz.<\/p>\n","protected":false},"author":1,"featured_media":0,"comment_status":"open","ping_status":"open","sticky":false,"template":"","format":"standard","meta":{"ngg_post_thumbnail":0,"footnotes":""},"categories":[11],"tags":[],"class_list":["post-931","post","type-post","status-publish","format-standard","hentry","category-ozvena"],"_links":{"self":[{"href":"https:\/\/www.ladislavjakl.cz\/index.php?rest_route=\/wp\/v2\/posts\/931","targetHints":{"allow":["GET"]}}],"collection":[{"href":"https:\/\/www.ladislavjakl.cz\/index.php?rest_route=\/wp\/v2\/posts"}],"about":[{"href":"https:\/\/www.ladislavjakl.cz\/index.php?rest_route=\/wp\/v2\/types\/post"}],"author":[{"embeddable":true,"href":"https:\/\/www.ladislavjakl.cz\/index.php?rest_route=\/wp\/v2\/users\/1"}],"replies":[{"embeddable":true,"href":"https:\/\/www.ladislavjakl.cz\/index.php?rest_route=%2Fwp%2Fv2%2Fcomments&post=931"}],"version-history":[{"count":1,"href":"https:\/\/www.ladislavjakl.cz\/index.php?rest_route=\/wp\/v2\/posts\/931\/revisions"}],"predecessor-version":[{"id":932,"href":"https:\/\/www.ladislavjakl.cz\/index.php?rest_route=\/wp\/v2\/posts\/931\/revisions\/932"}],"wp:attachment":[{"href":"https:\/\/www.ladislavjakl.cz\/index.php?rest_route=%2Fwp%2Fv2%2Fmedia&parent=931"}],"wp:term":[{"taxonomy":"category","embeddable":true,"href":"https:\/\/www.ladislavjakl.cz\/index.php?rest_route=%2Fwp%2Fv2%2Fcategories&post=931"},{"taxonomy":"post_tag","embeddable":true,"href":"https:\/\/www.ladislavjakl.cz\/index.php?rest_route=%2Fwp%2Fv2%2Ftags&post=931"}],"curies":[{"name":"wp","href":"https:\/\/api.w.org\/{rel}","templated":true}]}}