{"id":9315,"date":"2018-09-25T10:03:12","date_gmt":"2018-09-25T08:03:12","guid":{"rendered":"http:\/\/www.ladislavjakl.cz\/?p=9315"},"modified":"2018-09-25T10:03:12","modified_gmt":"2018-09-25T08:03:12","slug":"senatni-kandidat-ladislav-jakl-nezvednu-ruku-pro-zadnou-buzeraci-k-bruselske-centralizaci-mam-skutecny-odpor","status":"publish","type":"post","link":"https:\/\/www.ladislavjakl.cz\/?p=9315","title":{"rendered":"Sen\u00e1tn\u00ed kandid\u00e1t Ladislav Jakl: Nezvednu ruku pro \u017e\u00e1dnou buzeraci. K bruselsk\u00e9 centralizaci m\u00e1m skute\u010dn\u00fd odpor"},"content":{"rendered":"<p><strong>P\u016eLNO\u010cN\u00cd ROZHOVOR \u201eM\u00e9 n\u00e1zory voli\u010di i na \u017di\u017ekov\u011b \u010di Vinohradech znaj\u00ed. Dlouhodob\u011b, cel\u00fdch posledn\u00edch 30 let. Ka\u017ed\u00fd si m\u016f\u017ee ov\u011b\u0159it, co jsem \u0159\u00edkal a psal p\u0159ed rokem, p\u0159ed p\u011bti lety, p\u0159ed dvaceti. A to o v\u0161ech mo\u017en\u00fdch v\u00e1\u017en\u00fdch politick\u00fdch z\u00e1le\u017eitostech. N\u00e1zory m\u00fdch protikandid\u00e1t\u016f nikdo nezn\u00e1. Jen jejich fr\u00e1ze,&#8220; \u0159ekl n\u00e1m Ladislav Jak jak\u00e9 jsou jeho v\u00fdhody oproti ostatn\u00edm kandid\u00e1t\u016fm do Sen\u00e1tu na Praze 2.<\/strong><\/p>\n<p><!--more--><\/p>\n<div><strong>Hodn\u011b lid\u00ed si o v\u00e1s mysl\u00ed, \u017ee v\u011bt\u0161inou m\u00e1te spr\u00e1vn\u00e9 n\u00e1zory, ale ve sv\u00e9m projevu jste a\u017e p\u0159\u00edli\u0161 kontroverzn\u00ed, jste p\u0159ipraven s t\u00edm n\u011bco d\u011blat v p\u0159\u00edpad\u011b \u00fasp\u011bchu ve volb\u00e1ch?<\/strong><\/div>\n<div>&nbsp;<\/div>\n<div>Jedno p\u0159\u00edslov\u00ed prav\u00ed, \u017ee star\u00e9ho psa nov\u00fdm kousk\u016fm nenau\u010d\u00ed\u0161. Je\u0161t\u011b bych dodal, \u017ee ani star\u00e9 kousky neodnau\u010d\u00ed\u0161. J\u00e1 takov\u00fd star\u00fd pes u\u017e d\u00e1vno jsem, tak\u017ee \u017e\u00e1dnou selanku po mn\u011b nikdo nem\u016f\u017ee cht\u00edt, to bych u\u017e to nebyl j\u00e1. Dod\u00e1v\u00e1m ale, \u017ee pro mne jist\u00e1 kontroverznost nen\u00ed \u017e\u00e1dnou p\u011bstovanou p\u00f3zou. Prost\u011b plyne z m\u00fdch autentick\u00fdch n\u00e1zor\u016f a postoj\u016f. A ty se skoro v ka\u017ed\u00e9 dob\u011b zd\u00e1ly m\u00e9mu okol\u00ed v\u00fdst\u0159edn\u00ed. Podle mne to je zp\u016fsobeno n\u00edzkou toleranc\u00ed n\u011bkter\u00fdch lid\u00ed na odli\u0161n\u00e9 n\u00e1zory. Tak\u017ee pova\u017euj\u00ed t\u0159eba m\u00e9 v\u00fdroky na nep\u0159\u00edstojnost, za element naru\u0161uj\u00edc\u00ed jejich hezky uspo\u0159\u00e1dan\u00fd sv\u011bt poplatn\u00fd hlavn\u00edmu proudu.&nbsp;<\/div>\n<div>&nbsp;<\/div>\n<div><strong>Kdy\u017e jste se rozm\u00fd\u0161lel, zda se budete v\u016fbec sen\u00e1tn\u00edch voleb \u00fa\u010dastnit, pro\u010d jste si vybral pr\u00e1v\u011b SPD?<\/strong><\/div>\n<div>&nbsp;<\/div>\n<div>Kv\u016fli dv\u011bma t\u00e9mat\u016fm, kter\u00e1 v dne\u0161n\u00ed dob\u011b pova\u017euji za nejv\u00e1\u017en\u011bj\u0161\u00ed a nejaktu\u00e1ln\u011bj\u0161\u00ed. T\u011bmi je odpor k bruselsk\u00e9 centralizaci a odm\u00edt\u00e1n\u00ed organizovan\u00e9 masov\u00e9 imigrace. Ostatn\u00ed strany jsou v t\u011bchto dvou t\u00e9matech podle mne p\u0159\u00edli\u0161 krotk\u00e9 a alibistick\u00e9. V jin\u00fdch programov\u00fdch v\u011bcech s SPD souhlasit nemus\u00edm, ale ta pr\u00e1vn\u011b v na\u0161\u00ed dne\u0161n\u00ed chv\u00edli pova\u017euji za vedlej\u0161\u00ed a vedlej\u0161\u00ed v\u011bci by nem\u011bly p\u0159ek\u00e1\u017eet ve spolupr\u00e1ci na tom, co je te\u010f pro na\u0161i zem \u017eivotn\u00e9 d\u016fle\u017eit\u00e9.&nbsp;<\/div>\n<div>&nbsp;<\/div>\n<div><strong>Jste d\u016fsledn\u00fd v tom, \u017ee odm\u00edt\u00e1te jak\u00e9koliv st\u00e1tn\u00ed regulace. Ost\u0159e jste nap\u0159\u00edklad vystupoval proti z\u00e1kazu kou\u0159en\u00ed, zav\u00e1d\u011bn\u00ed EET a dal\u0161\u00edm. Dnes po ur\u010dit\u00e9 dob\u011b se ukazuje, \u017ee jste m\u011bl pravdu, a \u017ee z\u00e1kazy stejn\u011b nic nevy\u0159e\u0161\u00ed. Budete m\u00edt stejn\u00e9 n\u00e1zory i v Sen\u00e1tu, pokud se tam dostanete?<\/strong><\/div>\n<div>&nbsp;<\/div>\n<div>To jist\u011b. To je m\u00e9 hlavn\u00ed \u017eivotn\u00ed t\u00e9ma. Svoboda. Nezvednu ruku pro \u017e\u00e1dnou novou regulaci, buzeraci a \u0161ikanu a ty existuj\u00edc\u00ed se budu sna\u017eit zru\u0161it. Na to si budu muset hledat spojence.<\/div>\n<div>&nbsp;<\/div>\n<div><strong>Co by byla hlavn\u00ed v\u011bc, kterou byste cht\u011bl v horn\u00ed komo\u0159e prosadit?<\/strong><\/div>\n<div>&nbsp;<\/div>\n<div>Chci, aby n\u00e1\u0161 parlament byl opravdu parlamentem, kde se skute\u010dn\u011b rozhoduje, ne pouze schvalovac\u00ed ma\u0161inou, kter\u00e1 automaticky oraz\u00edtkuje jednu bruselskou sm\u011brnici za druhou.<\/div>\n<div>&nbsp;<\/div>\n<div><strong>V\u011b\u010dnou ot\u00e1zkou posledn\u00edch m\u011bs\u00edc\u016f je imigrace. D\u00e1 se v\u016fbec nal\u00e9zt jednotn\u00e9 \u0159e\u0161en\u00ed pro n\u00e1s, ale i pro Evropu? Nen\u00ed u\u017e pozd\u011b?<\/strong><\/div>\n<div>&nbsp;<\/div>\n<div>Nehled\u00e1m jednotn\u00e9 \u0159e\u0161en\u00ed. Mus\u00edme se postarat svou domovinu sami. Sou\u010dasnou politikou EU je nehl\u00eddat vn\u011bj\u0161\u00ed hranice schengensk\u00e9ho prostoru a naopak vozit sem statis\u00edce \u010dernoch\u016f a Arab\u016f. Proto mus\u00edme p\u0159evz\u00edt kontrolu nad sv\u00fdmi hranicemi a tedy odstoupit od schengensk\u00fdch dohod. A jestli je pozd\u011b? Boj\u00edm se, \u017ee mo\u017en\u00e1 ano, ale p\u0159ece to nevzd\u00e1me.<\/div>\n<div>&nbsp;<\/div>\n<div>\n<div><strong>Aktu\u00e1ln\u011b se \u0159e\u0161\u00ed p\u0159ijet\u00ed 50 syrsk\u00fdch sirotk\u016f, p\u0159edkladatelkou tohoto n\u00e1vrhu je europoslankyn\u011b Michaela \u0160ojdrov\u00e1, Vy jste se postavil siln\u011b proti, co by se stalo, kdybychom je opravdu p\u0159ijali?<\/strong><\/div>\n<div>&nbsp;<\/div>\n<div>Nikdo n\u00e1m \u017e\u00e1dn\u00e9 sirotky nenab\u00edz\u00ed, nikdo po n\u00e1s nic takov\u00e9ho nechce, je to jen l\u00edbiv\u00fd tah krasoduch\u016f, re\u00e1ln\u00fd n\u00e1vrh neexistuje. Ale kdyby t\u0159eba vznikl, byl bych proti. Jednak takov\u00e9 gesto pova\u017euji za \u0161pi\u010dku boty str\u010denou mezi pootev\u0159en\u00e9 dve\u0159e, aby pak jimi mohli vstoupit dal\u0161\u00ed a dal\u0161\u00ed. A zadruh\u00e9: takov\u00e9 gesta odv\u00e1d\u011bj\u00ed pozornost od j\u00e1dra probl\u00e9mu. Na sv\u011bt\u011b je p\u016fl miliardy sirotk\u016f v zem\u00edch posti\u017een\u00fdch chudobou, hladem, z\u00e1plavami, nemocemi, diktaturami, v\u00e1lkami. Nen\u00ed \u0159e\u0161en\u00edm vz\u00edt si jednu vybranou desetimiliontinu z nich sem. \u0158e\u0161en\u00edm je za\u010d\u00edt s chud\u00fdmi zem\u011bmi f\u00e9rov\u011b obchodovat a p\u0159estat n\u00e1siln\u011b zasahovat po cel\u00e9m sv\u011bt\u011b a destabilizovat tak cel\u00e9 velk\u00e9 regiony.<\/div>\n<div>&nbsp;<\/div>\n<div><strong>O sv\u00e9 m\u00edsto v Sen\u00e1tu se na Praze 2 st\u0159etneme nap\u0159\u00edklad s ne\u00fasp\u011b\u0161n\u00fdm prezidentsk\u00fdm kandid\u00e1tem Markem Hil\u0161erem nebo zn\u00e1m\u00fdm hercem Vladim\u00edrem Kratinou, co jsou va\u0161e plus? Pro\u010d by m\u011bli voli\u010di d\u00e1t hlas pr\u00e1v\u011b v\u00e1m?<\/strong><\/div>\n<div>&nbsp;<\/div>\n<div>Proto\u017ee m\u00e9 n\u00e1zory voli\u010di i na \u017di\u017ekov\u011b \u010di Vinohradech znaj\u00ed. Dlouhodob\u011b, cel\u00fdch posledn\u00edch 30 let. Ka\u017ed\u00fd si m\u016f\u017ee ov\u011b\u0159it, co jsem \u0159\u00edkal a psal p\u0159ed rokem, p\u0159ed p\u011bti lety, p\u0159ed dvaceti. A to o v\u0161ech mo\u017en\u00fdch v\u00e1\u017en\u00fdch politick\u00fdch z\u00e1le\u017eitostech. N\u00e1zory m\u00fdch protikandid\u00e1t\u016f nikdo nezn\u00e1. Jen jejich fr\u00e1ze.&nbsp;<\/div>\n<div>&nbsp;<\/div>\n<div><a href=\"https:\/\/www.parlamentnilisty.cz\/arena\/rozhovory\/Senatni-kandidat-Ladislav-Jakl-Nezvednu-ruku-pro-zadnou-buzeraci-K-bruselske-centralizaci-mam-skutecny-odpor-552435\">Zdroj<\/a><\/div>\n<\/div>\n","protected":false},"excerpt":{"rendered":"<p>P\u016eLNO\u010cN\u00cd ROZHOVOR \u201eM\u00e9 n\u00e1zory voli\u010di i na \u017di\u017ekov\u011b \u010di Vinohradech znaj\u00ed. Dlouhodob\u011b, cel\u00fdch posledn\u00edch 30 let. Ka\u017ed\u00fd si m\u016f\u017ee ov\u011b\u0159it, co jsem \u0159\u00edkal a psal p\u0159ed rokem, p\u0159ed p\u011bti lety, p\u0159ed dvaceti. A to o v\u0161ech mo\u017en\u00fdch v\u00e1\u017en\u00fdch politick\u00fdch z\u00e1le\u017eitostech. N\u00e1zory m\u00fdch protikandid\u00e1t\u016f nikdo nezn\u00e1. Jen jejich fr\u00e1ze,&#8220; \u0159ekl n\u00e1m Ladislav Jak jak\u00e9 jsou jeho [&hellip;]<\/p>\n","protected":false},"author":1,"featured_media":0,"comment_status":"open","ping_status":"open","sticky":false,"template":"","format":"standard","meta":{"ngg_post_thumbnail":0,"footnotes":""},"categories":[22,13],"tags":[],"class_list":["post-9315","post","type-post","status-publish","format-standard","hentry","category-jakl-senator","category-rozhovory"],"_links":{"self":[{"href":"https:\/\/www.ladislavjakl.cz\/index.php?rest_route=\/wp\/v2\/posts\/9315","targetHints":{"allow":["GET"]}}],"collection":[{"href":"https:\/\/www.ladislavjakl.cz\/index.php?rest_route=\/wp\/v2\/posts"}],"about":[{"href":"https:\/\/www.ladislavjakl.cz\/index.php?rest_route=\/wp\/v2\/types\/post"}],"author":[{"embeddable":true,"href":"https:\/\/www.ladislavjakl.cz\/index.php?rest_route=\/wp\/v2\/users\/1"}],"replies":[{"embeddable":true,"href":"https:\/\/www.ladislavjakl.cz\/index.php?rest_route=%2Fwp%2Fv2%2Fcomments&post=9315"}],"version-history":[{"count":1,"href":"https:\/\/www.ladislavjakl.cz\/index.php?rest_route=\/wp\/v2\/posts\/9315\/revisions"}],"predecessor-version":[{"id":9316,"href":"https:\/\/www.ladislavjakl.cz\/index.php?rest_route=\/wp\/v2\/posts\/9315\/revisions\/9316"}],"wp:attachment":[{"href":"https:\/\/www.ladislavjakl.cz\/index.php?rest_route=%2Fwp%2Fv2%2Fmedia&parent=9315"}],"wp:term":[{"taxonomy":"category","embeddable":true,"href":"https:\/\/www.ladislavjakl.cz\/index.php?rest_route=%2Fwp%2Fv2%2Fcategories&post=9315"},{"taxonomy":"post_tag","embeddable":true,"href":"https:\/\/www.ladislavjakl.cz\/index.php?rest_route=%2Fwp%2Fv2%2Ftags&post=9315"}],"curies":[{"name":"wp","href":"https:\/\/api.w.org\/{rel}","templated":true}]}}