{"id":9317,"date":"2018-09-25T10:05:52","date_gmt":"2018-09-25T08:05:52","guid":{"rendered":"http:\/\/www.ladislavjakl.cz\/?p=9317"},"modified":"2018-09-25T10:05:52","modified_gmt":"2018-09-25T08:05:52","slug":"proc-se-europoslance-pospisila-divoch-jakl-zeptal-jste-homosexual","status":"publish","type":"post","link":"https:\/\/www.ladislavjakl.cz\/?p=9317","title":{"rendered":"Pro\u010d se europoslance Posp\u00ed\u0161ila divoch Jakl zeptal: jste homosexu\u00e1l?"},"content":{"rendered":"<p><b>Kandid\u00e1t SPD do Sen\u00e1tu Ladislav Jakl ned\u00e1vno prolomil ur\u010dit\u00e9 tabu a v televizn\u00ed Ar\u00e9n\u011b TV Barrandov se p\u0159\u00edmo zeptal jin\u00e9ho politika Ji\u0159\u00edho Posp\u00ed\u0161ila zda je homosexu\u00e1l. P\u0159\u00edmou odpov\u011b\u010f div\u00e1ci nesly\u0161eli, Ladislav Jakl na jin\u00e9m m\u00edst\u011b vysv\u011btlil, pro\u010d se tak p\u0159edsedy TOP 09 ptal. &nbsp;<\/b><\/p>\n<p><!--more--><\/p>\n<div align=\"justify\">Spolek Hej, ob\u010dan\u00e9&nbsp; za silnou a suver\u00e9nn\u00ed \u010cesko po\u0159\u00e1dal t\u0159et\u00ed z\u00e1\u0159ijov\u00fd \u010dtvrtek manifestaci na podporu demokracie a suverenity Ma\u010farska, v odporu proti tomu, \u017ee Evropsk\u00fd parlament souhlasil s n\u00e1vrhem na sankce, kdy by Ma\u010farsku mohla b\u00fdt odebr\u00e1na hlasovac\u00ed pr\u00e1va v EU.<\/div>\n<div align=\"justify\">\nJedn\u00edm z \u0159e\u010dn\u00edk\u016f na t\u00e9to se\u0161losti byl i kandid\u00e1t SPD do Sen\u00e1tu Ladislav Jakl, kter\u00fd je toho n\u00e1zoru, \u017ee&nbsp; je t\u0159eba se omluvit&nbsp; za ty europoslance, kte\u0159\u00ed nereprezentuj\u00ed \u010desk\u00fd n\u00e1rod a kte\u0159\u00ed jej zradili.<\/div>\n<div align=\"justify\"><b><a href=\"http:\/\/www.prvnizpravy.cz\/zpravy\/politika\/jste-homosexual-zeptal-se-v-arene-divoch-jakl-europoslance-pospisila\/highlightSearch=JAkl\/\" target=\"_blank\" rel=\"noopener\"><br \/>\nJste homosexu\u00e1l? zeptal se v Ar\u00e9n\u011b divoch Jakl europoslance Posp\u00ed\u0161ila<\/a><\/b><\/div>\n<div align=\"justify\">&nbsp;<\/div>\n<div align=\"justify\">Divoch Jakl, jak jej nazval jeden z div\u00e1k\u016f zm\u00edn\u011bn\u00e9 televizn\u00ed diskuse,&nbsp; se zm\u00ednil, pro\u010d&nbsp; se v televizi zeptal Ji\u0159\u00edho Posp\u00ed\u0161ila, zda je homosexu\u00e1l. Ale nebylo mu u\u017e dovoleno vysv\u011btlit, pro\u010d se ho na to pt\u00e1.<\/div>\n<div align=\"justify\">&nbsp;<\/div>\n<div align=\"justify\">&#8222;Ma\u010farsko bylo toti\u017e Bruselem odsouzeno i za to, \u017ee nem\u00e1 v \u00fastav\u011b ochranu genderizmu a nen\u00ed v n\u00ed v\u00fdslovn\u011b uveden ani z\u00e1kaz diskriminace na z\u00e1klad\u011b sexu\u00e1ln\u00ed orientace. Cht\u011bl jsem se tedy zeptat Posp\u00ed\u0161ila, \u017ee kdy\u017e hlasoval proti Ma\u010farsku, zda se c\u00edt\u00ed diskriminov\u00e1n u n\u00e1s. \u010cesk\u00e1 \u00fastava toti\u017e tak\u00e9 nem\u00e1 uveden z\u00e1kaz diskriminace na z\u00e1klad\u011b sexu\u00e1ln\u00ed orientace,&#8220; uvedl Jakl, jeho\u017e zaj\u00edmalo, zda&nbsp; Posp\u00ed\u0161il nechyst\u00e1 tak\u00e9 kroky proti \u010cesk\u00e9 republice.<\/div>\n<div align=\"justify\">&nbsp;<\/div>\n<div align=\"justify\">V\u00fdtky proti Ma\u010farsku byly podle Jakla jen z\u00e1minky. &#8222;Jde o vyd\u00edr\u00e1n\u00ed a zastra\u0161ov\u00e1n\u00ed a p\u0159\u00ed\u0161t\u011b jsme na \u0159ad\u011b my. Brusel\u0161t\u00ed centralist\u00e9 dle Jakla c\u00edt\u00ed, \u017ee odp\u016frci bruselsk\u00e9 centralizace s\u00edl\u00ed, a proto chce, aby se navz\u00e1jem zhnusili. M\u016f\u017eeme m\u00edt velmi odli\u0161n\u00e9 n\u00e1zory, ale spolupracujme proti centralizaci EU,&#8220;&nbsp; vyzval podobn\u011b jako ostatn\u00ed \u0159e\u010dn\u00edci \u010desk\u00e9 politiky Ladislav Jakl.<\/div>\n<div align=\"justify\">&nbsp;<\/div>\n<div align=\"justify\"><a href=\"http:\/\/www.prvnizpravy.cz\/zpravy\/politika\/proc-se-europoslance-pospisila-divoch-jakl-zeptal-jste-homosexual\/\">Zdroj<\/a><\/div>\n","protected":false},"excerpt":{"rendered":"<p>Kandid\u00e1t SPD do Sen\u00e1tu Ladislav Jakl ned\u00e1vno prolomil ur\u010dit\u00e9 tabu a v televizn\u00ed Ar\u00e9n\u011b TV Barrandov se p\u0159\u00edmo zeptal jin\u00e9ho politika Ji\u0159\u00edho Posp\u00ed\u0161ila zda je homosexu\u00e1l. P\u0159\u00edmou odpov\u011b\u010f div\u00e1ci nesly\u0161eli, Ladislav Jakl na jin\u00e9m m\u00edst\u011b vysv\u011btlil, pro\u010d se tak p\u0159edsedy TOP 09 ptal. &nbsp;<\/p>\n","protected":false},"author":1,"featured_media":0,"comment_status":"open","ping_status":"open","sticky":false,"template":"","format":"standard","meta":{"ngg_post_thumbnail":0,"footnotes":""},"categories":[11],"tags":[],"class_list":["post-9317","post","type-post","status-publish","format-standard","hentry","category-ozvena"],"_links":{"self":[{"href":"https:\/\/www.ladislavjakl.cz\/index.php?rest_route=\/wp\/v2\/posts\/9317","targetHints":{"allow":["GET"]}}],"collection":[{"href":"https:\/\/www.ladislavjakl.cz\/index.php?rest_route=\/wp\/v2\/posts"}],"about":[{"href":"https:\/\/www.ladislavjakl.cz\/index.php?rest_route=\/wp\/v2\/types\/post"}],"author":[{"embeddable":true,"href":"https:\/\/www.ladislavjakl.cz\/index.php?rest_route=\/wp\/v2\/users\/1"}],"replies":[{"embeddable":true,"href":"https:\/\/www.ladislavjakl.cz\/index.php?rest_route=%2Fwp%2Fv2%2Fcomments&post=9317"}],"version-history":[{"count":1,"href":"https:\/\/www.ladislavjakl.cz\/index.php?rest_route=\/wp\/v2\/posts\/9317\/revisions"}],"predecessor-version":[{"id":9318,"href":"https:\/\/www.ladislavjakl.cz\/index.php?rest_route=\/wp\/v2\/posts\/9317\/revisions\/9318"}],"wp:attachment":[{"href":"https:\/\/www.ladislavjakl.cz\/index.php?rest_route=%2Fwp%2Fv2%2Fmedia&parent=9317"}],"wp:term":[{"taxonomy":"category","embeddable":true,"href":"https:\/\/www.ladislavjakl.cz\/index.php?rest_route=%2Fwp%2Fv2%2Fcategories&post=9317"},{"taxonomy":"post_tag","embeddable":true,"href":"https:\/\/www.ladislavjakl.cz\/index.php?rest_route=%2Fwp%2Fv2%2Ftags&post=9317"}],"curies":[{"name":"wp","href":"https:\/\/api.w.org\/{rel}","templated":true}]}}