{"id":9329,"date":"2018-09-26T13:21:33","date_gmt":"2018-09-26T11:21:33","guid":{"rendered":"http:\/\/www.ladislavjakl.cz\/?p=9329"},"modified":"2018-09-26T13:21:33","modified_gmt":"2018-09-26T11:21:33","slug":"je-citlivejsi-a-slusnejsi-sojdrova-nebo-jakl-tady-je-to-cerne-na-bilem","status":"publish","type":"post","link":"https:\/\/www.ladislavjakl.cz\/?p=9329","title":{"rendered":"Je citliv\u011bj\u0161\u00ed a slu\u0161n\u011bj\u0161\u00ed \u0160ojdrov\u00e1 nebo Jakl? Tady je to \u010dern\u00e9 na b\u00edl\u00e9m"},"content":{"rendered":"<p><strong>Z\u00e1pas roku:&nbsp;<\/strong>DOBRO vs. ZLO<\/p>\n<p><strong>\u00da\u010dastn\u00edci:<\/strong><br \/>\n&#8222;Citliv\u00e1&#8220; Michaela \u0160ojdrov\u00e1&nbsp;Po\u010det adoptovan\u00fdch d\u011bt\u00ed: 0&nbsp;Po\u010det teatr\u00e1ln\u00edch proslov\u016f o adopc\u00edch: 13 425<\/p>\n<p><!--more--><\/p>\n<p>vs.<\/p>\n<p>&#8222;Bezcitn\u00fd&#8220; Ladislav Jakl&nbsp;Po\u010det adoptovan\u00fdch d\u011bt\u00ed: 1&nbsp;Po\u010det teatr\u00e1ln\u00edch proslov\u016f o adopc\u00edch: 0<\/p>\n<p><strong>Hodnocen\u00ed poroty:<\/strong><br \/>\nMarek Hil\u0161er: Je vid\u011bt, \u017ee je bezcitn\u00e1 zr\u016fda a rasista LJ od SPD. Za v\u0161echno m\u016f\u017ee Okamura. D\u011bkuji pan\u00ed \u0160ojdrov\u00e9, \u017ee je.&nbsp;<br \/>\nJi\u0159\u00ed Pehe: Je vid\u011bt, \u017ee je bezcitn\u00e1 zr\u016fda a rasista LJ od Klause. Za v\u0161echno m\u016f\u017ee Klaus. D\u011bkuji pan\u00ed \u0160ojdrov\u00e9, \u017ee je.&nbsp;<br \/>\nPavel \u0160afr: Je vid\u011bt, \u017ee je bezcitn\u00e1 zr\u016fda a rasista LJ od Putina. Za v\u0161echno m\u016f\u017ee Putin. D\u011bkuji pan\u00ed \u0160ojdrov\u00e9, \u017ee je.<\/p>\n<p><strong>V\u00fdsledek:<\/strong><br \/>\nLadislav Jakl vs. Michaela \u0160ojdrov\u00e1 0:13 425<\/p>\n<p><strong>V\u00edt\u011bz:<\/strong><br \/>\nCitliv\u00e1 europoslankyn\u011b Michaela \u0160ojdrov\u00e1, jednozna\u010dn\u011b na proslovy.<\/p>\n<p><a href=\"https:\/\/www.eportal.cz\/Articles\/10184-je-citlivejsi-a-slusnejsi-sojdrova-nebo-jakl-tady-je-to-cerne-na-bilem.aspx\">Zdroj<\/a><\/p>\n","protected":false},"excerpt":{"rendered":"<p>Z\u00e1pas roku:&nbsp;DOBRO vs. ZLO \u00da\u010dastn\u00edci: &#8222;Citliv\u00e1&#8220; Michaela \u0160ojdrov\u00e1&nbsp;Po\u010det adoptovan\u00fdch d\u011bt\u00ed: 0&nbsp;Po\u010det teatr\u00e1ln\u00edch proslov\u016f o adopc\u00edch: 13 425<\/p>\n","protected":false},"author":1,"featured_media":0,"comment_status":"open","ping_status":"open","sticky":false,"template":"","format":"standard","meta":{"ngg_post_thumbnail":0,"footnotes":""},"categories":[22,11],"tags":[],"class_list":["post-9329","post","type-post","status-publish","format-standard","hentry","category-jakl-senator","category-ozvena"],"_links":{"self":[{"href":"https:\/\/www.ladislavjakl.cz\/index.php?rest_route=\/wp\/v2\/posts\/9329","targetHints":{"allow":["GET"]}}],"collection":[{"href":"https:\/\/www.ladislavjakl.cz\/index.php?rest_route=\/wp\/v2\/posts"}],"about":[{"href":"https:\/\/www.ladislavjakl.cz\/index.php?rest_route=\/wp\/v2\/types\/post"}],"author":[{"embeddable":true,"href":"https:\/\/www.ladislavjakl.cz\/index.php?rest_route=\/wp\/v2\/users\/1"}],"replies":[{"embeddable":true,"href":"https:\/\/www.ladislavjakl.cz\/index.php?rest_route=%2Fwp%2Fv2%2Fcomments&post=9329"}],"version-history":[{"count":1,"href":"https:\/\/www.ladislavjakl.cz\/index.php?rest_route=\/wp\/v2\/posts\/9329\/revisions"}],"predecessor-version":[{"id":9330,"href":"https:\/\/www.ladislavjakl.cz\/index.php?rest_route=\/wp\/v2\/posts\/9329\/revisions\/9330"}],"wp:attachment":[{"href":"https:\/\/www.ladislavjakl.cz\/index.php?rest_route=%2Fwp%2Fv2%2Fmedia&parent=9329"}],"wp:term":[{"taxonomy":"category","embeddable":true,"href":"https:\/\/www.ladislavjakl.cz\/index.php?rest_route=%2Fwp%2Fv2%2Fcategories&post=9329"},{"taxonomy":"post_tag","embeddable":true,"href":"https:\/\/www.ladislavjakl.cz\/index.php?rest_route=%2Fwp%2Fv2%2Ftags&post=9329"}],"curies":[{"name":"wp","href":"https:\/\/api.w.org\/{rel}","templated":true}]}}