{"id":933,"date":"2011-04-19T14:24:56","date_gmt":"2011-04-19T13:24:56","guid":{"rendered":"http:\/\/www.ladislavjakl.cz\/?p=933"},"modified":"2011-04-19T14:24:56","modified_gmt":"2011-04-19T13:24:56","slug":"podpora-vlade-se-nepocita-na-hrade-ale-ve-snemovne-rika-kalousek","status":"publish","type":"post","link":"https:\/\/www.ladislavjakl.cz\/?p=933","title":{"rendered":"Podpora vl\u00e1d\u011b se nepo\u010d\u00edt\u00e1 na Hrad\u011b, ale ve Sn\u011bmovn\u011b, \u0159\u00edk\u00e1 Kalousek"},"content":{"rendered":"<p>Jasn\u00fd vzkaz na Hrad poslal prvn\u00ed m\u00edstop\u0159edseda TOP 09 Miroslav Kalousek. Nepochybuje o tom, \u017ee prezident V\u00e1clav Klaus bez probl\u00e9m\u016f p\u0159ijme n\u00e1vrhy odvolat ministry Radka Johna a Josefa Dobe\u0161e z VV. &#8222;V\u011bt\u0161inov\u00e1 podpora vl\u00e1dy se nepo\u010d\u00edt\u00e1 na Hrad\u011b, ale ve Sn\u011bmovn\u011b,&#8220; \u0159ekl iDNES.cz ministr financ\u00ed Kalousek.<\/p>\n<p><!--more-->Prezident\u016fv tajemn\u00edk Ladislav Jakl v ned\u011bli pro Parlamentnilisty.cz uvedl, \u017ee prezident nebude akceptovat vl\u00e1du zalo\u017eenou na p\u0159eb\u011bhl\u00edc\u00edch. &#8222;Rozhodn\u011b nelze \u010dekat, \u017ee prezident p\u0159ijme p\u011bt let starou hru na p\u0159eb\u011bhl\u00edky,&#8220; uvedl Jakl v nar\u00e1\u017ece na to, \u017ee b\u00fdval\u00e1 vl\u00e1da Mirka Topol\u00e1nka m\u011bla v\u011bt\u0161inovou podporu d\u00edky p\u0159eb\u011bhl\u00edk\u016fm, kter\u00e9 z\u00edskala ze soci\u00e1ln\u00ed demokracie.<\/p>\n<p>Vl\u00e1d\u011b Petra Ne\u010dase p\u0159itom nyn\u00ed hroz\u00ed, \u017ee ztrat\u00ed v\u011bt\u0161inu, kterou ve Sn\u011bmovn\u011b m\u00e1. Vypov\u011bd\u011bt podporu koalici by mohly V\u011bci ve\u0159ejn\u00e9, jejich\u017e ministry vnitra Radka Johna a \u0161kolstv\u00ed Josefa Dobe\u0161e chce Ne\u010das odvolat z vl\u00e1dy spolu s ministrem dopravy V\u00edtem B\u00e1rtou, kter\u00fd s\u00e1m ohl\u00e1sil sv\u016fj odchod.<\/p>\n<p>Krom\u011b 94 poslanc\u016f ODS a TOP 09 by pak najisto za vl\u00e1dou st\u00e1li zat\u00edm t\u0159i poslanci, kte\u0159\u00ed u\u017e nejsou v klubu VV &#8211; Jaroslav \u0160k\u00e1rka, Krist\u00fdna Ko\u010d\u00ed a Stanislav Huml. V\u00e1h\u00e1 poslankyn\u011b V\u011bc\u00ed ve\u0159ejn\u00fdch Jana Such\u00e1.<br \/>\nJakl by si m\u011bl p\u0159e\u010d\u00edst \u00dastavu, aby p\u0159\u00ed\u0161t\u011b ned\u011blal ostudu, k\u00e1ral prezidentova mu\u017ee prvn\u00ed m\u00edstop\u0159edseda TOP 09<\/p>\n<p>&#8222;D\u016fle\u017eit\u011bj\u0161\u00ed ne\u017e to, co \u0159\u00edk\u00e1 pan Jakl, je to, co \u0159\u00edk\u00e1 \u00dastava. Nepochybuji, \u017ee pan prezident to dob\u0159e v\u00ed. A pan Jakl by si to mohl p\u0159e\u010d\u00edst, aby p\u0159\u00ed\u0161t\u011b ned\u011blal kancel\u00e1\u0159i prezidenta zbyte\u010dnou ostudu,&#8220; \u0159ekl iDNES.cz Kalousek.<\/p>\n<p>Na Hrad pl\u00e1noval premi\u00e9r Ne\u010das s demis\u00ed B\u00e1rty a n\u00e1vrhem na odvol\u00e1n\u00ed Johna a Dobe\u0161e dorazit v pond\u011bl\u00ed, a to v situaci, kdy se V\u011bci ve\u0159ejn\u00e9 marn\u011b dom\u00e1haly koali\u010dn\u00ed sch\u016fzky. Na n\u00ed cht\u011bj\u00ed jednat o sv\u00e9m po\u017eadavku, \u017ee by v p\u0159\u00edpad\u011b &#8222;sest\u0159elen\u00ed&#8220; Johna a Dobe\u0161e m\u011bli vl\u00e1du opustit pr\u00e1v\u011b tak\u00e9 Kalousek a dva minist\u0159i z ODS &#8211; obrany Alexandr Vondra a zem\u011bd\u011blstv\u00ed Ivan Fuksa. Jak ODS, tak TOP 09 ale takovou podm\u00ednku V\u011bc\u00ed ve\u0159ejn\u00fdch odm\u00edtly.<\/p>\n<p>Prezident Klaus v pond\u011bl\u00ed po poledni ujistil, \u017ee si je v\u011bdom pravomoc\u00ed, kter\u00e9 mu d\u00e1v\u00e1 \u00dastava a \u017ee n\u00e1vrhy na odvol\u00e1n\u00ed \u010dlen\u016f vl\u00e1dy bude muset p\u0159ijmout.<\/p>\n<p>&#8222;Cht\u011bl bych ubezpe\u010dit ka\u017ed\u00e9ho, \u017ee rozum\u00edm sv\u00fdm \u00fastavn\u00edm povinnostem ohledn\u011b jmenov\u00e1n\u00ed, demise, p\u0159\u00edpadn\u011b odvol\u00e1v\u00e1n\u00ed vl\u00e1dy \u010di jej\u00edch jednotliv\u00fdch \u010dlen\u016f a jist\u011b je budu dodr\u017eovat. Nicm\u00e9n\u011b, ne\u017e p\u0159ijmu demisi \u010di demise, nebo ne\u017e vyd\u00e1m rozhodnut\u00ed o odvol\u00e1n\u00ed toho \u010di onoho ministra, budu vy\u017eadovat pl\u00e1n, projekt dal\u0161\u00edho fungov\u00e1n\u00ed vl\u00e1dy,&#8220; \u0159ekl v pond\u011bl\u00ed v poledne prezident Klaus.<\/p>\n<p><a href=\"http:\/\/zpravy.idnes.cz\/podpora-vlade-se-nepocita-na-hrade-ale-ve-snemovne-rika-kalousek-psu-\/domaci.asp?c=A110410_233159_domaci_kop\" target=\"_blank\">Zdroj<\/a><\/p>\n","protected":false},"excerpt":{"rendered":"<p>Jasn\u00fd vzkaz na Hrad poslal prvn\u00ed m\u00edstop\u0159edseda TOP 09 Miroslav Kalousek. Nepochybuje o tom, \u017ee prezident V\u00e1clav Klaus bez probl\u00e9m\u016f p\u0159ijme n\u00e1vrhy odvolat ministry Radka Johna a Josefa Dobe\u0161e z VV. &#8222;V\u011bt\u0161inov\u00e1 podpora vl\u00e1dy se nepo\u010d\u00edt\u00e1 na Hrad\u011b, ale ve Sn\u011bmovn\u011b,&#8220; \u0159ekl iDNES.cz ministr financ\u00ed Kalousek.<\/p>\n","protected":false},"author":1,"featured_media":0,"comment_status":"open","ping_status":"open","sticky":false,"template":"","format":"standard","meta":{"ngg_post_thumbnail":0,"footnotes":""},"categories":[11],"tags":[],"class_list":["post-933","post","type-post","status-publish","format-standard","hentry","category-ozvena"],"_links":{"self":[{"href":"https:\/\/www.ladislavjakl.cz\/index.php?rest_route=\/wp\/v2\/posts\/933","targetHints":{"allow":["GET"]}}],"collection":[{"href":"https:\/\/www.ladislavjakl.cz\/index.php?rest_route=\/wp\/v2\/posts"}],"about":[{"href":"https:\/\/www.ladislavjakl.cz\/index.php?rest_route=\/wp\/v2\/types\/post"}],"author":[{"embeddable":true,"href":"https:\/\/www.ladislavjakl.cz\/index.php?rest_route=\/wp\/v2\/users\/1"}],"replies":[{"embeddable":true,"href":"https:\/\/www.ladislavjakl.cz\/index.php?rest_route=%2Fwp%2Fv2%2Fcomments&post=933"}],"version-history":[{"count":1,"href":"https:\/\/www.ladislavjakl.cz\/index.php?rest_route=\/wp\/v2\/posts\/933\/revisions"}],"predecessor-version":[{"id":934,"href":"https:\/\/www.ladislavjakl.cz\/index.php?rest_route=\/wp\/v2\/posts\/933\/revisions\/934"}],"wp:attachment":[{"href":"https:\/\/www.ladislavjakl.cz\/index.php?rest_route=%2Fwp%2Fv2%2Fmedia&parent=933"}],"wp:term":[{"taxonomy":"category","embeddable":true,"href":"https:\/\/www.ladislavjakl.cz\/index.php?rest_route=%2Fwp%2Fv2%2Fcategories&post=933"},{"taxonomy":"post_tag","embeddable":true,"href":"https:\/\/www.ladislavjakl.cz\/index.php?rest_route=%2Fwp%2Fv2%2Ftags&post=933"}],"curies":[{"name":"wp","href":"https:\/\/api.w.org\/{rel}","templated":true}]}}