{"id":9355,"date":"2018-10-01T11:57:10","date_gmt":"2018-10-01T09:57:10","guid":{"rendered":"http:\/\/www.ladislavjakl.cz\/?p=9355"},"modified":"2018-10-01T11:57:10","modified_gmt":"2018-10-01T09:57:10","slug":"volby-se-blizi-bude-v-senatu-hrstka-rozumnych-herci-kreatury-i-slusni-lide-s-gabalem-do-migrantskeho-pekla-kdo-je-nejvetsi-bonzak-jeden-rozumny-prazak-do-vysoke-politiky-urcite-patri-mozna-i-te","status":"publish","type":"post","link":"https:\/\/www.ladislavjakl.cz\/?p=9355","title":{"rendered":"Volby se bl\u00ed\u017e\u00ed: Bude v Sen\u00e1tu hrstka rozumn\u00fdch? Herci, kreatury i slu\u0161n\u00ed lid\u00e9. S Gabalem do migrantsk\u00e9ho pekla. Kdo je nejv\u011bt\u0161\u00ed bonz\u00e1k? Jeden rozumn\u00fd Pra\u017e\u00e1k do vysok\u00e9 politiky ur\u010dit\u011b pat\u0159\u00ed. Mo\u017en\u00e1 i t\u00e9 nejvy\u0161\u0161\u00ed"},"content":{"rendered":"<p>Bl\u00ed\u017e\u00edc\u00ed se volby do Sen\u00e1tu d\u00e1vaj\u00ed tu\u0161it \u0159adu zaj\u00edmav\u00fdch politick\u00fdch dialog\u016f a st\u0159et\u016f, ale i osobn\u00edch \u00fatok\u016f a invektiv, \u0161patn\u011b skr\u00fdvan\u00fdch projev\u016f nesn\u00e1\u0161enlivosti a pohrd\u00e1n\u00ed lidmi s jin\u00fdmi politick\u00fdmi n\u00e1zory a \u017eivotn\u00ed filosofi\u00ed.<\/p>\n<p><!--more--><\/p>\n<p>P\u0159i podrobn\u011bj\u0161\u00edm pohledu na kandid\u00e1tky jednotliv\u00fdch volebn\u00edch obvod\u016f m\u016f\u017eeme spat\u0159it r\u016fzn\u00e9 politick\u00e9 matadory, kte\u0159\u00ed obhajuj\u00ed sv\u00e9 posty z&nbsp;kon\u010d\u00edc\u00edho volebn\u00edho obdob\u00ed, z&nbsp;nich\u017e n\u011bkte\u0159\u00ed dokonce kandiduj\u00ed za jin\u00e9 politick\u00e9 subjekty, ne\u017e ve volb\u00e1ch minul\u00fdch. Uvid\u00edme lidi, kte\u0159\u00ed jsou v&nbsp;politick\u00e9m kl\u00e1n\u00ed \u00fapln\u00fdmi nov\u00e1\u010dky, lidi zn\u00e1m\u00e9, m\u00e9n\u011b zn\u00e1m\u00e9 i nezn\u00e1m\u00e9, lidi nejr\u016fzn\u011bj\u0161\u00edch profes\u00ed, lidi s&nbsp;ve\u0159ejn\u011b dob\u0159e zn\u00e1m\u00fdmi n\u00e1zory a postoji ke kl\u00ed\u010dov\u00fdm politick\u00fdm ot\u00e1zk\u00e1m, lidi, o jejich\u017e politick\u00fdch n\u00e1zorech ve\u0159ejnost zat\u00edm nev\u00ed zhola nic. Na kandid\u00e1tk\u00e1ch jsou i lid\u00e9, kte\u0159\u00ed si pletou sen\u00e1tn\u00ed volby s&nbsp;komun\u00e1ln\u00edmi a jejich\u017e ak\u010dn\u00ed r\u00e1dius je omezuje pouze na \u0159e\u0161en\u00ed probl\u00e9m\u016f jejich volebn\u00edho obvodu.&nbsp;<\/p>\n<h2>Udava\u010d na Praze 2<\/h2>\n<p>Jsou mezi nimi politici, kte\u0159\u00ed nev\u00e1hali zvednout ruku pro pod\u00e1n\u00ed \u017ealoby za velezradu na b\u00fdval\u00e9ho prezidenta republiky V\u00e1clava Klause pro jeho akt milosti. Jsou mezi nimi i politici, kte\u0159\u00ed v&nbsp;duchu v\u0161udyp\u0159\u00edtomn\u00e9ho boje proti korupci ud\u00e1vaj\u00ed sv\u00e9 \u0161\u00e9fy.&nbsp;<\/p>\n<p>Jsou mezi nimi r\u016fzn\u00ed akademici, kte\u0159\u00ed sv\u00fdmi vz\u00e1jemn\u00fdmi v\u00fdpady a ur\u00e1\u017ekami na obrazovk\u00e1ch internetov\u00fdch televiz\u00ed voli\u010d\u016fm p\u0159edv\u00e1d\u011bj\u00ed, jac\u00ed lid\u00e9 by post sen\u00e1tora \u010di sen\u00e1torky v&nbsp;\u017e\u00e1dn\u00e9m p\u0159\u00edpad\u011b nem\u011bli zast\u00e1vat.<\/p>\n<p>Asi jedn\u00edm z&nbsp;nejsledovan\u011bj\u0161\u00edch volebn\u00edch obvod\u016f je Praha 2. A to d\u00edky medializaci ned\u00e1vn\u00e9 ve\u0159ejn\u00e9 podpory V\u00e1clava Klause ml. Ladislavu Jaklovi z Institutu V\u00e1clava Klause. ODS, mate\u0159sk\u00e1 strana V\u00e1clava Klause ml., p\u0159itom v&nbsp;tomto obvodu nasadila zn\u00e1m\u00e9ho herce.&nbsp;<\/p>\n<p>A pr\u00e1v\u011b na Praze 2 obhajuje post sen\u00e1tora asi nejzn\u00e1m\u011bj\u0161\u00ed \u010desk\u00fd whistelblower &#8211; st\u00e1vaj\u00edc\u00ed nebo b\u00fdval\u00fd zam\u011bstnanec n\u011bjak\u00e9 organizace, kter\u00fd upozorn\u00ed instituci nebo org\u00e1n opr\u00e1vn\u011bn\u00fd k prov\u011b\u0159en\u00ed \u010di zakro\u010den\u00ed na nelegitimn\u00ed, neetick\u00e9 nebo nez\u00e1konn\u00e9 praktiky na pracovi\u0161ti, kter\u00e9 se d\u011bj\u00ed se souhlasem jeho nad\u0159\u00edzen\u00fdch a jdou proti ve\u0159ejn\u00e9mu z\u00e1jmu \u010di ohro\u017euj\u00ed ve\u0159ejnost &#8211;&nbsp;Libor Mich\u00e1lek. Ten Libor Mich\u00e1lek, kter\u00fd jako zam\u011bstnanec ministerstva \u017eivotn\u00edho prost\u0159ed\u00ed neleg\u00e1ln\u011b nahr\u00e1val ministra Drobila, a pak ho udal. N\u011bkte\u0159\u00ed ho veleb\u00ed jako \u010destn\u00e9ho \u010dlov\u011bka, jin\u00ed o n\u011bm hovo\u0159\u00ed jako o pr\u00e1ska\u010dovi, udava\u010dovi a bonz\u00e1kovi. Ministr Drobil v&nbsp;politice kv\u016fli tomu skon\u010dil, ale Mich\u00e1lkovo obvin\u011bn\u00ed se nakonec nepotvrdilo. Bu\u010f jak bu\u010f, bylo by zaj\u00edmav\u00e9 zjistit, zda byl pan Mich\u00e1lek za svou \u010dinnost odm\u011bn\u011bn. Nap\u0159. n\u011bjak\u00fdm protikorup\u010dn\u00edm fondem.&nbsp;<\/p>\n<p><img loading=\"lazy\" decoding=\"async\" src=\"http:\/\/www.protiproud.cz\/images\/textiky\/20180805173826_pehe-jakl.jpg\" alt=\"\" width=\"546\" height=\"260\"><\/p>\n<p><a href=\"http:\/\/www.protiproud.cz\/politika\/3930-pripad-jakl-klausuv-spolupracovnik-kandiduje-do-senatu-s-podporou-spd-hehe-mu-vyhlasilo-zakaz-vstupu-do-ct-lzi-strazcu-fake-news-rovne-podminky-pro-vsechny-kavarna-uz-ani-nepredstira-cirkus-bude.htm\" target=\"_blank\" rel=\"noopener\">\u010ct\u011bte ZDE: P\u0159\u00edpad Jakl: Klaus\u016fv spolupracovn\u00edk kandiduje do sen\u00e1tu s podporou SPD. Hehe mu vyhl\u00e1silo z\u00e1kaz vstupu do \u010cT. L\u017ei str\u00e1\u017ec\u016f fake news. Rovn\u00e9 podm\u00ednky pro v\u0161echny kav\u00e1rna u\u017e ani nep\u0159edst\u00edr\u00e1. Cirkus bude!<\/a><\/p>\n<h2>Gabal p\u0159itvrdil<\/h2>\n<p>Kandid\u00e1t ODS, herec Vladim\u00edr Kratina. Na prvn\u00ed pohled asi slu\u0161n\u00fd a vzd\u011blan\u00fd \u010dlov\u011bk. Vymezuje se proti \u201echorobn\u011b ambici\u00f3zn\u00edm moci\u017erout\u016fm\u201c, nechce ale \u0159\u00edci, koho si pod t\u00edm pojmem p\u0159edstavuje. \u017d\u00e1dn\u00fd z\u00e1sadn\u00ed politick\u00fd n\u00e1zor jsem v\u0161ak od n\u011bj nesly\u0161el. Zato um\u00ed spr\u00e1vn\u011b p\u0159edn\u00e9st text, kter\u00fd m\u00e1 ve sc\u00e9n\u00e1\u0159i.&nbsp;<\/p>\n<p>Ivan Gabal, kter\u00fd b\u00fdval poslancem za KDU-\u010cSL, ale nyn\u00ed kandiduje za Zelen\u00e9, chce, podle sv\u00e9ho p\u0159edvolebn\u00edho spotu, hlavn\u011b zvelebovat Prahu. Jeho v\u00fdroky, jako \u201eNesm\u00edme od migrace d\u00e1vat ruce pry\u010d. Je trapn\u00e9, \u017ee nepln\u00edme ani minimum, na kter\u00e9m se dohodla Evropsk\u00e1 unie\u201c nebo \u201eJe jasn\u00e9, \u017ee dne\u0161n\u00ed d\u011bti v&nbsp;Brit\u00e1nii, Francii \u010di N\u011bmecku na tom budou l\u00e9pe ne\u017e na\u0161i potomci d\u00edky tomu, \u017ee u\u017e jsou tam dnes sm\u00ed\u0161en\u00e9 t\u0159\u00eddy a p\u0159ijde jim to norm\u00e1ln\u00ed. Kulturu vst\u0159eb\u00e1vaj\u00ed, nebude to pro n\u011b nebezpe\u010dn\u00e9\u201c, d\u00e1vaj\u00ed tu\u0161it Gabal\u016fv \u0161\u00edlen\u00fd pohled na \u0159\u00edzenou masovou migraci.<\/p>\n<p>Kardiolog Roman Kereke\u0161, kandiduj\u00edc\u00ed za hnut\u00ed ANO, chce bojovat proti \u201elegislativn\u00ed d\u017eungli\u201c. Velmi ho nap\u0159. tr\u00e1p\u00ed nepoveden\u00fd z\u00e1kon o elektronick\u00e9m receptu. Dob\u0159e funguj\u00edc\u00ed zdravotnictv\u00ed je sice pro zdrav\u00ed lid\u00ed d\u016fle\u017eit\u00e9, ale v&nbsp;dne\u0161n\u00edm rozh\u00e1dan\u00e9m sv\u011bt\u011b je to jako hlavn\u00ed c\u00edl sen\u00e1tora p\u0159ece jen m\u00e1lo.<\/p>\n<p>L\u00e9ka\u0159sk\u00fd a ob\u010dansk\u00fd aktivista Marek Hil\u0161er, kandiduj\u00edc\u00ed za sv\u00e9 hnut\u00ed \u201eMarek Hil\u0161er do Sen\u00e1tu\u201c, zn\u00e1m\u00fd p\u0159edev\u0161\u00edm t\u00edm, \u017ee se jako ne\u00fasp\u011b\u0161n\u00fd prezidentsk\u00fd kandid\u00e1t v&nbsp;prvn\u00edm kole spojil s&nbsp;dal\u0161\u00edmi nepostoupiv\u0161\u00edmi kandid\u00e1ty do kola druh\u00e9ho proti st\u00e1vaj\u00edc\u00edmu prezidentovi Milo\u0161i Zemanovi v&nbsp;duchu hesla \u201eV\u0161ichni na jednoho\u201c. V&nbsp;Sen\u00e1tu by cht\u011bl p\u0159isp\u011bt ke zm\u011bn\u011b stylu \u010desk\u00e9 politiky, vad\u00ed mu vliv populist\u016f a extremist\u016f. Ot\u00e1zkou v\u0161ak je, co, nebo koho si pod t\u011bmito dv\u011bma pojmy p\u0159edstavuje.&nbsp;<\/p>\n<h2>B\u00edl\u00e1 vr\u00e1na<\/h2>\n<p>Vladislava Hujov\u00e1, exstarostka Prahy 3, kter\u00e1 v&nbsp;kv\u011btnu vystoupila z&nbsp;TOP 09, a kandiduje za sdru\u017een\u00ed Pro Prahu, na sebe upozornila t\u00edm, \u017ee ozna\u010dila s\u00e1zen\u00ed vlastn\u00edch kv\u011btin na ulici za nep\u0159\u00edpustn\u00e9. Na sv\u00e9m twitteru p\u00ed\u0161e, \u017ee p\u0159ijala trojn\u00e1sobnou v\u00fdzvu. \u201eKandiduji do ZM\u010c Praha 3 jako l\u00eddr, jako trojka do zastupitelstva hl. m. Prahy a do Sen\u00e1tu.\u201c A hned v&nbsp;dal\u0161\u00edm dod\u00e1v\u00e1 \u201eM\u00e1me toti\u017e jedin\u00fd program \u2013 a t\u00edm je Praha\u201c. Tak t\u0159eba to n\u011bkter\u00fdm voli\u010d\u016fm bude sta\u010dit.<\/p>\n<p>Ne posledn\u00ed v&nbsp;\u0159ad\u011b kandiduje Ladislav Jakl, dlouholet\u00fd spolupracovn\u00edk b\u00fdval\u00e9ho prezidenta V\u00e1clava Klause. Vzd\u011blan\u00fd \u010dlov\u011bk s&nbsp;\u0161irok\u00fdm vnitro i zahrani\u010dn\u011bpolitick\u00fdm rozhledem. \u010clov\u011bk s&nbsp;mimo\u0159\u00e1dn\u011b vyvinut\u00fdm citem pro obsah slov \u201esvoboda ob\u010dana\u201c. \u010clov\u011bk, kter\u00fd um\u00ed z\u0159eteln\u011b formulovat sv\u00e9 politick\u00e9 n\u00e1zory, dok\u00e1\u017ee o nich racion\u00e1ln\u011b a v\u011bcn\u011b argumentovat. N\u011bkter\u00e9 jsou mo\u017en\u00e1 provokativn\u00ed, v\u0161echny ale maj\u00ed racion\u00e1ln\u00ed z\u00e1klad. &nbsp;Nepodl\u00e9h\u00e1 v\u0161eobecn\u00e9 protirusk\u00e9 a \u201eprotiputinovsk\u00e9\u201c hysterii, dok\u00e1\u017ee vyzdvihnout pozitivn\u00ed kroky americk\u00e9ho prezidenta Donalda Trumpa.<\/p>\n<p><iframe loading=\"lazy\" src=\"http:\/\/www.youtube.com\/embed\/9H3nJVaeX5g\" width=\"546\" height=\"450\" data-mce-fragment=\"1\"><\/iframe><\/p>\n<p>P\u0159i diskus\u00edch a debat\u00e1ch si zachov\u00e1v\u00e1 chladnou hlavu a nenech\u00e1 se vyprovokovat ani tehdy, kdy\u017e se jeho politi\u010dt\u00ed oponenti uchyluj\u00ed k&nbsp;osobn\u00edm ur\u00e1\u017ek\u00e1m.&nbsp;<\/p>\n<p>Dovede srozumiteln\u011b pojmenovat dv\u011b nejv\u011bt\u0161\u00ed nebezpe\u010d\u00ed, kter\u00e1 v&nbsp;sou\u010dasn\u00e9 dob\u011b Evrop\u011b hroz\u00ed. A to jsou \u0159\u00edzen\u00e1 masov\u00e1 migrace a p\u0159echod Evropsk\u00e9 unie k&nbsp;totalitn\u00edmu direktivismu.<\/p>\n<p>Ladislav Jakl je \u010dlov\u011bk, kter\u00fd do Sen\u00e1tu ur\u010dit\u011b pat\u0159\u00ed.<\/p>\n<p>Ostatn\u011b, dovedu si ho p\u0159edstavit i v&nbsp;nejvy\u0161\u0161\u00ed \u00fastavn\u00ed funkci. Tedy na Hrad\u011b.<\/p>\n<p>Ale o tom a\u017e jindy.<\/p>\n<p><a href=\"http:\/\/www.protiproud.cz\/politika\/4022-volby-se-blizi-bude-v-senatu-hrstka-rozumnych-herci-kreatury-i-slusni-lide-s-gabalem-do-migrantskeho-pekla-kdo-je-nejvetsi-bonzak-jeden-rozumny-prazak-do-vysoke-politiky-urcite-patri-mozna-i-te-nejvyssi.htm\">Zdroj<\/a><\/p>\n","protected":false},"excerpt":{"rendered":"<p>Bl\u00ed\u017e\u00edc\u00ed se volby do Sen\u00e1tu d\u00e1vaj\u00ed tu\u0161it \u0159adu zaj\u00edmav\u00fdch politick\u00fdch dialog\u016f a st\u0159et\u016f, ale i osobn\u00edch \u00fatok\u016f a invektiv, \u0161patn\u011b skr\u00fdvan\u00fdch projev\u016f nesn\u00e1\u0161enlivosti a pohrd\u00e1n\u00ed lidmi s jin\u00fdmi politick\u00fdmi n\u00e1zory a \u017eivotn\u00ed filosofi\u00ed.<\/p>\n","protected":false},"author":1,"featured_media":0,"comment_status":"open","ping_status":"open","sticky":false,"template":"","format":"standard","meta":{"ngg_post_thumbnail":0,"footnotes":""},"categories":[22,11],"tags":[],"class_list":["post-9355","post","type-post","status-publish","format-standard","hentry","category-jakl-senator","category-ozvena"],"_links":{"self":[{"href":"https:\/\/www.ladislavjakl.cz\/index.php?rest_route=\/wp\/v2\/posts\/9355","targetHints":{"allow":["GET"]}}],"collection":[{"href":"https:\/\/www.ladislavjakl.cz\/index.php?rest_route=\/wp\/v2\/posts"}],"about":[{"href":"https:\/\/www.ladislavjakl.cz\/index.php?rest_route=\/wp\/v2\/types\/post"}],"author":[{"embeddable":true,"href":"https:\/\/www.ladislavjakl.cz\/index.php?rest_route=\/wp\/v2\/users\/1"}],"replies":[{"embeddable":true,"href":"https:\/\/www.ladislavjakl.cz\/index.php?rest_route=%2Fwp%2Fv2%2Fcomments&post=9355"}],"version-history":[{"count":1,"href":"https:\/\/www.ladislavjakl.cz\/index.php?rest_route=\/wp\/v2\/posts\/9355\/revisions"}],"predecessor-version":[{"id":9356,"href":"https:\/\/www.ladislavjakl.cz\/index.php?rest_route=\/wp\/v2\/posts\/9355\/revisions\/9356"}],"wp:attachment":[{"href":"https:\/\/www.ladislavjakl.cz\/index.php?rest_route=%2Fwp%2Fv2%2Fmedia&parent=9355"}],"wp:term":[{"taxonomy":"category","embeddable":true,"href":"https:\/\/www.ladislavjakl.cz\/index.php?rest_route=%2Fwp%2Fv2%2Fcategories&post=9355"},{"taxonomy":"post_tag","embeddable":true,"href":"https:\/\/www.ladislavjakl.cz\/index.php?rest_route=%2Fwp%2Fv2%2Ftags&post=9355"}],"curies":[{"name":"wp","href":"https:\/\/api.w.org\/{rel}","templated":true}]}}