{"id":9365,"date":"2018-10-03T11:52:44","date_gmt":"2018-10-03T09:52:44","guid":{"rendered":"http:\/\/www.ladislavjakl.cz\/?p=9365"},"modified":"2018-10-03T11:53:28","modified_gmt":"2018-10-03T09:53:28","slug":"volte-jakla-do-senatu-ma-dvacet-let-zkusenosti-z-kazdodenniho-styku-s-prezidentem-klausem","status":"publish","type":"post","link":"https:\/\/www.ladislavjakl.cz\/?p=9365","title":{"rendered":"VOLTE JAKLA DO SEN\u00c1TU, M\u00c1 DVACET LET ZKU\u0160ENOST\u00cd Z KA\u017dDODENN\u00cdHO STYKU S PREZIDENTEM KLAUSEM"},"content":{"rendered":"<p>Zvolen\u00edm Ladislava Jakla do Sen\u00e1tu by se dostala po mnoha letech do politiky osobnost, kter\u00e1 m\u00e1 s politickou prac\u00ed obrovsk\u00e9 zku\u0161enosti a je z\u00e1rukou toho, \u017ee by sp\u00edc\u00ed socialistick\u00fd Sen\u00e1t probudila k \u017eivotu. Po odchodu prezidenta Klause z v\u00fdkonn\u00e9 politiky by se do n\u00ed dostal kone\u010dn\u011b op\u011bt \u010dlov\u011bk, kter\u00fd by zast\u00e1val autenticky pravicov\u00e9 postoje.<\/p>\n<p><!--more--><\/p>\n<p>Kter\u00fd by nem\u011bnil sv\u00e9 n\u00e1zory podle toho, co je pr\u00e1vn\u011b m\u00f3dn\u00ed,a nehovo\u0159il politicky korektn\u00edm eurospeakem, jen aby dostal pa\u0161al\u00edk od kancl\u00e9\u0159ky Merkelov\u00e9, jako to ud\u011blal kdysi Mirek Topol\u00e1nek. Za cel\u00fdch 20 let, co ho zn\u00e1me, nezm\u011bnil Jakl nikdy sv\u00e9 postoje. A to jde \u0159\u00edci, pokud mi pam\u011b\u0165 sah\u00e1, pouze o profesoru Klausovi. Oba jsou zan\u00edcen\u00ed bojovn\u00edci za zachov\u00e1n\u00ed na\u0161eho n\u00e1roda, za jeho suverenitu a za \u017eivot v kapitalismu. Jin\u00e1 cesta by podle nich vedla n\u00e1\u0161 n\u00e1rod do otroctv\u00ed. Proto pana Jakla podporuje i pravicov\u00fd think-tank&nbsp;<em>Akce D.O.S.T. ,&nbsp;<\/em>jeho\u017e \u010dlenov\u00e9 jsou vid\u011bt v tri\u010dk\u00e1ch s n\u00e1pisem&nbsp;&nbsp;<em>\u201eJakl do Sen\u00e1tu\u201c<\/em>&nbsp; v ulic\u00edch Prahy 2 a 3, za n\u00ed\u017e pan Jakl kandiduje.&nbsp;Pohybovali se i na hudebn\u00edm festivalu bratr\u016f Neduhov\u00fdch v legend\u00e1rn\u00ed \u017ei\u017ekovsk\u00e9 hosp\u016fdce \u201eU vyst\u0159elen\u00fdho oka\u201c.<\/p>\n<p>Ladislav Jakl se tak\u00e9 spolu se sv\u00fdmi p\u0159\u00edznivci z\u00fa\u010dastnil pra\u017esk\u00e9ho setk\u00e1n\u00ed&nbsp;<em>Klubu \u010dten\u00e1\u0159\u016f m\u011bs\u00ed\u010dn\u00edku MY,<\/em>&nbsp;do kter\u00e9ho pravideln\u011b p\u0159isp\u00edv\u00e1 a jeho\u017e \u0161\u00e9fredaktorem je b\u00fdval\u00fd vicekancl\u00e9\u0159 prezidenta republiky V\u00e1clava Klause \u0161\u00e9fredaktor kontrarevolu\u010dn\u00edho Protiproudu Petr H\u00e1jek.&nbsp;<\/p>\n<p><img loading=\"lazy\" decoding=\"async\" class=\"\" src=\"http:\/\/www.fragmenty.cz\/images\/DSCN9936.JPG\" alt=\"\" width=\"572\" height=\"381\" border=\"0\"><\/p>\n<p><em>\u0160\u00e9fredaktor z\u00e1bavn\u00e9ho m\u011bs\u00ed\u010dn\u00edku MY Petr H\u00e1jek (stoj\u00edc\u00ed uprost\u0159ed) uspo\u0159\u00e1dal ve Vojanov\u011b dvo\u0159e na Mal\u00e9 stran\u011b v Praze slavnostn\u00ed ve\u010der na podporu zvolen\u00ed do Sen\u00e1tu Ladislava Jakla, s n\u00edm\u017e str\u00e1vil deset let na Pra\u017esk\u00e9m hrad\u011b. Oba tam v letech 2003-2013 bojovali po boku prezidenta V\u00e1clava Klause za autentickou pravicovou politiku na\u0161\u00ed zem\u011b. Jakl ve funkci \u0159editele Politick\u00e9ho odboru hradu a H\u00e1jek jako vicekancl\u00e9\u0159 pro kulturu.&nbsp; Za Akci D.O.S.T. byl p\u0159\u00edtomen jej\u00ed m\u00edstop\u0159edseda Michal Sem\u00edn (sed\u00edc\u00ed vpravo) .<\/em>&nbsp;<\/p>\n<p><img loading=\"lazy\" decoding=\"async\" class=\"\" src=\"http:\/\/www.fragmenty.cz\/images\/samolepka7.jpg\" alt=\"\" width=\"572\" height=\"381\" border=\"0\"><\/p>\n<p><em>Ladislav Jakl p\u0159i konzumaci ob\u010derstven\u00ed konstatoval , \u017ee si p\u0159edstavuje, \u017ee si ma\u017ee na chleba Evropskou unii , a proto mu tak chutn\u00e1.<\/em><\/p>\n<p>P\u0159\u00edsp\u011bvkem k pomoci v kampani od Petra H\u00e1jka je, \u017ee jeho m\u011bs\u00ed\u010dn\u00edk rozd\u00e1vaj\u00ed v r\u00e1mci sen\u00e1tn\u00ed kampan\u011b&nbsp;p\u0159\u00edznivci Ladislava Jakla spolu s jeho let\u00e1ky. Nezb\u00fdv\u00e1 ne\u017e se modlit, a\u0165 jim v tom pom\u00e1h\u00e1 B\u016fh a pan Jakl se do Sen\u00e1tu dostane.<\/p>\n<p>&nbsp;<img loading=\"lazy\" decoding=\"async\" class=\"\" src=\"http:\/\/www.fragmenty.cz\/images\/IMG_2167_180919.jpg\" alt=\"\" width=\"572\" height=\"381\" border=\"0\"><\/p>\n<p>Celou akci D.O.S.T. na podporu Ladislava Jakla koordinuje Franti\u0161ek \u010cervenka, kter\u00fd si vzal na tuto \u010dinnost m\u011bs\u00edc sv\u00e9 dovolen\u00e9. Sn\u00edmek n\u00ed\u017ee ho zachycuje s Ladislavem Jaklem na Tylov\u011b n\u00e1m\u011bst\u00ed v Praze p\u0159i rozd\u00e1v\u00e1n\u00ed let\u00e1k\u016f a \u010dasopisu MY<\/p>\n<p><img loading=\"lazy\" decoding=\"async\" class=\"\" src=\"http:\/\/www.fragmenty.cz\/images\/IMG_2162_180919.jpg\" alt=\"\" width=\"572\" height=\"381\" border=\"0\"><\/p>\n<p><strong>Zvolen\u00ed Ladislava Jakla do Sen\u00e1tu by znamenalo nad\u011bji, \u017ee v z\u00e1plav\u011b oran\u017eov\u00e9ho tsunami, kter\u00e9 se na n\u00e1s po odchodu prezidenta Klause z v\u00fdkonn\u00e9 politiky v roce 2013 navalilo<\/strong>, \u017ee&nbsp; usly\u0161\u00edme i hlas skute\u010dn\u00e9ho pravicov\u00e9ho politika, kter\u00fd chce na\u0161\u00ed zem dostat z nebezpe\u010dn\u00e9ho neomarxistick\u00e9ho protektor\u00e1tu EU. Nad\u011bji, \u017ee n\u00e1s neobsad\u00ed hordy \u017eivotunebezpe\u010dn\u00fdch isl\u00e1msk\u00fdch nen\u00e1vistn\u00fdch mlad\u00edk\u016f, kte\u0159\u00ed v pr\u016fb\u011bhu let zm\u011bn\u00ed na\u0161i tis\u00edciletou k\u0159es\u0165anskou kulturu l\u00e1sky a \u00facty k \u017eivotu v kulturu smrti.<\/p>\n<p>Za&nbsp;<strong><em>Kulturn\u00ed komisi \u010cR,<\/em><\/strong>&nbsp;vydavatele na\u0161\u00ed kulturn\u011b-hospod\u00e1\u0159sk\u00e9 revue Fragmenty, se jm\u00e9nem jej\u00edho prezidenta docenta Ji\u0159\u00edho Panc\u00ed\u0159e p\u0159id\u00e1v\u00e1m na podporu Ladislava Jakla do Sen\u00e1tu zvol\u00e1n\u00edm k Pra\u017ean\u016fm:<\/p>\n<p><strong>Volte L\u00e1\u010fu Jakla do sen\u00e1tu! Volte proti bruselsk\u00e9 centralizaci! Volte proti masov\u00e9 migraci! Volte pro svobodu a suverenitu \u010cR!<\/strong><\/p>\n<p><a href=\"http:\/\/www.fragmenty.cz\/index.php\/politika-cr\/item\/2369-volte-jakla-do-senatu-ma-dvacet-let-zkusenosti-z-kazdodenniho-styku-s-prezidentem-klausem\">Zdroj<\/a><\/p>\n","protected":false},"excerpt":{"rendered":"<p>Zvolen\u00edm Ladislava Jakla do Sen\u00e1tu by se dostala po mnoha letech do politiky osobnost, kter\u00e1 m\u00e1 s politickou prac\u00ed obrovsk\u00e9 zku\u0161enosti a je z\u00e1rukou toho, \u017ee by sp\u00edc\u00ed socialistick\u00fd Sen\u00e1t probudila k \u017eivotu. Po odchodu prezidenta Klause z v\u00fdkonn\u00e9 politiky by se do n\u00ed dostal kone\u010dn\u011b op\u011bt \u010dlov\u011bk, kter\u00fd by zast\u00e1val autenticky pravicov\u00e9 postoje.<\/p>\n","protected":false},"author":1,"featured_media":0,"comment_status":"open","ping_status":"open","sticky":false,"template":"","format":"standard","meta":{"ngg_post_thumbnail":0,"footnotes":""},"categories":[22,11],"tags":[],"class_list":["post-9365","post","type-post","status-publish","format-standard","hentry","category-jakl-senator","category-ozvena"],"_links":{"self":[{"href":"https:\/\/www.ladislavjakl.cz\/index.php?rest_route=\/wp\/v2\/posts\/9365","targetHints":{"allow":["GET"]}}],"collection":[{"href":"https:\/\/www.ladislavjakl.cz\/index.php?rest_route=\/wp\/v2\/posts"}],"about":[{"href":"https:\/\/www.ladislavjakl.cz\/index.php?rest_route=\/wp\/v2\/types\/post"}],"author":[{"embeddable":true,"href":"https:\/\/www.ladislavjakl.cz\/index.php?rest_route=\/wp\/v2\/users\/1"}],"replies":[{"embeddable":true,"href":"https:\/\/www.ladislavjakl.cz\/index.php?rest_route=%2Fwp%2Fv2%2Fcomments&post=9365"}],"version-history":[{"count":2,"href":"https:\/\/www.ladislavjakl.cz\/index.php?rest_route=\/wp\/v2\/posts\/9365\/revisions"}],"predecessor-version":[{"id":9367,"href":"https:\/\/www.ladislavjakl.cz\/index.php?rest_route=\/wp\/v2\/posts\/9365\/revisions\/9367"}],"wp:attachment":[{"href":"https:\/\/www.ladislavjakl.cz\/index.php?rest_route=%2Fwp%2Fv2%2Fmedia&parent=9365"}],"wp:term":[{"taxonomy":"category","embeddable":true,"href":"https:\/\/www.ladislavjakl.cz\/index.php?rest_route=%2Fwp%2Fv2%2Fcategories&post=9365"},{"taxonomy":"post_tag","embeddable":true,"href":"https:\/\/www.ladislavjakl.cz\/index.php?rest_route=%2Fwp%2Fv2%2Ftags&post=9365"}],"curies":[{"name":"wp","href":"https:\/\/api.w.org\/{rel}","templated":true}]}}