{"id":9368,"date":"2018-10-03T11:56:18","date_gmt":"2018-10-03T09:56:18","guid":{"rendered":"http:\/\/www.ladislavjakl.cz\/?p=9368"},"modified":"2018-10-03T11:56:18","modified_gmt":"2018-10-03T09:56:18","slug":"ladislav-jakl-se-rozpovidal-u-piva-o-slibech-ostatnich-stran-volicum-ale-i-o-praci-pro-klause","status":"publish","type":"post","link":"https:\/\/www.ladislavjakl.cz\/?p=9368","title":{"rendered":"Ladislav Jakl se rozpov\u00eddal u piva. O slibech ostatn\u00edch stran voli\u010d\u016fm, ale i o pr\u00e1ci pro Klause"},"content":{"rendered":"<p>Kandid\u00e1t do Sen\u00e1tu Ladislav Jakl se se\u0161el s Alenou H\u00e1jkovou, aby j\u00ed poskytl rozhovor p\u0159ed nadch\u00e1zej\u00edc\u00edmi volbami. Video je sd\u00edleno na serveru YouTube.<\/p>\n<p><!--more--><\/p>\n<p>\u00davodem Jakl hovo\u0159il mimo jin\u00e9 o pivu. \u201eKdy\u017e jsem byl teenager, poch\u00e1z\u00edm z Chebu, tak kdy\u017e jsem t\u00e1tovi ob\u010das up\u00edjel ze d\u017eb\u00e1nu, kdy\u017e m\u011b poslal pro pivo, tak ten sv\u011bt t\u011bch jako hospod \u00fapln\u011b dom\u00e1c\u00ed nebyl. M\u016fj t\u00e1ta do hospody nikdy nechodil. Byl takov\u00fd v\u00edc dom\u00e1c\u00ed typ,\u201c poznamenal Jakl, jeho\u017e pivo za\u010dalo zaj\u00edmat pozd\u011bji i jinak.<\/p>\n<p>\u201e\u010clov\u011bk si o tom leccos m\u016f\u017ee i p\u0159e\u010d\u00edst,\u201c podotkl mu\u017e, jen\u017e se pivem zab\u00fdv\u00e1. \u201eNecht\u011bl bych m\u00edt ale nic spole\u010dn\u00e9ho s podnik\u00e1n\u00edm s hospodou,\u201c dodal Jakl, jen\u017e se ob\u00e1v\u00e1 byrokracie. \u201eSp\u00ed\u0161 jsem te\u010f ve f\u00e1zi, kdy si vymysl\u00edm n\u011bjak\u00e9 pivo, ud\u011bl\u00e1m recepturu, ne\u017e si to vz\u00edt cel\u00e9 na triko,\u201c dodal Jakl, jen\u017e se r\u00e1d zab\u00fdv\u00e1 tak\u00e9 hudbou.&nbsp;<\/p>\n<div>&nbsp;<\/div>\n<p>Jakl pak vzpom\u00ednal i na sv\u00e1 studia \u017eurnalistiky a na to, jak d\u011blal editora zdravotnick\u00fdch \u010dasopis\u016f. \u201eKdy\u017e p\u0159i\u0161el listopad 1989, tak ten m\u011b vrhnul trochu jinam, nejprve do t\u011bch politick\u00fdch sf\u00e9r,\u201c poznamenal Jakl, kter\u00fd si v\u017edy n\u011bco o \u017eivot\u011b a sv\u011bt\u011b myslel \u2013 alespo\u0148 to s\u00e1m o sob\u011b tvrd\u00ed. Jakl tak\u00e9 p\u016fsobil \u010dty\u0159i roky v Lidov\u00fdch novin\u00e1ch. \u201eNakonec mn\u011b dali najevo, \u017ee m\u011b tam u\u017e necht\u011bj\u00ed. P\u0159i\u0161li nov\u00ed \u0161\u00e9fov\u00e9 a dali najevo, \u017ee bych p\u0159\u00edli\u0161 n\u00e1zorov\u011b vy\u010duhoval,\u201c sd\u011blil Jakl.&nbsp;<\/p>\n<p>V\u011bt\u0161inu politick\u00fdch hesel h\u00e1z\u00ed Jakl do jednoho pytle s n\u00e1zvem \u201eChceme va\u0161e prachy\u201c. \u201eSpousta t\u011bch hesel vypad\u00e1 jako slib n\u011b\u010deho. Za\u0159\u00edd\u00edme, ud\u011bl\u00e1me, podpo\u0159\u00edme, ale u\u017e nen\u00ed \u0159e\u010deno za co,\u201c podotkl Jakl se slovy, \u017ee se domn\u00edv\u00e1, \u017ee lid\u00e9 nepot\u0159ebuj\u00ed st\u00e1tn\u00ed vymaha\u010de, kte\u0159\u00ed pak pen\u00edze rozd\u011bl\u00ed.&nbsp;<\/p>\n<p>Jakl se rozhovo\u0159il tak\u00e9 o spolupr\u00e1ci s exprezidentem V\u00e1clavem Klausem. \u201e\u017de bych si z t\u00e9 spolupr\u00e1ce odn\u00e1\u0161el n\u011bjak\u00e9 ideje, to bych \u0159ekl, \u017ee \u00fapln\u011b ne. Ideov\u011b jsem v tu dobu byl skoro hotov\u00fd \u010dlov\u011bk a mysl\u00edm si, \u017ee v\u011bci, o nich\u017e se bav\u00edme, jsem m\u011bl tehdy. Co jsem si z toho odnesl, nepochybn\u011b je soustavnost, p\u00edle, pracovitost, proto\u017ee \u0161\u00e9fa jsem m\u011bl n\u00e1ro\u010dn\u00e9ho, a zodpov\u011bdnost,\u201c vypr\u00e1v\u011bl Jakl. \u201eKa\u017ed\u00e9 r\u00e1no jsem si uv\u011bdomoval, kam jdu do pr\u00e1ce. \u017de to je ohromn\u00e1 zodpov\u011bdnost,\u201c poznamenal b\u00fdval\u00fd politick\u00fd tajemn\u00edk prezidenta Klause.&nbsp;<\/p>\n<p><iframe loading=\"lazy\" src=\"https:\/\/www.youtube.com\/embed\/PFanX28GFyw\" width=\"560\" height=\"315\" frameborder=\"0\" allowfullscreen=\"allowfullscreen\" data-mce-fragment=\"1\"><\/iframe><\/p>\n<section class=\"related-articles-wrap\"><a href=\"https:\/\/www.parlamentnilisty.cz\/arena\/monitor\/Ladislav-Jakl-se-rozpovidal-u-piva-O-slibech-ostatnich-stran-volicum-ale-i-o-praci-pro-Klause-553503\">Zdroj<\/a><\/section>\n","protected":false},"excerpt":{"rendered":"<p>Kandid\u00e1t do Sen\u00e1tu Ladislav Jakl se se\u0161el s Alenou H\u00e1jkovou, aby j\u00ed poskytl rozhovor p\u0159ed nadch\u00e1zej\u00edc\u00edmi volbami. Video je sd\u00edleno na serveru YouTube.<\/p>\n","protected":false},"author":1,"featured_media":0,"comment_status":"open","ping_status":"open","sticky":false,"template":"","format":"standard","meta":{"ngg_post_thumbnail":0,"footnotes":""},"categories":[22,11],"tags":[],"class_list":["post-9368","post","type-post","status-publish","format-standard","hentry","category-jakl-senator","category-ozvena"],"_links":{"self":[{"href":"https:\/\/www.ladislavjakl.cz\/index.php?rest_route=\/wp\/v2\/posts\/9368","targetHints":{"allow":["GET"]}}],"collection":[{"href":"https:\/\/www.ladislavjakl.cz\/index.php?rest_route=\/wp\/v2\/posts"}],"about":[{"href":"https:\/\/www.ladislavjakl.cz\/index.php?rest_route=\/wp\/v2\/types\/post"}],"author":[{"embeddable":true,"href":"https:\/\/www.ladislavjakl.cz\/index.php?rest_route=\/wp\/v2\/users\/1"}],"replies":[{"embeddable":true,"href":"https:\/\/www.ladislavjakl.cz\/index.php?rest_route=%2Fwp%2Fv2%2Fcomments&post=9368"}],"version-history":[{"count":1,"href":"https:\/\/www.ladislavjakl.cz\/index.php?rest_route=\/wp\/v2\/posts\/9368\/revisions"}],"predecessor-version":[{"id":9369,"href":"https:\/\/www.ladislavjakl.cz\/index.php?rest_route=\/wp\/v2\/posts\/9368\/revisions\/9369"}],"wp:attachment":[{"href":"https:\/\/www.ladislavjakl.cz\/index.php?rest_route=%2Fwp%2Fv2%2Fmedia&parent=9368"}],"wp:term":[{"taxonomy":"category","embeddable":true,"href":"https:\/\/www.ladislavjakl.cz\/index.php?rest_route=%2Fwp%2Fv2%2Fcategories&post=9368"},{"taxonomy":"post_tag","embeddable":true,"href":"https:\/\/www.ladislavjakl.cz\/index.php?rest_route=%2Fwp%2Fv2%2Ftags&post=9368"}],"curies":[{"name":"wp","href":"https:\/\/api.w.org\/{rel}","templated":true}]}}