{"id":937,"date":"2011-04-19T14:27:45","date_gmt":"2011-04-19T13:27:45","guid":{"rendered":"http:\/\/www.ladislavjakl.cz\/?p=937"},"modified":"2011-04-19T14:27:45","modified_gmt":"2011-04-19T13:27:45","slug":"prezident-nechce-pokoutni-obchody-vzkazal-hrad-kalouskovi","status":"publish","type":"post","link":"https:\/\/www.ladislavjakl.cz\/?p=937","title":{"rendered":"Prezident nechce pokoutn\u00ed obchody, vzk\u00e1zal Hrad Kalouskovi"},"content":{"rendered":"<p><strong>Ministrovi financ\u00ed a prvn\u00edmu m\u00edstop\u0159edsedovi TOP 09 Miroslavu  Kalouskovi se ale v\u016fbec nel\u00edbilo prohl\u00e1\u0161en\u00ed prezidentova tajemn\u00edka  Ladislava Jakla pro Parlamentn\u00edListy.cz, v n\u011bm\u017e \u0159ekl, \u017ee by prezident  neakceptoval hru na p\u0159eb\u011bhl\u00edky. Kalousek poslal na Hrad ostr\u00fd vzkaz,  Jakl se ale nenechal zahanbit. <\/strong><\/p>\n<p><strong><!--more--><\/strong><\/p>\n<p>Kalousek je\u0161t\u011b p\u0159ed prezidentov\u00fdm poledn\u00edm prohl\u00e1\u0161en\u00edm r\u00e1no \u0159ekl, \u017ee  nepochybuje o tom, \u017ee prezident V\u00e1clav Klaus bez probl\u00e9m\u016f p\u0159ijme n\u00e1vrhy  odvolat ministry Radka Johna a Josefa Dobe\u0161e z VV. \u201eV\u011bt\u0161inov\u00e1 podpora  vl\u00e1dy se nepo\u010d\u00edt\u00e1 na Hrad\u011b, ale ve Sn\u011bmovn\u011b,&#8220; \u0159ekl iDNES.cz ministr  financ\u00ed Kalousek.<\/p>\n<p><strong>Kalousek pok\u00e1ral Jakla<\/strong><\/p>\n<p>Ladislav Jakl v ned\u011bli pro Parlamentnilisty.cz uvedl, \u017ee prezident  nebude akceptovat vl\u00e1du zalo\u017eenou na p\u0159eb\u011bhl\u00edc\u00edch. \u201eRozhodn\u011b nelze  \u010dekat, \u017ee prezident p\u0159ijme p\u011bt let starou hru na p\u0159eb\u011bhl\u00edky,&#8220; uvedl Jakl  v nar\u00e1\u017ece na to, \u017ee b\u00fdval\u00e1 vl\u00e1da Mirka Topol\u00e1nka m\u011bla v\u011bt\u0161inovou  podporu d\u00edky p\u0159eb\u011bhl\u00edk\u016fm, kter\u00e9 z\u00edskala ze soci\u00e1ln\u00ed demokracie a nyn\u00ed se  hovo\u0159\u00ed o p\u0159eb\u011bhl\u00edc\u00edch z\u00a0V\u011bc\u00ed ve\u0159ejn\u00fdch. Nap\u0159\u00edklad p\u0159edseda TOP 09 Karel  Schwarzenberg \u0159ekl pro HN, \u017ee v\u011b\u0159\u00ed, \u017ee se najdou rozumn\u00ed v\u00e9\u010dka\u0159i, kte\u0159\u00ed  by vl\u00e1du podpo\u0159ili.<\/p>\n<p>\u201eD\u016fle\u017eit\u011bj\u0161\u00ed ne\u017e to, co \u0159\u00edk\u00e1 pan Jakl, je to, co \u0159\u00edk\u00e1 \u00dastava.  Nepochybuji, \u017ee pan prezident to dob\u0159e v\u00ed. A pan Jakl by si to mohl  p\u0159e\u010d\u00edst, aby p\u0159\u00ed\u0161t\u011b ned\u011blal kancel\u00e1\u0159i prezidenta zbyte\u010dnou ostudu,&#8220;  dodal pro iDnes.cz Kalousek.<\/p>\n<p><strong>Pokoutn\u00ed obchody nechceme, vzkazuje Hrad<\/strong><\/p>\n<p>Jakl ale Kalouskovi vr\u00e1til jeho \u00fader proti Hradu. \u201ePrezident Klaus jist\u011b  v\u00ed, \u017ee se parlamentn\u00ed v\u011bt\u0161ina po\u010d\u00edt\u00e1 v\u00a0parlamentu. A pan Kalousek jist\u011b  v\u00ed, \u017ee zodpov\u011bdn\u00fd prezident d\u00e1v\u00e1 p\u0159ednost jasn\u00e9 \u010diteln\u00e9 a p\u0159edem zn\u00e1m\u00e9  dohod\u011b p\u0159ed divok\u00fdm hlasov\u00e1n\u00edm, kter\u00e9 m\u016f\u017ee dopadnout krachem nebo se a\u017e  p\u0159i n\u011bm vyjev\u00ed v\u00fdsledky r\u016fzn\u00fdch pokoutn\u00edch obchod\u016f t\u0159eba s\u00a0komunisty \u010di  koupen\u00fdmi p\u0159eb\u011bhl\u00edky,&#8220; \u0159ekl pro Parlamentn\u00edListy.cz Jakl.<\/p>\n<p>Ten tak patrn\u011b narazil na to, \u017ee i v\u00a0minulosti Topol\u00e1nkova vl\u00e1da, v\u00a0n\u00ed\u017e  byl Kalousek ministrem financ\u00ed, vznikla s\u00a0p\u0159eb\u011bhl\u00edky, a \u017ee i s\u00e1m  Kalousek jednal se socialisty o vl\u00e1d\u011b s\u00a0tichou podporou komunist\u016f.<\/p>\n<p><strong>Klaus Kalouska nepot\u011b\u0161il <\/strong><\/p>\n<p>M\u00edstop\u0159edsedu TOP 09 a \u0161\u00e9fa poslaneck\u00e9ho klubu ODS Petra Tlucho\u0159e, kter\u00fd  podobn\u011b jako Kalousek vol\u00e1 nejv\u00edce po tom, aby vl\u00e1du opustili Radek  John a Josef Dobe\u0161, prezident Klaus ale moc nepot\u011b\u0161il. Uvedl, \u017ee  neodvol\u00e1 ministry, dokud mu Ne\u010das nep\u0159edlo\u017e\u00ed jasn\u00fd pl\u00e1n, co bude d\u00e1l. To  znamen\u00e1, \u017ee bu\u010f Ne\u010das zaru\u010d\u00ed, \u017ee bude pokra\u010dovat trojkoali\u010dn\u00ed projekt,  nebo, \u017ee m\u00e1 p\u0159eb\u011bhl\u00edky z\u00a0VV. To by prezident ale patrn\u011b neakceptoval a  pak by se nab\u00edzela Ne\u010dasova rezignace na post premi\u00e9ra.<\/p>\n<p>Prezidenta Klaus uvedl, \u017ee mus\u00ed usilovat o stabilitu a fungov\u00e1n\u00ed zem\u011b a to vy\u017eaduje jistotu o fungov\u00e1n\u00ed vl\u00e1dy.<\/p>\n<p>\u201eNep\u0159eji si &#8211; a op\u011bt jsem p\u0159esv\u011bd\u010den, \u017ee nejen j\u00e1 &#8211; opakov\u00e1n\u00ed mimo\u0159\u00e1dn\u011b  dlouh\u00e9 neexistenci vl\u00e1dy jako tomu bylo v\u00a0roce 2006, ani neexistenci  politick\u00e9 vl\u00e1dy jako v\u00a0letech 2009-2010; Cht\u011bl bych ubezpe\u010dit ka\u017ed\u00e9ho,  \u017ee rozum\u00edm sv\u00fdm \u00fastavn\u00edm povinnostem ohledn\u011b jmenov\u00e1n\u00ed, demise, p\u0159\u00edp.  odvol\u00e1v\u00e1n\u00ed vl\u00e1dy \u010di jej\u00edch jednotliv\u00fdch \u010dlen\u016f a jist\u011b je budu dodr\u017eovat,  nicm\u00e9n\u011b, ne\u017e p\u0159ijmu demisi \u010di demise nebo ne\u017e vyd\u00e1m rozhodnut\u00ed o  odvol\u00e1n\u00ed toho \u010di onoho ministra, budu vy\u017eadovat pl\u00e1n, projekt dal\u0161\u00edho  fungov\u00e1n\u00ed vl\u00e1dy \u010cR; M\u00fdm z\u00e1jmem je nedopustit, abychom se pustili do  neorganizovan\u00e9ho, chaotick\u00e9ho procesu,&#8220; \u0159ekl prezident.<\/p>\n<p><a href=\"http:\/\/www.parlamentnilisty.cz\/zpravy\/193884.aspx\" target=\"_blank\">Zdroj<\/a><\/p>\n","protected":false},"excerpt":{"rendered":"<p>Ministrovi financ\u00ed a prvn\u00edmu m\u00edstop\u0159edsedovi TOP 09 Miroslavu Kalouskovi se ale v\u016fbec nel\u00edbilo prohl\u00e1\u0161en\u00ed prezidentova tajemn\u00edka Ladislava Jakla pro Parlamentn\u00edListy.cz, v n\u011bm\u017e \u0159ekl, \u017ee by prezident neakceptoval hru na p\u0159eb\u011bhl\u00edky. Kalousek poslal na Hrad ostr\u00fd vzkaz, Jakl se ale nenechal zahanbit.<\/p>\n","protected":false},"author":1,"featured_media":0,"comment_status":"open","ping_status":"open","sticky":false,"template":"","format":"standard","meta":{"ngg_post_thumbnail":0,"footnotes":""},"categories":[11],"tags":[],"class_list":["post-937","post","type-post","status-publish","format-standard","hentry","category-ozvena"],"_links":{"self":[{"href":"https:\/\/www.ladislavjakl.cz\/index.php?rest_route=\/wp\/v2\/posts\/937","targetHints":{"allow":["GET"]}}],"collection":[{"href":"https:\/\/www.ladislavjakl.cz\/index.php?rest_route=\/wp\/v2\/posts"}],"about":[{"href":"https:\/\/www.ladislavjakl.cz\/index.php?rest_route=\/wp\/v2\/types\/post"}],"author":[{"embeddable":true,"href":"https:\/\/www.ladislavjakl.cz\/index.php?rest_route=\/wp\/v2\/users\/1"}],"replies":[{"embeddable":true,"href":"https:\/\/www.ladislavjakl.cz\/index.php?rest_route=%2Fwp%2Fv2%2Fcomments&post=937"}],"version-history":[{"count":2,"href":"https:\/\/www.ladislavjakl.cz\/index.php?rest_route=\/wp\/v2\/posts\/937\/revisions"}],"predecessor-version":[{"id":939,"href":"https:\/\/www.ladislavjakl.cz\/index.php?rest_route=\/wp\/v2\/posts\/937\/revisions\/939"}],"wp:attachment":[{"href":"https:\/\/www.ladislavjakl.cz\/index.php?rest_route=%2Fwp%2Fv2%2Fmedia&parent=937"}],"wp:term":[{"taxonomy":"category","embeddable":true,"href":"https:\/\/www.ladislavjakl.cz\/index.php?rest_route=%2Fwp%2Fv2%2Fcategories&post=937"},{"taxonomy":"post_tag","embeddable":true,"href":"https:\/\/www.ladislavjakl.cz\/index.php?rest_route=%2Fwp%2Fv2%2Ftags&post=937"}],"curies":[{"name":"wp","href":"https:\/\/api.w.org\/{rel}","templated":true}]}}