{"id":9370,"date":"2018-10-03T11:57:33","date_gmt":"2018-10-03T09:57:33","guid":{"rendered":"http:\/\/www.ladislavjakl.cz\/?p=9370"},"modified":"2018-10-03T11:57:33","modified_gmt":"2018-10-03T09:57:33","slug":"volby-ve-stinu-mnichova-porosenkova-metoda-v-podani-ct-za-nase-penize-kampan-pro-zdejsi-kolaboranty-jsou-nase-obeti-nemeckeho-radeni-jiz-jen-fetis-pirati-jako-kalousek-c-2-nadeje-neumira","status":"publish","type":"post","link":"https:\/\/www.ladislavjakl.cz\/?p=9370","title":{"rendered":"Volby ve st\u00ednu Mnichova: Poro\u0161enkova metoda v pod\u00e1n\u00ed \u010cT. Za na\u0161e pen\u00edze kampa\u0148 pro zdej\u0161\u00ed kolaboranty. Jsou na\u0161e ob\u011bti n\u011bmeck\u00e9ho \u0159\u00e1d\u011bn\u00ed ji\u017e jen &#8222;feti\u0161&#8220;? Pir\u00e1ti jako Kalousek \u010d. 2? Nad\u011bje neum\u00edr\u00e1"},"content":{"rendered":"<p>Ji\u017e za p\u00e1r dn\u016f p\u0159ijde n\u011bco v\u00edce ne\u017e polovina v\u0161ech ob\u010dan\u016f s volebn\u00edm pr\u00e1vem k&nbsp;urn\u00e1m, aby naplnili komun\u00e1ln\u00ed instituce a t\u0159etinu horn\u00ed komory parlamentu. Je to m\u00e1lo, nebo tak akor\u00e1t? Pokud tyto mili\u00f3ny lid\u00ed do volebn\u00edch m\u00edstnost\u00ed skute\u010dn\u011b doraz\u00ed, jde skoro o z\u00e1zrak. V&nbsp;zemi, jej\u00ed\u017e st\u00e1tn\u00ed suverenita je toliko \u201esd\u00edlen\u00e1\u201c a osmdes\u00e1t procent z\u00e1kon\u016f p\u0159ich\u00e1z\u00ed jako dikt\u00e1t z&nbsp;Bruselu \u2013 to je jako volit v&nbsp;dob\u011b otev\u0159en\u00e9ho n\u011bmeck\u00e9ho protektor\u00e1tu. Jak\u00fd div, \u017ee chu\u0165 ob\u010dan\u016f legitimizovat sv\u00fdm hlasov\u00e1n\u00edm zahrani\u010dn\u00ed mocnost nutn\u011b st\u00e1le kles\u00e1.&nbsp;<\/p>\n<p><!--more--><\/p>\n<p>P\u0159esto je volebn\u00ed akt d\u016fle\u017eit\u00fd. Ne \u017ee by ob\u010dan mohl n\u011bco z\u00e1sadn\u00edho zm\u011bnit. Do sen\u00e1tu ale mohou p\u0159ij\u00edt jednotlivci, kte\u0159\u00ed budou alespo\u0148 brzdit lokajsk\u00e9 k\u00fdv\u00e1n\u00ed bruselsk\u00e9 protektor\u00e1tn\u00ed centr\u00e1le. V&nbsp;obc\u00edch a ve m\u011bstech \u2013 v&nbsp;Praze a Brn\u011b zvl\u00e1\u0161\u0165 \u2013 se zase mohou objevit lid\u00e9, kte\u0159\u00ed budou slu\u0161n\u011b hospoda\u0159it s&nbsp;na\u0161imi pen\u011bzi. T\u0159eba ned\u00e1vat podporu neziskovk\u00e1m p\u0159ipravuj\u00edc\u00edm \u201ena Klinik\u00e1ch\u201c z\u00e1zem\u00ed pro migranty, \u010di divadl\u016fm, v&nbsp;nich\u017e muslimov\u00e9 ur\u00e1\u017eej\u00ed k\u0159es\u0165anstv\u00ed a na\u0161e st\u00e1tn\u00ed symboly.<\/p>\n<p>Shodou okolnost\u00ed jsme si t\u00fdden p\u0159ed volbami p\u0159ipomn\u011bli mimo\u0159\u00e1dn\u011b pou\u010dnou historickou lekci: v\u010dera uplynulo 80 let od mnichovsk\u00e9 zrady na\u0161ich z\u00e1padn\u00edch spojenc\u016f. Jen p\u00e1r m\u011bs\u00edc\u016f pot\u00e9 pak bez jedin\u00e9ho v\u00fdst\u0159elu odzbrojen\u00fdch obr\u00e1nc\u016f vpochodovala n\u011bmeck\u00e1 vojska do na\u0161\u00ed zem\u011b o\u0159ezan\u00e9 ze z\u00e1padu, severu a jihu na kost, a Hitler se dal fotografovat v&nbsp;otev\u0159en\u00e9m okn\u011b Pra\u017esk\u00e9ho hradu. Nezradily n\u00e1s toti\u017e jen velmoci, ale tak\u00e9 ti, kter\u00e9 si na\u0161i p\u0159edkov\u00e9 tehdy zvolili. Politici, kte\u0159\u00ed slep\u011b spol\u00e9hali na \u201ekolektivn\u00ed ochranu\u201c od na\u0161ich z\u00e1padn\u00edch \u201espojenc\u016f\u201c a nevedli n\u00e1rod k&nbsp;obran\u011b vlastn\u00edmi silami \u2013 dokud byl \u010das.<\/p>\n<h2>Mystifikace<\/h2>\n<p>Odev\u0161ad nyn\u00ed sly\u0161\u00edme, \u017ee komun\u00e1ln\u00ed a sen\u00e1tn\u00ed volby jsou z\u00e1sadn\u011b jin\u00e9 ne\u017e ty v\u0161eobecn\u00e9 (parlamentn\u00ed). \u017de chodn\u00edk, vodovod, kanalizace \u010di osv\u011btlen\u00ed nejsou pravicov\u00e9 ani levicov\u00e9. To pochopiteln\u011b nen\u00ed pravda. Pokud by u n\u00e1s n\u011bjak\u00e1 levice \u010di pravice je\u0161t\u011b existovala, m\u011blo by to z\u00e1sadn\u00ed v\u00fdznam. Levicov\u00e9 rozhazov\u00e1n\u00ed a pravicov\u00e9 racion\u00e1ln\u00ed obracen\u00ed ka\u017ed\u00e9 koruny vydan\u00e9 z&nbsp;dan\u00ed, by hr\u00e1lo roli. Dnes ale rozhazuj\u00ed v\u0161ichni, proto\u017ee um\u011ble vytvo\u0159en\u00fd blahobyt (kter\u00fd ji\u017e brzy skon\u010d\u00ed dal\u0161\u00ed hospod\u00e1\u0159skou katastrofou \u2013 nejsp\u00ed\u0161 dramati\u010dt\u011bj\u0161\u00ed ne\u017e byla ta p\u0159edchoz\u00ed) a absence ideov\u00e9ho zakotven\u00ed je vedou k&nbsp;z\u00e1vod\u016fm o bol\u0161evick\u00fd blud: v\u0161e bude zadarmo.<\/p>\n<p>Nikdy nic zadarmo nen\u00ed. Ani politick\u00e9 kampan\u011b, kter\u00e9 si t\u011bmi sliby d\u011blaj\u00ed. V\u0161echno a v\u0161echny plat\u00edme z&nbsp;na\u0161ich kapes. A ne jen ty filuty od n\u00e1s. Jsme p\u0159ece (p\u0159es Brusel) solid\u00e1rn\u00ed. A je omyl myslet si, \u017ee se to t\u00fdk\u00e1 pouze&nbsp;Afri\u010dan\u016f a Arab\u016f, do jejich\u017e zem\u00ed u\u017e dnes pos\u00edl\u00e1me stovky mili\u00f3n\u016f, aby se \u00fadajn\u011b \u201ena m\u00edst\u011b\u201c pom\u00e1halo zdej\u0161\u00edm chud\u00e1k\u016fm, kte\u0159\u00ed pak pr\u00fd nebudou cht\u00edt migrovat do Evropy. Ve skute\u010dnosti ty astronomick\u00e9 pen\u00edze kon\u010d\u00ed v&nbsp;kaps\u00e1ch m\u00edstn\u00edch vl\u00e1dc\u016f a oligarch\u016f.<\/p>\n<p>Zd\u00e1nliv\u00e1 drobnost, ale dokonale p\u0159\u00edzna\u010dn\u00e1 a vypov\u00eddaj\u00edc\u00ed: d\u00e1nsk\u00e9 noviny Berlinske p\u0159inesly zpr\u00e1vu o tom, jak vl\u00e1da z&nbsp;dan\u00ed D\u00e1n\u016f solid\u00e1rn\u011b vypom\u00e1h\u00e1 Ukrajin\u011b.&nbsp;Profinancovala toti\u017e jak\u00e9si \u201especializovan\u00e9 st\u0159edisko\u201c na sb\u011br \u00fadaj\u016f \u201epro boj s&nbsp;korupc\u00ed\u201c. Obrovsk\u00e1 hromada mili\u00f3n\u016f. B\u00fdval\u00e1 vedouc\u00ed odd\u011blen\u00ed N\u00e1rodn\u00edho \u00fa\u0159adu pro boj s&nbsp;korupc\u00ed A. Somatina nyn\u00ed ale ozn\u00e1mila, \u017ee \u201ed\u00e1n\u0161t\u00ed pl\u00e1tci dan\u00ed byli podvedeni\u201c. Pen\u00edze byly pou\u017eity na p\u0159edvolebn\u00ed aktivity prezidenta Poro\u0161enka. Nen\u00ed jasn\u00e9, jestli poslou\u017eily jako statis\u00edcov\u00e9 dolarov\u00e9 \u00faplatky lobbist\u016fm, aby se Poro\u0161enko mohl setkat a vyfotit v&nbsp;B\u00edl\u00e9m dom\u011b s&nbsp;prezidentem Trumpem, nebo na jinou podobnou \u201eprotikorup\u010dn\u00ed aktivitu\u201c.<\/p>\n<p><img loading=\"lazy\" decoding=\"async\" src=\"http:\/\/www.protiproud.cz\/images\/textiky\/20171023121143_volby-klaus-mladsi-lev.jpg\" alt=\"\" width=\"546\" height=\"260\"><\/p>\n<p><a href=\"http:\/\/www.protiproud.cz\/politika\/3978-uz-je-to-tady-s-koncem-prazdnin-prichazeji-do-skol-myci-mozku-valka-je-mir-lez-je-pravda-eman-moravec-v-ct-jiz-opet-uraduje-schizofrenie-bez-usmevu-za-vse-muze-mlady-klaus-pujde-ods-do-hrobu-s-kalouskem.htm\">\u010ct\u011bte ZDE: U\u017e je to tady: S koncem pr\u00e1zdnin p\u0159ich\u00e1zej\u00ed do \u0161kol my\u010di mozk\u016f. V\u00e1lka je m\u00edr, le\u017e je pravda. Eman Moravec v \u010cT ji\u017e op\u011bt \u00fa\u0159aduje. Schizofrenie bez \u00fasm\u011bvu. Za v\u0161e m\u016f\u017ee mlad\u00fd Klaus. P\u016fjde ODS do hrobu s Kalouskem?<\/a><\/p>\n<h2>Tv\u016fr\u010d\u00ed rozv\u00edjen\u00ed Poro\u0161enkovy metody<\/h2>\n<p>Nejinak je tomu u n\u00e1s. A nen\u00ed t\u0159eba ani mluvit o bruselsk\u00fdch finan\u010dn\u00edch d\u00e1rc\u00edch neziskovk\u00e1m napojen\u00fdch na politick\u00e9 strany typu TOP 09, Starostov\u00e9 a nez\u00e1visl\u00ed, lidovci \u010di Pir\u00e1ti, jejich\u017e \u00fakolem je rozvr\u00e1tit zbytky na\u0161\u00ed suverenity. Samoz\u0159ejm\u011b, \u017ee jsou to tak\u00e9 na\u0161e pen\u00edze, kter\u00e9 p\u0159evedeny do Bruselu (a \u010dty\u0159ikr\u00e1t rozkradeny) se k&nbsp;n\u00e1m pak z\u010d\u00e1sti vracej\u00ed v&nbsp;podob\u011b m\u00fdtick\u00fdch \u201edotac\u00ed\u201c. P\u0159\u00edmo u n\u00e1s si je plat\u00edme ze st\u00e1tn\u00edho rozpo\u010dtu tak\u00e9. Ale i nep\u0159\u00edmo \u2013 nap\u0159\u00edklad v&nbsp;podob\u011b dan\u011b zvan\u00e9 \u201ekoncesion\u00e1\u0159sk\u00e9 poplatky\u201c \u010cesk\u00e9 televizi a rozhlasu.<\/p>\n<p>Zvl\u00e1\u0161t\u011b \u010cT je mistr v&nbsp;rozv\u00edjen\u00ed Poro\u0161enkovy \u201eprotikorup\u010dn\u00ed\u201c metody. Z&nbsp;t\u011bch zhruba sedmi miliard, co ka\u017edoro\u010dn\u011b na Kav\u010d\u00ed hory povinn\u011b \u201epos\u00edl\u00e1me\u201c, financuje nejen sv\u00e9 kamar\u00e1dy z&nbsp;Kav\u00e1rny (p\u0159edev\u0161\u00edm filmov\u00e9 produkce), ale p\u0159\u00edmo jednotliv\u00e9 politick\u00e9 strany a jejich kampan\u011b. Pokud n\u011bkdo n\u00e1hodou sledoval dne\u0161n\u00ed pravideln\u00e9 politick\u00e9 \u0161kolen\u00ed ob\u010danstva, kde pod veden\u00edm sou\u010dasn\u00e9ho Emanuela Moravce (protektor\u00e1tn\u00ed ministr propagandy) \u201eopozice\u201c bu\u0161ila do nep\u0159\u00edtomn\u00e9ho premi\u00e9ra Babi\u0161e a prezidenta Zemana, v\u00ed, o \u010dem je \u0159e\u010d.&nbsp;<\/p>\n<p>ODS, Pir\u00e1ti a p\u0159edseda Filip (jeden se pomalu zdr\u00e1h\u00e1 \u0159\u00edci komunist\u00e9) za na\u0161e pen\u00edze vedli kampa\u0148. Chyb\u011bl v\u00fdjime\u010dn\u011b jen Miroslav Kalousek, ale to jen proto, \u017ee mus\u00ed alespo\u0148 ob\u010das z&nbsp;obrazovek \u010cT na chvilinku zmizet. Strana, kter\u00e1 je podle v\u0161ech (i tak nepochybn\u011b cinknut\u00fdch) pr\u016fzkum\u016f hluboko pod hranic\u00ed vstupu do sn\u011bmovny, se mus\u00ed alespo\u0148 v&nbsp;Praze pokusit zachytit, nebo je s&nbsp;n\u00ed amen d\u0159\u00edve, ne\u017e spolu s&nbsp;lidovci a spol. svou kolaborantskou misi dokon\u010d\u00ed. Ale Pir\u00e1ti bezpe\u010dn\u011b \u0161tafetu p\u0159eb\u00edraj\u00ed \u2013 tak\u017ee tam vlastn\u011b topka byla.<\/p>\n<p><img loading=\"lazy\" decoding=\"async\" src=\"http:\/\/www.protiproud.cz\/images\/textiky\/20180914175612_kalousek-saw.jpg\" alt=\"\" width=\"546\" height=\"260\"><\/p>\n<p><a href=\"http:\/\/www.protiproud.cz\/politika\/4004-uz-jsou-tady-kalousek-misto-biaka-kolaboranti-na-stridacce-madarsko-pred-reprizou-roku-1956-tentokrat-s-bruselskymi-ci-americkymi-tanky-ludek-pise-pohadky-jirka-ciha-na-petra-hrozi-andrejovi-dalsi-zrada.htm\">\u010ct\u011bte ZDE: U\u017e jsou tady: Kalousek m\u00edsto Bi\u013eaka. Kolaboranti na st\u0159\u00edda\u010dce. Ma\u010farsko p\u0159ed repr\u00edzou roku 1956? Tentokr\u00e1t s bruselsk\u00fdmi \u010di americk\u00fdmi tanky. Lud\u011bk p\u00ed\u0161e poh\u00e1dky. Jirka \u010d\u00edh\u00e1 na Petra. Hroz\u00ed Andrejovi dal\u0161\u00ed zrada?<\/a><\/p>\n<h2>Ve st\u00ednu Mnichova<\/h2>\n<p>Ve\u010der p\u0159edt\u00edm si naopak \u010cT st\u0159ihla \u201especi\u00e1l\u201c k&nbsp;Mnichovu. Dozv\u011bd\u011bli jsme se, \u017ee tato nejtragi\u010dt\u011bj\u0161\u00ed ud\u00e1lost ve stolet\u00fdch d\u011bjin\u00e1ch republiky, j\u00ed\u017e padlo za ob\u011b\u0165 statis\u00edce \u010cech\u016f, Moravan\u016f a Slezan\u016f, dnes vlastn\u011b nikoho nezaj\u00edm\u00e1. Rozhodn\u011b pr\u00fd m\u00e9n\u011b, ne\u017e ned\u00e1vn\u00e9 \u201eoslavy\u201c srpna 68. Do jist\u00e9 m\u00edry je to pravda. Ani vrcholn\u00ed politici si nikde mnichovskou trag\u00e9dii nep\u0159ipomn\u011bli. Nemluvili o n\u00ed \u2013 o jej\u00edm pou\u010den\u00ed pro dne\u0161ek. Pro\u010d \u2013 to je patrn\u011b jasn\u00e9.<\/p>\n<p>Vzala to za n\u011b tedy \u010cT. Pozvala krom\u011b jin\u00fdch tak\u00e9 soudruha profesora Luke\u0161e z&nbsp;Bostonu. To je ten b\u00e1je\u010dn\u00fd mu\u017e, jen\u017e&nbsp;<a href=\"http:\/\/www.protiproud.cz\/politika\/3905-americka-krasa-nechteneho-manicka-bolsevika-vzdycky-zvedne-ze-zidle-liberalni-tyranie-zase-vycenila-zuby-lukes-vs-konsky-ohon-koho-hlidaji-psi-hlavni-media-jsou-na-dne-duvery-jakl-na-hrad.htm\" target=\"_blank\" rel=\"noopener\">ned\u00e1vno odm\u00edtl mluvit v&nbsp;jednom po\u0159adu<\/a>s&nbsp;Ladislavem Jaklem, proto\u017ee s&nbsp;m\u00e1ni\u010dkami se pr\u00fd nebav\u00ed. J\u00f3, kdyby tam tak byl n\u011bjak\u00fd z&nbsp;vlasat\u00fdch Pir\u00e1t\u016f, to by byla jin\u00e1! V\u011b\u010dn\u011b vysm\u00e1t\u00fd (z dan\u00ed americk\u00fdch poplatn\u00edk\u016f) pan profesor n\u00e1m sd\u011blil, \u017ee pr\u00fd \u201eMnichov je dnes jen \u010desk\u00fd feti\u0161\u201c. Hle. Z&nbsp;N\u011bmecka se krom\u011b p\u00e1r form\u00e1ln\u00edch fr\u00e1z\u00ed ministra zahrani\u010d\u00ed neozvalo v\u016fbec nic. Hle.<\/p>\n<p>Za p\u00e1r dn\u016f jdeme k&nbsp;volb\u00e1m. Ostatn\u011b zm\u00edn\u011bn\u00fd Ladislav Jakl v&nbsp;nich tak\u00e9 kandiduje na sen\u00e1tora v&nbsp;Praze 2 a okol\u00ed. Pat\u0159\u00ed tam i st\u00e1le je\u0161t\u011b \u017eiv\u011b fetuj\u00edc\u00ed \u201eKlinika\u201c, kterou navzdory v\u0161em z\u00e1kon\u016fm nad\u00e1le beztrestn\u011b okupuje jedna divize zdej\u0161\u00ed P\u00e1t\u00e9 kolony. Hle. V\u00edm bezpe\u010dn\u011b, \u017ee Jakl si nemysl\u00ed, \u017ee Mnichov je feti\u0161. Ani \u017ee Klinika je b\u00e1je\u010dn\u00e9 tr\u00e9ninkov\u00e9 m\u00edsto pro p\u0159\u00edpravu na p\u0159ij\u00edm\u00e1n\u00ed migrant\u016f. V\u00edm, \u017ee si mysl\u00ed, \u017ee m\u00e1me z&nbsp;EU odej\u00edt. V\u00edm to, proto\u017ee ho zn\u00e1m. Z&nbsp;\u010cT bych se to nedozv\u011bd\u011bl.&nbsp;<\/p>\n<p>Jdeme k&nbsp;volb\u00e1m ve st\u00ednu sou\u010dasn\u00e9ho \u201ebruselsk\u00e9ho\u201c Mnichova a zdej\u0161\u00edch Mnichovan\u016f. Jakl a jemu podobn\u00ed cht\u011bj\u00ed zp\u011bt na\u0161i st\u00e1tn\u00ed suverenitu. I proto mi stoj\u00ed za to j\u00edt vhodit l\u00edstek do urny.<\/p>\n<p>Proto\u017ee nad\u011bje neum\u00edr\u00e1 posledn\u00ed.&nbsp;<\/p>\n<p>Neum\u00edr\u00e1 nikdy.<\/p>\n<p><a href=\"http:\/\/www.protiproud.cz\/duchovni-svet\/4027-volby-ve-stinu-mnichova-porosenkova-metoda-v-podani-ct-za-nase-penize-kampan-pro-zdejsi-kolaboranty-jsou-nase-obeti-nemeckeho-radeni-jiz-jen-fetis-pirati-jako-kalousek-c-2-nadeje-neumira.htm\">Zdroj<\/a><\/p>\n","protected":false},"excerpt":{"rendered":"<p>Ji\u017e za p\u00e1r dn\u016f p\u0159ijde n\u011bco v\u00edce ne\u017e polovina v\u0161ech ob\u010dan\u016f s volebn\u00edm pr\u00e1vem k&nbsp;urn\u00e1m, aby naplnili komun\u00e1ln\u00ed instituce a t\u0159etinu horn\u00ed komory parlamentu. Je to m\u00e1lo, nebo tak akor\u00e1t? Pokud tyto mili\u00f3ny lid\u00ed do volebn\u00edch m\u00edstnost\u00ed skute\u010dn\u011b doraz\u00ed, jde skoro o z\u00e1zrak. V&nbsp;zemi, jej\u00ed\u017e st\u00e1tn\u00ed suverenita je toliko \u201esd\u00edlen\u00e1\u201c a osmdes\u00e1t procent z\u00e1kon\u016f p\u0159ich\u00e1z\u00ed [&hellip;]<\/p>\n","protected":false},"author":1,"featured_media":0,"comment_status":"open","ping_status":"open","sticky":false,"template":"","format":"standard","meta":{"ngg_post_thumbnail":0,"footnotes":""},"categories":[11],"tags":[],"class_list":["post-9370","post","type-post","status-publish","format-standard","hentry","category-ozvena"],"_links":{"self":[{"href":"https:\/\/www.ladislavjakl.cz\/index.php?rest_route=\/wp\/v2\/posts\/9370","targetHints":{"allow":["GET"]}}],"collection":[{"href":"https:\/\/www.ladislavjakl.cz\/index.php?rest_route=\/wp\/v2\/posts"}],"about":[{"href":"https:\/\/www.ladislavjakl.cz\/index.php?rest_route=\/wp\/v2\/types\/post"}],"author":[{"embeddable":true,"href":"https:\/\/www.ladislavjakl.cz\/index.php?rest_route=\/wp\/v2\/users\/1"}],"replies":[{"embeddable":true,"href":"https:\/\/www.ladislavjakl.cz\/index.php?rest_route=%2Fwp%2Fv2%2Fcomments&post=9370"}],"version-history":[{"count":1,"href":"https:\/\/www.ladislavjakl.cz\/index.php?rest_route=\/wp\/v2\/posts\/9370\/revisions"}],"predecessor-version":[{"id":9371,"href":"https:\/\/www.ladislavjakl.cz\/index.php?rest_route=\/wp\/v2\/posts\/9370\/revisions\/9371"}],"wp:attachment":[{"href":"https:\/\/www.ladislavjakl.cz\/index.php?rest_route=%2Fwp%2Fv2%2Fmedia&parent=9370"}],"wp:term":[{"taxonomy":"category","embeddable":true,"href":"https:\/\/www.ladislavjakl.cz\/index.php?rest_route=%2Fwp%2Fv2%2Fcategories&post=9370"},{"taxonomy":"post_tag","embeddable":true,"href":"https:\/\/www.ladislavjakl.cz\/index.php?rest_route=%2Fwp%2Fv2%2Ftags&post=9370"}],"curies":[{"name":"wp","href":"https:\/\/api.w.org\/{rel}","templated":true}]}}