{"id":9375,"date":"2018-10-03T12:02:43","date_gmt":"2018-10-03T10:02:43","guid":{"rendered":"http:\/\/www.ladislavjakl.cz\/?p=9375"},"modified":"2018-10-03T12:02:43","modified_gmt":"2018-10-03T10:02:43","slug":"pl-jakl-kubera-cunek-pospisil-jsou-nejverohodnejsimi-kandidaty-v-republice","status":"publish","type":"post","link":"https:\/\/www.ladislavjakl.cz\/?p=9375","title":{"rendered":"PL: Jakl, Kubera, \u010cunek, Posp\u00ed\u0161il jsou nejv\u011brohodn\u011bj\u0161\u00edmi kandid\u00e1ty v republice"},"content":{"rendered":"<p>Jak uk\u00e1zal exkluzivn\u00ed pr\u016fzkum spole\u010dnosti SANEP, ze sedmn\u00e1cti vybran\u00fdch osobnost\u00ed kandiduj\u00edc\u00edch v nadch\u00e1zej\u00edc\u00edch komun\u00e1ln\u00edch a sen\u00e1tn\u00edch volb\u00e1ch je nejd\u016fv\u011bryhodn\u011bj\u0161\u00ed osobnost\u00ed b\u00fdval\u00fd ministr spravedlnosti, sou\u010dasn\u00fd p\u0159edseda TOP 09 kandiduj\u00edc\u00ed na pra\u017esk\u00e9ho prim\u00e1tora Ji\u0159\u00ed Posp\u00ed\u0161il.<\/p>\n<p><!--more--><\/p>\n<p>Posp\u00ed\u0161il m\u00e1 d\u016fv\u011bru v souhrnu 37,5 % obyvatel \u010cR. Ji\u0159\u00ed Posp\u00ed\u0161il je nejv\u00edce vid\u011bt v p\u0159edvolebn\u00ed kampani v Praze, kde kandiduje, nicm\u00e9n\u011b jako politik je na rozd\u00edl od sv\u00e9ho stranick\u00e9ho p\u0159edch\u016fdce Miroslava Kalouska nad\u00e1le kladn\u011b vn\u00edm\u00e1n i v dal\u0161\u00edch m\u00edstech na\u0161\u00ed zem\u011b. Do pr\u016fzkumu byli za\u0159azeni b\u00fdval\u00ed vrcholn\u00ed politici, sou\u010dasn\u00e9 v\u00fdrazn\u00e9 osobnosti politick\u00e9ho \u017eivota a ne\u00fasp\u011b\u0161n\u00ed prezident\u0161t\u00ed kandid\u00e1ti.<\/p>\n<p>Ji\u0159\u00ed Posp\u00ed\u0161il, kter\u00fd m\u00e1 velmi re\u00e1ln\u00e9 \u0161ance na v\u00fdznamn\u00fd volebn\u00ed \u00fasp\u011bch v Praze, je i ze v\u0161ech hodnocen\u00fdch osobnost\u00ed nejv\u00edce preferovan\u00fdm politikem, kter\u00fd by m\u011bl podle v souhrnu 35,3 % dot\u00e1zan\u00fdch ve volb\u00e1ch usp\u011bt.&nbsp;<\/p>\n<p>Za Ji\u0159\u00edm Posp\u00ed\u0161ilem se velmi t\u011bsn\u011b um\u00edstil lidoveck\u00fd sen\u00e1tor a hejtman Zl\u00ednsk\u00e9ho kraje Ji\u0159\u00ed \u010cunek, kter\u00fd obhajuje sen\u00e1torsk\u00fd mand\u00e1t ve vset\u00ednsk\u00e9m volebn\u00edm obvodu. Ji\u0159\u00ed \u010cunek se t\u011b\u0161\u00ed d\u016fv\u011b\u0159e v souhrnu 36,7 % ve\u0159ejnosti a usp\u011bt v nadch\u00e1zej\u00edc\u00edch volb\u00e1ch by m\u011bl podle v souhrnu 35,1 % dot\u00e1zan\u00fdch obyvatel \u010cR.<\/p>\n<p>Velmi obl\u00edbenou osobnost\u00ed je i prim\u00e1tor m\u011bsta Teplice a sou\u010dasn\u00fd sen\u00e1tor obhajuj\u00edc\u00ed sv\u016fj mand\u00e1t za ODS ve vol. obv. \u010d. 32-Teplice Jaroslav Kubera, n\u00e1sledovan\u00fd publicistou a b\u00fdval\u00fdm \u0159editelem politick\u00e9ho odboru kancel\u00e1\u0159e prezidenta V\u00e1clava Klause, kandid\u00e1tem do Sen\u00e1tu ve vol. obv. \u010d. 26-Praha 2 Ladislavem Jaklem. Ten kandiduje jako nestran\u00edk za SPD.<\/p>\n<p>Jaroslav Kubera je zn\u00e1m zejm\u00e9na jako odp\u016frce protiku\u0159\u00e1ck\u00e9ho z\u00e1kona, ale i dal\u0161\u00edmi neot\u0159el\u00fdmi n\u00e1zory a velmi osobit\u00fdm vystupov\u00e1n\u00edm stejn\u011b jako Ladislav Jakl, kter\u00fd je zn\u00e1m \u0159adou kontroverzn\u00edch, ale nutno dodat velmi osobit\u00fdch a provokativn\u00edch v\u00fdrok\u016f a postoj\u016f, mezi n\u011b\u017e lze za\u0159adit i pr\u00e1v\u011b kandidaturu za SPD.<\/p>\n<p>Velmi zaj\u00edmav\u00fdm zji\u0161t\u011bn\u00edm je ov\u0161em i p\u00e1t\u00fd nejd\u016fv\u011bryhodn\u011bj\u0161\u00ed expremi\u00e9r a b\u00fdval\u00fd p\u0159edseda \u010cSSD, nez\u00e1visl\u00fd kandid\u00e1t do Sen\u00e1tu ve vol. obv. \u010d. 71 Ostrava-m\u011bsto Ji\u0159\u00ed Paroubek, kter\u00fd p\u0159esko\u010dil i v\u0161echny ne\u00fasp\u011b\u0161n\u00e9 prezidentsk\u00e9 kandid\u00e1ty. Ji\u0159\u00ed Paroubek se t\u011b\u0161\u00ed nejv\u011bt\u0161\u00ed d\u016fv\u011b\u0159e mezi sou\u010dasn\u00fdmi a b\u00fdval\u00fdmi voli\u010di \u010cSSD. K p\u0159\u00edpadn\u00e9mu volebn\u00edmu \u00fasp\u011bchu mu m\u016f\u017ee pomoci i paradoxn\u011b medializace soukrom\u00e9ho rozvodov\u00e9ho konfliktu.<\/p>\n<p>ejm\u00e9n\u011b d\u016fv\u011bryhodn\u00fdmi jsou pak exministr dopravy, l\u00eddr kandid\u00e1tky hnut\u00ed Starostov\u00e9 a nez\u00e1visl\u00ed v P\u0159erov\u011b Anton\u00edn Pracha\u0159 a b\u00fdval\u00fd st\u0159edo\u010desk\u00fd hejtman, kandid\u00e1t do Sen\u00e1tu ve vol. obv. \u010d. 29 Litom\u011b\u0159ice David Rath. Zat\u00edmco Anton\u00edn Pracha\u0159 je sp\u00ed\u0161e politikem, kter\u00fd se do pam\u011bti obyvatel \u010cR p\u0159\u00edli\u0161 nezapsal, v p\u0159\u00edpad\u011b Davida Ratha je tomu p\u0159esn\u011b naopak. Ten se do pam\u011bti obyvatel na\u0161\u00ed zem\u011b zapsal a bohu\u017eel ne p\u0159\u00edli\u0161 pozitivn\u011b, co\u017e ov\u0161em nemus\u00ed nutn\u011b znamenat, \u017ee by nemusel usp\u011bt ve sv\u00e9m volebn\u00edm obvodu.<\/p>\n<p>Celkov\u011b pak lze \u0159\u00edci, \u017ee v souhrnu u hodnocen\u00fdch osobnost\u00ed p\u0159evl\u00e1daj\u00ed sp\u00ed\u0161e negativn\u00ed postoje dom\u00e1c\u00ed ve\u0159ejnosti, kter\u00e1 m\u00e1 v\u0161ak obecn\u011b k politice a politik\u016fm silnou animozitu. Ostatn\u011b zejm\u00e9na sen\u00e1tn\u00ed volby maj\u00ed nejmen\u0161\u00ed voli\u010dskou \u00fa\u010dast a komun\u00e1ln\u00ed volby na tom nejsou o moc l\u00e9pe. I p\u0159es tuto skute\u010dnost lze v\u0161ak \u0159\u00edci, \u017ee \u010d\u00e1st hodnocen\u00fdch osobnost\u00ed vzbuzuje u v\u00edce ne\u017e t\u0159etiny dom\u00e1c\u00ed populace kladn\u00e9 emoce, co\u017e je v politice \u017e\u00e1douc\u00ed a z pohledu voleb jim to d\u00e1v\u00e1 re\u00e1ln\u00e9 nad\u011bje na volebn\u00ed \u00fasp\u011bch.<\/p>\n<p>Exkluzivn\u00ed pr\u016fzkum spole\u010dnosti SANEP byl proveden ve dnech 14.\u201321. z\u00e1\u0159\u00ed 2018 na vybran\u00e9 skupin\u011b 1 975 dot\u00e1zan\u00fdch, kte\u0159\u00ed p\u0159edstavuj\u00ed reprezentativn\u00ed vzorek obyvatel \u010cR ve v\u011bku 18+ let. Reprezentativn\u00ed vzorek byl vybr\u00e1n metodou kv\u00f3tn\u00edho v\u00fdb\u011bru a odpov\u00edd\u00e1 sociodemografick\u00e9mu rozlo\u017een\u00ed obyvatel \u010cR podle \u00fadaj\u016f \u010cesk\u00e9ho statistick\u00e9ho \u00fa\u0159adu. Statistick\u00e1 chyba u uveden\u00e9 skupiny obyvatel se pohybuje v rozmez\u00ed +\u20132,5 %. Kontrola dan\u00e9ho vzorku byla provedena triangula\u010dn\u00ed datovou metodou.<\/p>\n<p><a href=\"https:\/\/www.parlamentnilisty.cz\/arena\/monitor\/Pospisil-a-Cunek-patri-mezi-nejduveryhodnejsi-kandidujici-osobnosti-Rath-je-na-opacnem-konci-pruzkumu-553834\">Zdroj<\/a><\/p>\n<p>&nbsp;<\/p>\n","protected":false},"excerpt":{"rendered":"<p>Jak uk\u00e1zal exkluzivn\u00ed pr\u016fzkum spole\u010dnosti SANEP, ze sedmn\u00e1cti vybran\u00fdch osobnost\u00ed kandiduj\u00edc\u00edch v nadch\u00e1zej\u00edc\u00edch komun\u00e1ln\u00edch a sen\u00e1tn\u00edch volb\u00e1ch je nejd\u016fv\u011bryhodn\u011bj\u0161\u00ed osobnost\u00ed b\u00fdval\u00fd ministr spravedlnosti, sou\u010dasn\u00fd p\u0159edseda TOP 09 kandiduj\u00edc\u00ed na pra\u017esk\u00e9ho prim\u00e1tora Ji\u0159\u00ed Posp\u00ed\u0161il.<\/p>\n","protected":false},"author":1,"featured_media":0,"comment_status":"open","ping_status":"open","sticky":false,"template":"","format":"standard","meta":{"ngg_post_thumbnail":0,"footnotes":""},"categories":[22,11],"tags":[],"class_list":["post-9375","post","type-post","status-publish","format-standard","hentry","category-jakl-senator","category-ozvena"],"_links":{"self":[{"href":"https:\/\/www.ladislavjakl.cz\/index.php?rest_route=\/wp\/v2\/posts\/9375","targetHints":{"allow":["GET"]}}],"collection":[{"href":"https:\/\/www.ladislavjakl.cz\/index.php?rest_route=\/wp\/v2\/posts"}],"about":[{"href":"https:\/\/www.ladislavjakl.cz\/index.php?rest_route=\/wp\/v2\/types\/post"}],"author":[{"embeddable":true,"href":"https:\/\/www.ladislavjakl.cz\/index.php?rest_route=\/wp\/v2\/users\/1"}],"replies":[{"embeddable":true,"href":"https:\/\/www.ladislavjakl.cz\/index.php?rest_route=%2Fwp%2Fv2%2Fcomments&post=9375"}],"version-history":[{"count":1,"href":"https:\/\/www.ladislavjakl.cz\/index.php?rest_route=\/wp\/v2\/posts\/9375\/revisions"}],"predecessor-version":[{"id":9376,"href":"https:\/\/www.ladislavjakl.cz\/index.php?rest_route=\/wp\/v2\/posts\/9375\/revisions\/9376"}],"wp:attachment":[{"href":"https:\/\/www.ladislavjakl.cz\/index.php?rest_route=%2Fwp%2Fv2%2Fmedia&parent=9375"}],"wp:term":[{"taxonomy":"category","embeddable":true,"href":"https:\/\/www.ladislavjakl.cz\/index.php?rest_route=%2Fwp%2Fv2%2Fcategories&post=9375"},{"taxonomy":"post_tag","embeddable":true,"href":"https:\/\/www.ladislavjakl.cz\/index.php?rest_route=%2Fwp%2Fv2%2Ftags&post=9375"}],"curies":[{"name":"wp","href":"https:\/\/api.w.org\/{rel}","templated":true}]}}