{"id":9383,"date":"2018-10-03T16:45:01","date_gmt":"2018-10-03T14:45:01","guid":{"rendered":"http:\/\/www.ladislavjakl.cz\/?p=9383"},"modified":"2018-10-03T18:20:16","modified_gmt":"2018-10-03T16:20:16","slug":"mezi-svymi-i-temi-druhymi","status":"publish","type":"post","link":"https:\/\/www.ladislavjakl.cz\/?p=9383","title":{"rendered":"Mezi sv\u00fdmi i t\u011bmi \u201edruh\u00fdmi\u201c."},"content":{"rendered":"<p>Chod\u00edm pravideln\u011b povzbuzovat dobrovoln\u00edky, kte\u0159\u00ed na mou podporu nasazuj\u00ed vlastn\u00ed k\u016f\u017ei v p\u0159\u00edm\u00e9 kontaktn\u00ed kampani v ulic\u00edch. \u00datern\u00ed setk\u00e1n\u00ed s m\u00fdmi voli\u010di a podporovateli na N\u00e1m\u011bst\u00ed M\u00edru bylo ale extra zaj\u00edmav\u00e9 a v mnoh\u00e9m inspirativn\u00ed.<\/p>\n<p><!--more--><\/p>\n<p>P\u0159i\u0161li ho toti\u017e napadnout anarchist\u00e9, provokat\u00e9\u0159i, klinik\u00e1\u0159i a feministky. Jejich programem je s.r\u00e1t na sv\u00e9 spoluob\u010dany, kte\u0159\u00ed maj\u00ed jin\u00e9 n\u00e1zory. Sna\u017e\u00ed se vyvolat konflikt, ale \u017e\u00e1dn\u00e9 vlastn\u00ed n\u00e1zory nemaj\u00ed. Jen jsou natolik p\u0159esv\u011bd\u010deni, \u017ee bojuj\u00ed s jak\u00fdmsi obrzlem, co\u017e je oprav\u0148uje k pocitu, \u017ee si mohou dovolit v\u0161e. A kdo jim vad\u00ed? Ti, co chod\u00ed denn\u011b do pr\u00e1ce, plat\u00ed dan\u011b, staraj\u00ed se o sv\u00e9 rodiny a maj\u00ed sv\u00e9 legitimn\u00ed z\u00e1jmy a obavy. Takov\u00ed nekladou toti\u017e v \u017e\u00e1dn\u00e9m p\u0159\u00edpad\u011b ot\u00e1zky jako moder\u00e1to\u0159i diskusn\u00edch po\u0159ad\u016f. Je toti\u017e skute\u010dn\u011b zaj\u00edm\u00e1 sv\u011bt kolem nich. Sv\u011bt, ve kter\u00e9m re\u00e1ln\u011b \u017eij\u00ed a cht\u011bj\u00ed svobodn\u011b a bezpe\u010dn\u011b \u017e\u00edt i nad\u00e1le.<\/p>\n<p><a href=\"https:\/\/www.ladislavjakl.cz\/wp-content\/uploads\/2018\/10\/senatmirak.jpg\"><img loading=\"lazy\" decoding=\"async\" class=\"alignnone wp-image-9384\" src=\"https:\/\/www.ladislavjakl.cz\/wp-content\/uploads\/2018\/10\/senatmirak.jpg\" alt=\"\" width=\"543\" height=\"407\" srcset=\"https:\/\/www.ladislavjakl.cz\/wp-content\/uploads\/2018\/10\/senatmirak.jpg 1000w, https:\/\/www.ladislavjakl.cz\/wp-content\/uploads\/2018\/10\/senatmirak-264x198.jpg 264w, https:\/\/www.ladislavjakl.cz\/wp-content\/uploads\/2018\/10\/senatmirak-768x576.jpg 768w, https:\/\/www.ladislavjakl.cz\/wp-content\/uploads\/2018\/10\/senatmirak-900x675.jpg 900w\" sizes=\"auto, (max-width: 543px) 100vw, 543px\" \/><\/a><\/p>\n<p><iframe loading=\"lazy\" title=\"Ladislav Jakl: Mezi sv\u00fdmi i t\u011bmi \u201edruh\u00fdmi\u201c.\" width=\"500\" height=\"281\" src=\"https:\/\/www.youtube.com\/embed\/XLeEO05vdhU?feature=oembed\" frameborder=\"0\" allow=\"accelerometer; autoplay; clipboard-write; encrypted-media; gyroscope; picture-in-picture; web-share\" referrerpolicy=\"strict-origin-when-cross-origin\" allowfullscreen><\/iframe><\/p>\n","protected":false},"excerpt":{"rendered":"<p>Chod\u00edm pravideln\u011b povzbuzovat dobrovoln\u00edky, kte\u0159\u00ed na mou podporu nasazuj\u00ed vlastn\u00ed k\u016f\u017ei v p\u0159\u00edm\u00e9 kontaktn\u00ed kampani v ulic\u00edch. \u00datern\u00ed setk\u00e1n\u00ed s m\u00fdmi voli\u010di a podporovateli na N\u00e1m\u011bst\u00ed M\u00edru bylo ale extra zaj\u00edmav\u00e9 a v mnoh\u00e9m inspirativn\u00ed.<\/p>\n","protected":false},"author":1,"featured_media":0,"comment_status":"open","ping_status":"open","sticky":false,"template":"","format":"standard","meta":{"ngg_post_thumbnail":0,"footnotes":""},"categories":[22,12],"tags":[],"class_list":["post-9383","post","type-post","status-publish","format-standard","hentry","category-jakl-senator","category-video"],"_links":{"self":[{"href":"https:\/\/www.ladislavjakl.cz\/index.php?rest_route=\/wp\/v2\/posts\/9383","targetHints":{"allow":["GET"]}}],"collection":[{"href":"https:\/\/www.ladislavjakl.cz\/index.php?rest_route=\/wp\/v2\/posts"}],"about":[{"href":"https:\/\/www.ladislavjakl.cz\/index.php?rest_route=\/wp\/v2\/types\/post"}],"author":[{"embeddable":true,"href":"https:\/\/www.ladislavjakl.cz\/index.php?rest_route=\/wp\/v2\/users\/1"}],"replies":[{"embeddable":true,"href":"https:\/\/www.ladislavjakl.cz\/index.php?rest_route=%2Fwp%2Fv2%2Fcomments&post=9383"}],"version-history":[{"count":5,"href":"https:\/\/www.ladislavjakl.cz\/index.php?rest_route=\/wp\/v2\/posts\/9383\/revisions"}],"predecessor-version":[{"id":9391,"href":"https:\/\/www.ladislavjakl.cz\/index.php?rest_route=\/wp\/v2\/posts\/9383\/revisions\/9391"}],"wp:attachment":[{"href":"https:\/\/www.ladislavjakl.cz\/index.php?rest_route=%2Fwp%2Fv2%2Fmedia&parent=9383"}],"wp:term":[{"taxonomy":"category","embeddable":true,"href":"https:\/\/www.ladislavjakl.cz\/index.php?rest_route=%2Fwp%2Fv2%2Fcategories&post=9383"},{"taxonomy":"post_tag","embeddable":true,"href":"https:\/\/www.ladislavjakl.cz\/index.php?rest_route=%2Fwp%2Fv2%2Ftags&post=9383"}],"curies":[{"name":"wp","href":"https:\/\/api.w.org\/{rel}","templated":true}]}}