{"id":9392,"date":"2018-10-04T11:50:35","date_gmt":"2018-10-04T09:50:35","guid":{"rendered":"http:\/\/www.ladislavjakl.cz\/?p=9392"},"modified":"2018-10-04T11:50:35","modified_gmt":"2018-10-04T09:50:35","slug":"volby-se-blizi","status":"publish","type":"post","link":"https:\/\/www.ladislavjakl.cz\/?p=9392","title":{"rendered":"Volby se bl\u00ed\u017e\u00ed"},"content":{"rendered":"<p>Pr\u00e1v\u011b jsme oslavili Den \u010desk\u00e9 st\u00e1tnosti a u\u017e jsou tu volby. Zvl\u00e1\u0161t\u011b ty do Sen\u00e1tu budou zaj\u00edmav\u00e9. T\u0159eba takov\u00fd kandid\u00e1t Rath. Jeho drzost je nep\u0159ekonateln\u00e1. Jedno odsouzen\u00ed na krku, dal\u0161\u00ed v dohlednu a ten \u010dlov\u011bk se nestyd\u00ed uch\u00e1zet se o mand\u00e1t v okrsku, do kter\u00e9ho mu nikdy nic nebylo, nen\u00ed a nebude. Jen tak, aby snad z\u00edskal imunitu. Dal\u0161\u00ed kiks \u010desk\u00e9ho z\u00e1konod\u00e1rstv\u00ed &#8211; tedy ne imunita jako takov\u00e1, ale imunita n\u011bkoho, kdo je prokazateln\u011b odsouzen za trestn\u00fd \u010din.<\/p>\n<p><!--more--><\/p>\n<p>Pak jsou tu jin\u00ed, slun\u00ed\u010dk\u00e1\u0159i, p\u0159\u00edslu\u0161n\u00edci kav\u00e1rensk\u00fdch milic\u00ed a jejich odp\u016frci, lid\u00e9 pochybuj\u00edc\u00ed o \u00fa\u010delnosti Evropsk\u00e9 unie. Mezi ty posledn\u00ed pat\u0159\u00ed i b\u00fdval\u00fd poradce prezidenta V\u00e1clava Klause Ladislav Jakl. Pan Jakl chce b\u00fdt sen\u00e1torem, a to s podporou SPD a jej\u00edho v\u016fdce Tomia Okamury. Kandidaturu schvaluje i poslanec pan V\u00e1clav Klaus mlad\u0161\u00ed. D\u016fvod k hysterii pra\u017esk\u00e9 kav\u00e1rny a v\u0161ech eurohujer\u016f.<\/p>\n<p>St\u00e1tnost nest\u00e1tnost, v\u0161ichni n\u00e1rodn\u00ed buditel\u00e9 a spolutv\u016frci prvn\u00ed republiky mohou j\u00edt do h\u00e1je, te\u010f je tu n\u00e1stupkyn\u011b RVHP, Evropsk\u00e1 unie. Je t\u0159eba zapomenout na samostatnost, na samostatn\u00e9 rozhodov\u00e1n\u00ed o na\u0161ich n\u00e1rodn\u00edch z\u00e1le\u017eitostech a pokorn\u011b se rozpustit v eurounijn\u00ed ka\u0161i prom\u00edch\u00e1van\u00e9 bruselsk\u00fdm\u00ed postkomunisty &#8211; neomarxisty. Pro n\u011bkoho, kdo v\u011bt\u0161inu \u010dasu sv\u00e9 dosp\u011blosti sl\u00fdch\u00e1val, \u017ee jen vz\u00e1jemn\u00e1 sout\u011b\u017e posunuje n\u00e1rody d\u00e1l, je to t\u011b\u017eko straviteln\u00e9.<\/p>\n<p>\u010ctete programy politick\u00fdch stran? Zaj\u00edmate se o to, co maj\u00ed v \u00famyslu prosazovat, pokud budou zvoleny? J\u00e1 ano. \u010cetl jsem i program Strany p\u0159\u00edm\u00e9 demokracie. Co je na n\u011bm tak zavr\u017een\u00edhodn\u00e9ho, \u017ee \u0161krab\u00e1lkov\u00e9 v\u0161ech pl\u00e1tk\u016f i televize se mohou z t\u00e9to strany p\u0159\u00edmo pom\u00e1tnout? V\u0161ichni ti Fendrychov\u00e9 a Peheov\u00e9, Jand\u00e1\u010dek, Holec a mnoz\u00ed dal\u0161\u00ed se tv\u00e1\u0159\u00ed jako sme\u010dka ratl\u00edk\u016f, kter\u00e1 nev\u00ed, pro\u010d \u0161t\u011bk\u00e1.<\/p>\n<p>Konkr\u00e9tn\u011b:&nbsp;<b>Za z\u00e1kladn\u00ed princip obrany demokracie<\/b>&nbsp;<b>pova\u017eujeme zaveden\u00ed p\u0159\u00edm\u00e9 demokracie a \u0161irok\u00e9 zapojen\u00ed ob\u010dan\u016f do \u0159\u00edzen\u00ed zem\u011b.&nbsp;<\/b>Co je na tom \u0161patn\u00e9ho? Kdo m\u016f\u017ee nesouhlasit s po\u017eadavkem, aby lid\u00e9 rozhodovali o sv\u00fdch vlastn\u00edch z\u00e1le\u017eitostech sami? Jak to v praxi uskute\u010dnit, o tom lze p\u0159ece v klidu diskutovat a ne jen vztekle prskat.<\/p>\n<p>Jin\u00e9 \u00famysly okamurovc\u016f:&nbsp;<b>Konec dikt\u00e1tu EU!&nbsp;<\/b><b>Prosazujeme referendum o vystoupen\u00ed \u010cR z EU.&nbsp;<\/b><b>NE st\u00e1tn\u00edmu financov\u00e1n\u00ed multikulturn\u00edch neziskovek s politick\u00fdm programem.<\/b><\/p>\n<p>Nejsme to my sami, kdo v\u00edme nejl\u00e9pe, co je pro n\u00e1s dobr\u00e9? Nesouhlas\u00ed n\u011bkdo s vystoupen\u00edm z EU? Tak a\u0165 demokraticky vol\u00ed opak. Domn\u00edv\u00e1te se, \u017ee genderov\u00e9 a podobn\u00e9 neziskovky nutno podporovat? Podporujte je, ale p\u0159\u00edmo, z vlastn\u00edch&nbsp;<a class=\"vvword\" href=\"http:\/\/go.idnes.bbelements.com\/please\/redirect\/104\/1\/10\/7\/?param=171192\/163000_0_\" target=\"_blank\" rel=\"noopener\">pen\u011bz<\/a>. Ne z na\u0161ich dan\u00ed.<\/p>\n<p>Zp\u011bt ke kandid\u00e1tu do Sen\u00e1tu Jaklovi. Kandidaturou za SPD se stal je\u0161t\u011b hor\u0161\u00edm, ne\u017e u\u017e z d\u016fvodu sv\u00e9 bl\u00edzkosti k VK st. byl.&nbsp;<b>Pan Jakl m\u00e1 ale v \u00famyslu v\u0161\u00ed moc\u00ed h\u00e1jit svobodu projevu a je pro na\u0161e vystoupen\u00ed z EU.&nbsp;<\/b>A op\u011bt: o v\u0161em se d\u00e1 diskutovat, hlasovat. V\u011bt\u0161ina vyhr\u00e1v\u00e1.<\/p>\n<p>Poslanec V. Klaus mlad\u0161\u00ed ocenil \u00famysl pana Jakla dostat se do Sen\u00e1tu za SPD, \u010d\u00edm\u017e si to rozlil s vlastn\u00ed ODS. Nab\u00eddla snad ODS mand\u00e1t panu Jaklovi? Nenab\u00eddla. Strana m\u011bla p\u0159\u00edle\u017eitost vl\u00e1dnout s Babi\u0161em a korigovat ho. M\u00edsto toho p\u0159ipustila, aby n\u00e1m s ANO vl\u00e1dli l\u016fz\u0159i pohybuj\u00edc\u00ed se na pokraji politick\u00e9ho propadli\u0161t\u011b, soci\u00e1ln\u00ed demokrat\u00e9.&nbsp;<b>Kde je sout\u011b\u017e idej\u00ed, za co ty na\u0161e politiky vlastn\u011b plat\u00edme?<\/b><\/p>\n<p><a href=\"http:\/\/neviditelnypes.lidovky.cz\/politika-volby-se-blizi-0se-\/p_politika.aspx?c=A181003_170608_p_politika_wag\">Zdroj<\/a><\/p>\n","protected":false},"excerpt":{"rendered":"<p>Pr\u00e1v\u011b jsme oslavili Den \u010desk\u00e9 st\u00e1tnosti a u\u017e jsou tu volby. Zvl\u00e1\u0161t\u011b ty do Sen\u00e1tu budou zaj\u00edmav\u00e9. T\u0159eba takov\u00fd kandid\u00e1t Rath. Jeho drzost je nep\u0159ekonateln\u00e1. Jedno odsouzen\u00ed na krku, dal\u0161\u00ed v dohlednu a ten \u010dlov\u011bk se nestyd\u00ed uch\u00e1zet se o mand\u00e1t v okrsku, do kter\u00e9ho mu nikdy nic nebylo, nen\u00ed a nebude. Jen tak, aby [&hellip;]<\/p>\n","protected":false},"author":1,"featured_media":0,"comment_status":"open","ping_status":"open","sticky":false,"template":"","format":"standard","meta":{"ngg_post_thumbnail":0,"footnotes":""},"categories":[22,11],"tags":[],"class_list":["post-9392","post","type-post","status-publish","format-standard","hentry","category-jakl-senator","category-ozvena"],"_links":{"self":[{"href":"https:\/\/www.ladislavjakl.cz\/index.php?rest_route=\/wp\/v2\/posts\/9392","targetHints":{"allow":["GET"]}}],"collection":[{"href":"https:\/\/www.ladislavjakl.cz\/index.php?rest_route=\/wp\/v2\/posts"}],"about":[{"href":"https:\/\/www.ladislavjakl.cz\/index.php?rest_route=\/wp\/v2\/types\/post"}],"author":[{"embeddable":true,"href":"https:\/\/www.ladislavjakl.cz\/index.php?rest_route=\/wp\/v2\/users\/1"}],"replies":[{"embeddable":true,"href":"https:\/\/www.ladislavjakl.cz\/index.php?rest_route=%2Fwp%2Fv2%2Fcomments&post=9392"}],"version-history":[{"count":1,"href":"https:\/\/www.ladislavjakl.cz\/index.php?rest_route=\/wp\/v2\/posts\/9392\/revisions"}],"predecessor-version":[{"id":9393,"href":"https:\/\/www.ladislavjakl.cz\/index.php?rest_route=\/wp\/v2\/posts\/9392\/revisions\/9393"}],"wp:attachment":[{"href":"https:\/\/www.ladislavjakl.cz\/index.php?rest_route=%2Fwp%2Fv2%2Fmedia&parent=9392"}],"wp:term":[{"taxonomy":"category","embeddable":true,"href":"https:\/\/www.ladislavjakl.cz\/index.php?rest_route=%2Fwp%2Fv2%2Fcategories&post=9392"},{"taxonomy":"post_tag","embeddable":true,"href":"https:\/\/www.ladislavjakl.cz\/index.php?rest_route=%2Fwp%2Fv2%2Ftags&post=9392"}],"curies":[{"name":"wp","href":"https:\/\/api.w.org\/{rel}","templated":true}]}}