{"id":9394,"date":"2018-10-04T11:54:54","date_gmt":"2018-10-04T09:54:54","guid":{"rendered":"http:\/\/www.ladislavjakl.cz\/?p=9394"},"modified":"2018-10-04T11:54:54","modified_gmt":"2018-10-04T09:54:54","slug":"jiri-vyvadil-hodil-bych-to-paroubkovi-a-jaklovi-kdybych-mohl","status":"publish","type":"post","link":"https:\/\/www.ladislavjakl.cz\/?p=9394","title":{"rendered":"Ji\u0159\u00ed Vyvadil: Hodil bych to Paroubkovi a Jaklovi, kdybych mohl"},"content":{"rendered":"<p>Bl\u00ed\u017e\u00ed se komun\u00e1ln\u00ed i sen\u00e1torsk\u00e9 volby a j\u00e1 ve skute\u010dnosti to nem\u00e1m v Praze ve sv\u00e9m volebn\u00edm obvodu komu hodit. Kdy\u017e vezmu strany a hnut\u00ed, nem\u00e1m v z\u00e1sad\u011b nic proti ANO, ale za\u010d\u00edn\u00e1 m\u011b u\u017e nudit a proto\u017ee jsem Pra\u017e\u00e1k, prim\u00e1torka byla od po\u010d\u00e1tku naprosto \u00fad\u011bsn\u00e1 a hor\u0161\u00ed ne\u017e jej\u00edch p\u0159edch\u016fdci. ODS, s v\u00fdjimkou za ur\u010dit\u00fdch okolnost\u00ed, kdyby \u0161lo o individu\u00e1ln\u00ed volbu V\u00e1clava Klause ml. Je pro m\u011b nevoliteln\u00e1.<\/p>\n<p><!--more--><\/p>\n<p>Nikdy j\u00ed neodpust\u00edm, \u017ee hlasem odsouzen\u00e9ho krimin\u00e1ln\u00edka schv\u00e1lila proti v\u016fli n\u00e1roda c\u00edrkevn\u00ed restituce a \u017ee jej\u00ed ekonomick\u00e1 politika za Topol\u00e1nka Ne\u010dase s p\u0159isp\u011bn\u00edm Kalouskan\u00e1s t\u00e1hla ke dnu. Tak\u017ee tu tak\u00e9 ne. Topka se svou odpudivou Kalouskovskou minulost\u00ed je pro m\u011b zcela nep\u0159ijateln\u00e1. Pir\u00e1ti si ud\u011blali ze Sn\u011bmovny jeden velk\u00fd mejdan a bylo by zaj\u00edmav\u00e9, kolik drog by se na\u0161lo v m\u00edstnostech, kter\u00fdmi jejich klub disponuje. Beru je jako jako jakousi h\u0159\u00ed\u010dku, by\u0165 posiluj\u00ed. \u010cSSD je zejm\u00e9na v Praze zcela odepsan\u00e1, proto\u017ee to, co vyv\u00e1d\u011bl Poche, jen aby se stal ministrem zahrani\u010dn\u00edch v\u011bc\u00ed byla neskute\u010dn\u00e1 ubohost. A neomluviteln\u00e1 pro veden\u00ed \u010cSSD, \u017ee tak hluboce klesla. Zcela nesporn\u011b v Praze, kter\u00e1 je sn\u00edm spjat\u00e1 nez\u00edsk\u00e1 \u010cSSD a spravedliv\u011b ani hlas. A SPD, kter\u00e1 z pejska\u0159\u016f cht\u011bla ud\u011blat bonz\u00e1ky, tak to v\u016fbec ne.<\/p>\n<p>Tak\u017ee shrnuto v Praze tam kde bych mohl volit, volit nebudu.&nbsp;<\/p>\n<p>V Praze je jedin\u00e1 zaj\u00edmav\u00e1 postava kter\u00e1 kandiduje na sen\u00e1tora a to je Ladislav Jakl. Zp\u016fsob, jak\u00fdm odrovnal bostonsk\u00e9ho profesora Igora Luke\u0161e, kter\u00fd vedl nen\u00e1vistn\u00e9 a \u017elu\u010dovit\u00e9 \u0159e\u010di na margo prezidenta Trumpa a \u0159val na Jakla, \u017ee je zcela nemysliteln\u00e9 nezatracovat Trumpa, uk\u00e1zal omezennost liber\u00e1ln\u00edch demokrat\u016f. A Jakl se nedal a d\u00e1val tomuto p\u00e1novi siln\u00e9 kapky. Jakl ,jak zn\u00e1mo je siln\u011b protiemigra\u010dn\u00ed a otev\u0159en\u011b se domn\u00edv\u00e1m, \u017ee uprost\u0159ed a\u017e fanatick\u00fdch v\u00edta\u010d\u016f v Sen\u00e1tu, by v r\u00e1mci vyv\u00e1\u017eennosti to cht\u011blo i jeden kritick\u00fd hlas. To snad Sen\u00e1t unese. No kdyby byl ve volebn\u00edm obvod\u011b, kde mohu hlasovat, hodil bych mu to.<\/p>\n<p>A z\u016fst\u00e1v\u00e1 mi Ji\u0159\u00ed Paroubek. Kdybych nevid\u011bl tu a\u017e zb\u011bsilou snahu ho zni\u010dit, kterou prakticky denn\u011b prov\u00e1d\u00ed novin\u00e1\u0159i Seznamu, Idnesu, t\u00fdden\u00edk\u016f Respekt, ale i v\u0161ech den\u00edk\u016f, kte\u0159\u00ed znovu a znovu opra\u0161uj\u00ed t\u00e9ma toho, co n\u011bkde napl\u00e1c\u00e1 jeho rozv\u00e1d\u011bj\u00edc\u00ed man\u017eelka Petra, kter\u00e1 vstoupila do man\u017eelstv\u00ed prakticky bez pen\u011bz s jedn\u011bmi kalhotkami a s podporou Bakalov\u00fdch novin a medi\u00e1ln\u00edch skupin, mus\u00edm za n\u00edm st\u00e1t. Nav\u00edc se s n\u00edm rozhodn\u011b shoduji v tom, \u017ee zaveden\u00ed soudn\u00edch(soukrom\u00fdch) exekutor\u016f bylo zlo\u010dinem a nevr\u00e1t\u00edme-li se do situace, kdy vym\u00e1h\u00e1n\u00ed prov\u011bd\u011bly obecn\u00e9 soudy soudy, z\u016fstanou exekuce nejhor\u0161\u00edm soci\u00e1ln\u00edm zlem, hor\u0161\u00edm ne\u017e nezam\u011bstnanost. Tu ot\u00e1zku je t\u0159eba \u0159e\u0161it naprosto radik\u00e1ln\u011b a od podlahy. Soudn\u00ed exekuto\u0159i prost\u011b mus\u00ed skon\u010dit. Ji\u0159\u00ed si chce tak\u00e9 vz\u00edt za \u00fakol bytovou ot\u00e1zku. Ten probl\u00e9m tak\u00e9 nelze \u0159e\u0161it polovi\u010dat\u011b. Stav je doslova \u0161\u00edlen\u00fd. To sp\u00ed\u0161e mlad\u00e1 rodina m\u011bla \u0161anci tak \u010di onk z\u00edskat byt p\u0159ed rokem 1989 (i kdy\u017e obt\u00ed\u017en\u011b), ne\u017e dnes, kdy je st\u00e1le v\u00edce bez \u0161ance.<\/p>\n<p>Tak\u017ee v Ostrav\u011b bych to Ji\u0159\u00edmu Paroubkovi hodil a hodil bych mu to r\u00e1d.<\/p>\n<p>Samoz\u0159ejm\u011b do voleb bude panovat zv\u011bdavost, kdo usp\u011bje a kdo ne. \u017de Kubera \u010di \u010cunek budou asi \u00fasp\u011b\u0161n\u00ed, si dovedu p\u0159edstavit. \u017de naopak b\u00fdval\u00ed prezident\u0161t\u00ed slun\u00ed\u010dk\u00e1\u0159\u0161t\u00ed kandid\u00e1ti Marek Hil\u0161er, Pavel Fischer \u010di Ji\u0159\u00ed Draho\u0161 jsou prost\u011b vy\u0161eptal\u00ed a mo\u017en\u00e1 to nedaj\u00ed, nen\u00ed v\u016fbec vylou\u010deno.<\/p>\n<p>Nu\u017ee u\u017e jsem \u0159ekl: Za nejzaj\u00edmav\u011bj\u0161\u00ed kandid\u00e1ty do Sen\u00e1tu pokl\u00e1d\u00e1m Paroubka a Jakla a m\u00e1m \u2013li b\u00fdt v\u011bren sv\u00fdch \u00favah\u00e1m, dr\u017e\u00edm jim palce.<\/p>\n<p>Tak uvid\u00edme.<\/p>\n<p><a href=\"https:\/\/www.parlamentnilisty.cz\/arena\/nazory-a-petice\/Jiri-Vyvadil-Hodil-bych-to-Paroubkovi-a-Jaklovi-kdybych-mohl-553965\">Zdroj<\/a><\/p>\n","protected":false},"excerpt":{"rendered":"<p>Bl\u00ed\u017e\u00ed se komun\u00e1ln\u00ed i sen\u00e1torsk\u00e9 volby a j\u00e1 ve skute\u010dnosti to nem\u00e1m v Praze ve sv\u00e9m volebn\u00edm obvodu komu hodit. Kdy\u017e vezmu strany a hnut\u00ed, nem\u00e1m v z\u00e1sad\u011b nic proti ANO, ale za\u010d\u00edn\u00e1 m\u011b u\u017e nudit a proto\u017ee jsem Pra\u017e\u00e1k, prim\u00e1torka byla od po\u010d\u00e1tku naprosto \u00fad\u011bsn\u00e1 a hor\u0161\u00ed ne\u017e jej\u00edch p\u0159edch\u016fdci. ODS, s v\u00fdjimkou za [&hellip;]<\/p>\n","protected":false},"author":1,"featured_media":0,"comment_status":"open","ping_status":"open","sticky":false,"template":"","format":"standard","meta":{"ngg_post_thumbnail":0,"footnotes":""},"categories":[22,11],"tags":[],"class_list":["post-9394","post","type-post","status-publish","format-standard","hentry","category-jakl-senator","category-ozvena"],"_links":{"self":[{"href":"https:\/\/www.ladislavjakl.cz\/index.php?rest_route=\/wp\/v2\/posts\/9394","targetHints":{"allow":["GET"]}}],"collection":[{"href":"https:\/\/www.ladislavjakl.cz\/index.php?rest_route=\/wp\/v2\/posts"}],"about":[{"href":"https:\/\/www.ladislavjakl.cz\/index.php?rest_route=\/wp\/v2\/types\/post"}],"author":[{"embeddable":true,"href":"https:\/\/www.ladislavjakl.cz\/index.php?rest_route=\/wp\/v2\/users\/1"}],"replies":[{"embeddable":true,"href":"https:\/\/www.ladislavjakl.cz\/index.php?rest_route=%2Fwp%2Fv2%2Fcomments&post=9394"}],"version-history":[{"count":1,"href":"https:\/\/www.ladislavjakl.cz\/index.php?rest_route=\/wp\/v2\/posts\/9394\/revisions"}],"predecessor-version":[{"id":9395,"href":"https:\/\/www.ladislavjakl.cz\/index.php?rest_route=\/wp\/v2\/posts\/9394\/revisions\/9395"}],"wp:attachment":[{"href":"https:\/\/www.ladislavjakl.cz\/index.php?rest_route=%2Fwp%2Fv2%2Fmedia&parent=9394"}],"wp:term":[{"taxonomy":"category","embeddable":true,"href":"https:\/\/www.ladislavjakl.cz\/index.php?rest_route=%2Fwp%2Fv2%2Fcategories&post=9394"},{"taxonomy":"post_tag","embeddable":true,"href":"https:\/\/www.ladislavjakl.cz\/index.php?rest_route=%2Fwp%2Fv2%2Ftags&post=9394"}],"curies":[{"name":"wp","href":"https:\/\/api.w.org\/{rel}","templated":true}]}}