{"id":9396,"date":"2018-10-04T11:57:28","date_gmt":"2018-10-04T09:57:28","guid":{"rendered":"http:\/\/www.ladislavjakl.cz\/?p=9396"},"modified":"2018-10-04T11:57:48","modified_gmt":"2018-10-04T09:57:48","slug":"penize-cz-jakl-ma-stoprocentni-uspesnost-v-duelech","status":"publish","type":"post","link":"https:\/\/www.ladislavjakl.cz\/?p=9396","title":{"rendered":"Pen\u00edze.cz: Jakl m\u00e1 stoprocentn\u00ed \u00fasp\u011b\u0161nost v duelech"},"content":{"rendered":"<p>Souboj osobnost\u00ed hled\u00e1&nbsp;<b>nejobl\u00edben\u011bj\u0161\u00ed a nejm\u00e9n\u011b obl\u00edben\u00e9 tv\u00e1\u0159e \u010desk\u00e9 politiky, byznysu a ekonomie<\/b>. Na t\u00e9to str\u00e1nce se dozv\u00edte, jak\u00fd je pr\u016fb\u011b\u017en\u00fd stav, kdo vede a jak se da\u0159\u00ed va\u0161im favorit\u016fm. Pokud jste mezi osobnostmi sv\u00e9ho obl\u00edbence nena\u0161li, nezoufejte! Sta\u010d\u00ed, kdy\u017e n\u00e1m nap\u00ed\u0161ete jeho jm\u00e9no a obor do diskuse pod textem. Velice r\u00e1di ho do na\u0161eho hlasov\u00e1n\u00ed p\u0159id\u00e1me.<\/p>\n<p><!--more--><\/p>\n<p><a href=\"https:\/\/www.ladislavjakl.cz\/wp-content\/uploads\/2018\/10\/duely.png\"><img loading=\"lazy\" decoding=\"async\" class=\"alignnone wp-image-9397\" src=\"https:\/\/www.ladislavjakl.cz\/wp-content\/uploads\/2018\/10\/duely.png\" alt=\"\" width=\"508\" height=\"670\" srcset=\"https:\/\/www.ladislavjakl.cz\/wp-content\/uploads\/2018\/10\/duely.png 627w, https:\/\/www.ladislavjakl.cz\/wp-content\/uploads\/2018\/10\/duely-235x310.png 235w, https:\/\/www.ladislavjakl.cz\/wp-content\/uploads\/2018\/10\/duely-531x700.png 531w\" sizes=\"auto, (max-width: 508px) 100vw, 508px\" \/><\/a><\/p>\n<p><a href=\"https:\/\/www.penize.cz\/souboj-osobnosti\">Zdroj<\/a><\/p>\n","protected":false},"excerpt":{"rendered":"<p>Souboj osobnost\u00ed hled\u00e1&nbsp;nejobl\u00edben\u011bj\u0161\u00ed a nejm\u00e9n\u011b obl\u00edben\u00e9 tv\u00e1\u0159e \u010desk\u00e9 politiky, byznysu a ekonomie. Na t\u00e9to str\u00e1nce se dozv\u00edte, jak\u00fd je pr\u016fb\u011b\u017en\u00fd stav, kdo vede a jak se da\u0159\u00ed va\u0161im favorit\u016fm. Pokud jste mezi osobnostmi sv\u00e9ho obl\u00edbence nena\u0161li, nezoufejte! Sta\u010d\u00ed, kdy\u017e n\u00e1m nap\u00ed\u0161ete jeho jm\u00e9no a obor do diskuse pod textem. Velice r\u00e1di ho do na\u0161eho hlasov\u00e1n\u00ed [&hellip;]<\/p>\n","protected":false},"author":1,"featured_media":0,"comment_status":"open","ping_status":"open","sticky":false,"template":"","format":"standard","meta":{"ngg_post_thumbnail":0,"footnotes":""},"categories":[22,11],"tags":[],"class_list":["post-9396","post","type-post","status-publish","format-standard","hentry","category-jakl-senator","category-ozvena"],"_links":{"self":[{"href":"https:\/\/www.ladislavjakl.cz\/index.php?rest_route=\/wp\/v2\/posts\/9396","targetHints":{"allow":["GET"]}}],"collection":[{"href":"https:\/\/www.ladislavjakl.cz\/index.php?rest_route=\/wp\/v2\/posts"}],"about":[{"href":"https:\/\/www.ladislavjakl.cz\/index.php?rest_route=\/wp\/v2\/types\/post"}],"author":[{"embeddable":true,"href":"https:\/\/www.ladislavjakl.cz\/index.php?rest_route=\/wp\/v2\/users\/1"}],"replies":[{"embeddable":true,"href":"https:\/\/www.ladislavjakl.cz\/index.php?rest_route=%2Fwp%2Fv2%2Fcomments&post=9396"}],"version-history":[{"count":2,"href":"https:\/\/www.ladislavjakl.cz\/index.php?rest_route=\/wp\/v2\/posts\/9396\/revisions"}],"predecessor-version":[{"id":9399,"href":"https:\/\/www.ladislavjakl.cz\/index.php?rest_route=\/wp\/v2\/posts\/9396\/revisions\/9399"}],"wp:attachment":[{"href":"https:\/\/www.ladislavjakl.cz\/index.php?rest_route=%2Fwp%2Fv2%2Fmedia&parent=9396"}],"wp:term":[{"taxonomy":"category","embeddable":true,"href":"https:\/\/www.ladislavjakl.cz\/index.php?rest_route=%2Fwp%2Fv2%2Fcategories&post=9396"},{"taxonomy":"post_tag","embeddable":true,"href":"https:\/\/www.ladislavjakl.cz\/index.php?rest_route=%2Fwp%2Fv2%2Ftags&post=9396"}],"curies":[{"name":"wp","href":"https:\/\/api.w.org\/{rel}","templated":true}]}}