{"id":9402,"date":"2018-10-04T13:55:05","date_gmt":"2018-10-04T11:55:05","guid":{"rendered":"http:\/\/www.ladislavjakl.cz\/?p=9402"},"modified":"2018-10-04T13:56:35","modified_gmt":"2018-10-04T11:56:35","slug":"vyzene-ladislav-jakl-anarchisty-z-kliniky-pokud-bude-zvolen","status":"publish","type":"post","link":"https:\/\/www.ladislavjakl.cz\/?p=9402","title":{"rendered":"Vy\u017eene Ladislav Jakl anarchisty z Kliniky pokud bude zvolen?"},"content":{"rendered":"<p>PRAHA | V \u00fater\u00fd bylo na M\u00edr\u00e1ku u st\u00e1nku SPD docela \u017eivo. Kandid\u00e1t do Sen\u00e1tu na Praze 2 a Praze 3 za SPD Ladislav Jakl, diskutoval se sv\u00fdmi p\u0159\u00edznivci i odp\u016frci.<\/p>\n<p><!--more--><\/p>\n<div id=\"attachment_208172\" class=\"wp-caption aligncenter\" style=\"width: 578px;\"><img loading=\"lazy\" decoding=\"async\" class=\" wp-image-208172\" src=\"http:\/\/www.vlasteneckenoviny.cz\/wp-content\/uploads\/2018\/10\/Kampa%C5%88-Ladislava-Jakla.jpg\" sizes=\"auto, (max-width: 655px) 100vw, 655px\" srcset=\"http:\/\/www.vlasteneckenoviny.cz\/wp-content\/uploads\/2018\/10\/Kampa\u0148-Ladislava-Jakla.jpg 655w, http:\/\/www.vlasteneckenoviny.cz\/wp-content\/uploads\/2018\/10\/Kampa\u0148-Ladislava-Jakla-300x206.jpg 300w, http:\/\/www.vlasteneckenoviny.cz\/wp-content\/uploads\/2018\/10\/Kampa\u0148-Ladislava-Jakla-200x137.jpg 200w, http:\/\/www.vlasteneckenoviny.cz\/wp-content\/uploads\/2018\/10\/Kampa\u0148-Ladislava-Jakla-50x34.jpg 50w\" alt=\"\" width=\"578\" height=\"397\"><\/div>\n<p>Anarchist\u00e9 neuzn\u00e1vaj\u00ed vlastnictv\u00ed. Ale jakmile n\u011bco obsad\u00ed, za\u010dnou se chovat jako monopoln\u00ed vlastn\u00edci. Maj\u00ed kl\u00ed\u010de a jen oni rozhoduj\u00ed, co se bude v Klinice d\u00edt, informuje \u0161t\u00e1b kampan\u011b Ladislava Jakla.<\/p>\n<p><iframe loading=\"lazy\" title=\"Ladislav Jakl: Mezi sv\u00fdmi i t\u011bmi \u201edruh\u00fdmi\u201c.\" width=\"500\" height=\"281\" src=\"https:\/\/www.youtube.com\/embed\/XLeEO05vdhU?feature=oembed\" frameborder=\"0\" allow=\"accelerometer; autoplay; clipboard-write; encrypted-media; gyroscope; picture-in-picture; web-share\" referrerpolicy=\"strict-origin-when-cross-origin\" allowfullscreen><\/iframe><\/p>\n<p>\u201eChod\u00edm pravideln\u011b povzbuzovat dobrovoln\u00edky, kte\u0159\u00ed na mou podporu nasazuj\u00ed vlastn\u00ed k\u016f\u017ei v p\u0159\u00edm\u00e9 kontaktn\u00ed kampani v ulic\u00edch. \u00datern\u00ed setk\u00e1n\u00ed s m\u00fdmi voli\u010di a podporovateli na N\u00e1m\u011bst\u00ed M\u00edru bylo ale extra zaj\u00edmav\u00e9 a v mnoh\u00e9m inspirativn\u00ed,\u201c p\u00ed\u0161e v koment\u00e1\u0159i videa na youtube.com jeho autor Milan Kabrna.<\/p>\n<p>Kabrna d\u00e1le p\u00ed\u0161e, \u017ee Ladislava Jakla p\u0159i\u0161li napadnout anarchist\u00e9, provokat\u00e9\u0159i, klinik\u00e1\u0159i a feministky. \u201eJejich programem je s.r\u00e1t na sv\u00e9 spoluob\u010dany, kte\u0159\u00ed maj\u00ed jin\u00e9 n\u00e1zory. Sna\u017e\u00ed se vyvolat konflikt, ale \u017e\u00e1dn\u00e9 vlastn\u00ed n\u00e1zory nemaj\u00ed. Jen jsou natolik p\u0159esv\u011bd\u010deni, \u017ee bojuj\u00ed s jak\u00fdmsi obrzlem, co\u017e je oprav\u0148uje k pocitu, \u017ee si mohou dovolit v\u0161e. A kdo jim vad\u00ed? Ti, co chod\u00ed denn\u011b do pr\u00e1ce, plat\u00ed dan\u011b, staraj\u00ed se o sv\u00e9 rodiny a maj\u00ed sv\u00e9 legitimn\u00ed z\u00e1jmy a obavy. Takov\u00ed nekladou toti\u017e v \u017e\u00e1dn\u00e9m p\u0159\u00edpad\u011b ot\u00e1zky jako moder\u00e1to\u0159i diskusn\u00edch po\u0159ad\u016f. Je toti\u017e skute\u010dn\u011b zaj\u00edm\u00e1 sv\u011bt kolem nich. Sv\u011bt, ve kter\u00e9m re\u00e1ln\u011b \u017eij\u00ed a cht\u011bj\u00ed svobodn\u011b a bezpe\u010dn\u011b \u017e\u00edt i nad\u00e1le,\u201c dod\u00e1v\u00e1.<\/p>\n<p><a href=\"http:\/\/www.vlasteneckenoviny.cz\/?p=208171\">Zdroj<\/a><\/p>\n","protected":false},"excerpt":{"rendered":"<p>PRAHA | V \u00fater\u00fd bylo na M\u00edr\u00e1ku u st\u00e1nku SPD docela \u017eivo. Kandid\u00e1t do Sen\u00e1tu na Praze 2 a Praze 3 za SPD Ladislav Jakl, diskutoval se sv\u00fdmi p\u0159\u00edznivci i odp\u016frci.<\/p>\n","protected":false},"author":1,"featured_media":0,"comment_status":"open","ping_status":"open","sticky":false,"template":"","format":"standard","meta":{"ngg_post_thumbnail":0,"footnotes":""},"categories":[22,11],"tags":[],"class_list":["post-9402","post","type-post","status-publish","format-standard","hentry","category-jakl-senator","category-ozvena"],"_links":{"self":[{"href":"https:\/\/www.ladislavjakl.cz\/index.php?rest_route=\/wp\/v2\/posts\/9402","targetHints":{"allow":["GET"]}}],"collection":[{"href":"https:\/\/www.ladislavjakl.cz\/index.php?rest_route=\/wp\/v2\/posts"}],"about":[{"href":"https:\/\/www.ladislavjakl.cz\/index.php?rest_route=\/wp\/v2\/types\/post"}],"author":[{"embeddable":true,"href":"https:\/\/www.ladislavjakl.cz\/index.php?rest_route=\/wp\/v2\/users\/1"}],"replies":[{"embeddable":true,"href":"https:\/\/www.ladislavjakl.cz\/index.php?rest_route=%2Fwp%2Fv2%2Fcomments&post=9402"}],"version-history":[{"count":4,"href":"https:\/\/www.ladislavjakl.cz\/index.php?rest_route=\/wp\/v2\/posts\/9402\/revisions"}],"predecessor-version":[{"id":9406,"href":"https:\/\/www.ladislavjakl.cz\/index.php?rest_route=\/wp\/v2\/posts\/9402\/revisions\/9406"}],"wp:attachment":[{"href":"https:\/\/www.ladislavjakl.cz\/index.php?rest_route=%2Fwp%2Fv2%2Fmedia&parent=9402"}],"wp:term":[{"taxonomy":"category","embeddable":true,"href":"https:\/\/www.ladislavjakl.cz\/index.php?rest_route=%2Fwp%2Fv2%2Fcategories&post=9402"},{"taxonomy":"post_tag","embeddable":true,"href":"https:\/\/www.ladislavjakl.cz\/index.php?rest_route=%2Fwp%2Fv2%2Ftags&post=9402"}],"curies":[{"name":"wp","href":"https:\/\/api.w.org\/{rel}","templated":true}]}}