{"id":9416,"date":"2018-10-08T13:45:45","date_gmt":"2018-10-08T11:45:45","guid":{"rendered":"http:\/\/www.ladislavjakl.cz\/?p=9416"},"modified":"2018-10-08T13:45:45","modified_gmt":"2018-10-08T11:45:45","slug":"volby-mezi-debaklem-a-mozna-budoucim-vitezstvim","status":"publish","type":"post","link":"https:\/\/www.ladislavjakl.cz\/?p=9416","title":{"rendered":"VOLBY MEZI DEBAKLEM A (MO\u017dN\u00c1) BUDOUC\u00cdM V\u00cdT\u011aZSTV\u00cdM"},"content":{"rendered":"<p><strong>Ka\u017ed\u00e1 prohra m\u016f\u017ee b\u00fdt za\u010d\u00e1tkem p\u0159\u00ed\u0161t\u00edho v\u00edt\u011bzstv\u00ed.<\/strong>&nbsp;K&nbsp;tomu je ov\u0161em zapot\u0159eb\u00ed, aby si pora\u017een\u00ed p\u0159iznali svou moment\u00e1ln\u00ed situaci, byli schopn\u00ed naj\u00edt p\u0159\u00ed\u010dinu, a spole\u010dn\u011b tvrd\u011b pracovali na jej\u00edm odstran\u011bn\u00ed. Jinak se stane, \u017ee se \u010dlenov\u00e9 t\u00fdmu navz\u00e1jem ujist\u00ed, \u017ee ta por\u00e1\u017eka je vlastn\u011b specifick\u00fdm druhem v\u00edt\u011bzstv\u00ed nebo \u017ee ne\u00fasp\u011bch byl zavin\u011bn vn\u011bj\u0161\u00edmi okolnostmi. To je naopak cesta k&nbsp;dal\u0161\u00edm por\u00e1\u017ek\u00e1m.<\/p>\n<p><!--more--><\/p>\n<p><strong>M\u016f\u017eeme si to tud\u00ed\u017e p\u0159iznat docela otev\u0159en\u011b. Vlasteneck\u00e9 s\u00edly utrp\u011bly ve v\u010derej\u0161\u00edch volb\u00e1ch t\u011b\u017ekou por\u00e1\u017eku.<\/strong>&nbsp;Kdyby n\u011bkdo posuzoval \u010ceskou republiku jen podle volebn\u00edch v\u00fdsledk\u016f, mohl by hovo\u0159it o nad\u0161en\u00e9m \u010dek\u00e1n\u00ed na isl\u00e1msk\u00e9 osvoboditele, co kone\u010dn\u011b p\u0159evezmou moc. Volebn\u00ed v\u00fdsledek znamen\u00e1 v\u00edce pen\u011bz pro neziskovky, v\u00edce multikulturn\u00edch grant\u016f, dal\u0161\u00ed omezov\u00e1n\u00ed ob\u010dansk\u00fdch svobod, v\u00edce vym\u00fdv\u00e1n\u00ed mozk\u016f na z\u00e1kladn\u00edch \u0161kol\u00e1ch\u2026 Nebude to dramatick\u00fd posun, ale ur\u010dit\u00e9 pos\u00edlen\u00ed tendence \u010dekat m\u016f\u017eeme. M\u016f\u017eeme \u010dekat i to, \u017ee v\u00fdsledek povzbud\u00ed anticiviliza\u010dn\u00ed radik\u00e1ly v&nbsp;parlamentu i jinde.&nbsp;<\/p>\n<p><strong>Jedno \u010dten\u00ed volebn\u00edch v\u00fdsledk\u016f tedy je: \u010ce\u0161i cht\u011bj\u00ed ve sv\u00e9 zemi v\u00edce isl\u00e1mu, ale necht\u011bj\u00ed, aby se o tom mluvilo p\u0159\u00edli\u0161.<\/strong>&nbsp;To potvrzuje i t\u0159eba jasn\u00e9 v\u00edt\u011bzstv\u00ed islamiz\u00e1tora Teplic nebo pra\u017esk\u00e9ho bojovn\u00edka za p\u0159ij\u00edm\u00e1n\u00ed migrant\u016f, co vlastn\u011b \u017e\u00e1dn\u00e9 migranty nechce. Jen\u017ee stejn\u00fd v\u00fdsledek m\u016f\u017eeme \u010d\u00edst i jinak: Profesion\u00e1ln\u00ed apar\u00e1ty vyfutrovan\u00e9 spoustou pen\u011bz a masivn\u00ed medi\u00e1ln\u00ed podporou rozdrtily r\u016fzn\u00e9 m\u00edstn\u00ed pokusy o odpor. A tam, kde je hladce funguj\u00edc\u00ed apar\u00e1t, tam je jedno, jak\u00fd typ osobnosti kandiduje a co ten \u010dlov\u011bk \u0159\u00edk\u00e1. Draho\u0161 jako \u010cunek, z&nbsp;hlediska volebn\u00ed ma\u0161in\u00e9rie \u017e\u00e1dn\u00fd rozd\u00edl.<\/p>\n<p><strong>Proti apar\u00e1t\u016fm st\u00e1ly r\u016fzn\u00e9 amat\u00e9rsk\u00e9 pokusy, vesm\u011bs nedostate\u010dn\u011b financovan\u00e9 a vesm\u011bs tot\u00e1ln\u011b bezkoncep\u010dn\u00ed.<\/strong>&nbsp;Snad jen brn\u011bnsk\u00e1 kampa\u0148 Slu\u0161n\u00fdch lid\u00ed a pra\u017esk\u00e1 kampa\u0148 Ladislava Jakla se tomu vymykaly. Nesta\u010dilo to. A m\u016f\u017eeme jen spekulovat, zda by to sta\u010dilo, kdyby stejn\u00e1 uskupen\u00ed kandidovala n\u011bkde jinde ne\u017e v&nbsp;Praze a Brn\u011b. Koment\u00e1to\u0159i te\u010f budou ps\u00e1t, \u017ee lid\u00e9 odm\u00edtli to nebo ono.&nbsp; M\u016fj post\u0159eh z&nbsp;kr\u00e1tk\u00e9 \u00fa\u010dasti v&nbsp;kontaktn\u00ed kampani Slu\u0161n\u00fdch lid\u00ed je ale jin\u00fd \u2013 potenci\u00e1ln\u00ed voli\u010di na brn\u011bnsk\u00fdch ulic\u00edch vesm\u011bs v\u016fbec nev\u011bd\u011bli, \u017ee ta sympatick\u00e1 parta v&nbsp;bled\u011bmodr\u00fdch tri\u010dk\u00e1ch kandiduje ve volb\u00e1ch! Ani n\u011bco tak v\u00fdrazn\u00e9ho nesta\u010dilo k&nbsp;prolomen\u00ed informa\u010dn\u00ed blok\u00e1dy.<\/p>\n<p><strong>Jak\u00e9 je tedy pou\u010den\u00ed?<\/strong>&nbsp;Prvn\u00ed je to, \u017ee amat\u00e9rsk\u00e9 pokusy j\u00edt do politiky bez pen\u011bz, komunika\u010dn\u00edch kan\u00e1l\u016f a \u010dasto i bez rozumn\u00e9 koncepce, sp\u00ed\u0161 \u0161kod\u00ed. Je jich \u0161koda i proto, \u017ee stejn\u00e1 energie a pen\u00edze mohly vytvo\u0159it ob\u010dansk\u00e9 spolky, alternativn\u00ed m\u00e9dia, slou\u017eit k&nbsp;vyd\u00e1n\u00ed knih nebo realizaci m\u00edstn\u00edch n\u00e1tlakov\u00fdch \u010di podp\u016frn\u00fdch akc\u00ed. To v\u0161echno pot\u0159ebujeme k&nbsp;prosazen\u00ed zm\u011bny. Snad v\u010derej\u0161\u00ed debakl povede k&nbsp;tomu, \u017ee zbyte\u010dn\u00e9 politick\u00e9 projekty budou nadobro ukon\u010deny.<\/p>\n<p>Nad\u00e1le plat\u00ed, \u017ee SPD je jedinou relevantn\u00ed politickou silou usiluj\u00edc\u00ed o obranu z\u00e1padn\u00ed civilizace.&nbsp;<strong>Nicm\u00e9n\u011b je zjevn\u00e9, \u017ee SPD ztratila tempo.<\/strong>&nbsp;Lo\u0148sk\u00fd \u00fasp\u011bch nebyl vyu\u017eit jako odrazov\u00fd m\u016fstek vybudov\u00e1n\u00ed siln\u00e9 celost\u00e1tn\u00ed struktury (v\u010detn\u011b vlastn\u00edch komunika\u010dn\u00edch kan\u00e1l\u016f). SPD se ani nepokusila sjednotit n\u00e1rodn\u00ed s\u00edly pod sv\u00fdm veden\u00edm.&nbsp; Billboardy p\u00e1r t\u00fddn\u016f p\u0159ed volbami to u\u017e nemohly zachr\u00e1nit. Z&nbsp;24 nasazen\u00fdch sen\u00e1tn\u00edch kandid\u00e1t\u016f se ani jeden nep\u0159ibl\u00ed\u017eil druh\u00e9mu kolu, a 155 obecn\u00edch zastupitel\u016f (m\u00e9n\u011b ne\u017e zanikaj\u00edc\u00ed Zelen\u00ed!) neodpov\u00edd\u00e1 obrazu strany, kter\u00e1 by re\u00e1ln\u011b mohla zm\u011bnit pom\u011bry v&nbsp;zemi.<\/p>\n<p><strong>SPD m\u00e1 te\u010f dv\u011b mo\u017enosti.<\/strong>&nbsp;Bu\u010f reflektovat v\u010derej\u0161\u00ed prohru a napodobit AfD \u010di italskou Ligu. To znamen\u00e1 integrovat v\u00edce v\u00fdrazn\u00fdch osobnost\u00ed, investovat energii a pen\u00edze do vybudov\u00e1n\u00ed siln\u00e9 organizace, nau\u010dit se kooperovat s&nbsp;nepolitick\u00fdmi vlasteneck\u00fdmi spolky, vytvo\u0159it vlastn\u00ed m\u00e9dia, vlastn\u00ed syst\u00e9m intern\u00edho vzd\u011bl\u00e1v\u00e1n\u00ed a mnoho dal\u0161\u00edho. Tak, aby v&nbsp;parlamentn\u00edch volb\u00e1ch 2021 mohla SPD usilovat o v\u00edce ne\u017e 40% hlas\u016f.<\/p>\n<p><strong>Nebo se mohou lid\u00e9 ve veden\u00ed SPD navz\u00e1jem ujistit, \u017ee v\u010derej\u0161\u00ed v\u00fdsledek byl vlastn\u011b docela hezk\u00fd,<\/strong>pokra\u010dovat v&nbsp;dosavadn\u00edm stylu a spol\u00e9hat na to, \u017ee t\u00e9 \u010d\u00e1sti ve\u0159ejnosti, kter\u00e1 se nechce sm\u00ed\u0159it s&nbsp;islamizac\u00ed zem\u011b, nakonec stejn\u011b nezbyde ne\u017e podporovat SPD. Je to dobr\u00fd odhad, jen\u017ee t\u011bch 24 poslanc\u016f a \u017e\u00e1dn\u00fd sen\u00e1tor nesta\u010d\u00ed k&nbsp;prosazen\u00ed vlastn\u011b ni\u010deho.&nbsp; M\u016f\u017eeme doufat, \u017ee&nbsp;tou cestou SPD nep\u016fjde.<\/p>\n<p><strong>Stejn\u011b z&nbsp;toho vych\u00e1z\u00ed, \u017ee by SPD prosp\u011bla zdrav\u00e1 konkurence.<\/strong>&nbsp;&nbsp;Co\u017e rozhodn\u011b nen\u00ed v\u00fdzva k&nbsp;dal\u0161\u00edmu nep\u0159ipraven\u00e9mu pokusu.&nbsp; V&nbsp;tom m\u00e1 slun\u00ed\u010dkov\u00e1 strana obrovskou \u2013 m\u00e1 neomezen\u00e9 pen\u00edze, medi\u00e1ln\u00ed podporu a dal\u0161\u00ed zdroje, tak\u017ee m\u016f\u017ee t\u0159\u00ed\u0161tit s\u00edly a \u010dekat, kter\u00fd z&nbsp;mnoha pokus\u016f se povede.<\/p>\n<p><strong>Nicm\u00e9n\u011b to nejd\u016fle\u017eit\u011bj\u0161\u00ed je n\u011bkde jinde.<\/strong>&nbsp;V&nbsp;sou\u010dasn\u00e9m syst\u00e9mu je opozice tak siln\u00e1, jak j\u00ed to dovol\u00ed vl\u00e1dn\u00ed moc disponuj\u00edc\u00ed absolutn\u00ed kontrolou finan\u010dn\u00edch zdroj\u016f, m\u00e9di\u00ed, sledovac\u00edch technologi\u00ed i tajnou polici\u00ed.&nbsp; A tady vid\u00edme po\u0159\u00e1d stejnou hru. Jednou se poda\u0159\u00ed opozici potla\u010dit tak, \u017ee t\u00e9m\u011b\u0159 \u00fapln\u011b zmiz\u00ed, pak opozice proraz\u00ed, pak se j\u00ed op\u011bt poda\u0159\u00ed potla\u010dit\u2026 a zase dokola. Po ka\u017ed\u00fdch volb\u00e1ch propadaj\u00ed ob\u011b strany st\u0159\u00eddav\u011b euforii a beznad\u011bji.&nbsp; A v\u0161ichni tu\u0161\u00ed, \u017ee d\u0159\u00edve \u010di pozd\u011bji se cel\u00fd syst\u00e9m zhrout\u00ed.<\/p>\n<p>Jen\u017ee mezit\u00edm se m\u011bn\u00ed slo\u017een\u00ed obyvatelstva, postupn\u011b prob\u00edhaj\u00ed drobn\u00e9 kroky sm\u011brem k&nbsp;tot\u00e1ln\u00edmu podroben\u00ed se, jak to od n\u00e1s po\u017eaduje isl\u00e1msk\u00e1 doktr\u00edna.&nbsp;<strong>Obrana je tud\u00ed\u017e st\u00e1le komplikovan\u011bj\u0161\u00ed. Toho ztracen\u00e9ho roku je \u0161koda.<\/strong>&nbsp;Ne, \u017ee ne.<\/p>\n<p><a href=\"https:\/\/pravyprostor.cz\/volby-mezi-debaklem-a-mozna-budoucim-vitezstvim\/\">Zdroj<\/a><\/p>\n","protected":false},"excerpt":{"rendered":"<p>Ka\u017ed\u00e1 prohra m\u016f\u017ee b\u00fdt za\u010d\u00e1tkem p\u0159\u00ed\u0161t\u00edho v\u00edt\u011bzstv\u00ed.&nbsp;K&nbsp;tomu je ov\u0161em zapot\u0159eb\u00ed, aby si pora\u017een\u00ed p\u0159iznali svou moment\u00e1ln\u00ed situaci, byli schopn\u00ed naj\u00edt p\u0159\u00ed\u010dinu, a spole\u010dn\u011b tvrd\u011b pracovali na jej\u00edm odstran\u011bn\u00ed. Jinak se stane, \u017ee se \u010dlenov\u00e9 t\u00fdmu navz\u00e1jem ujist\u00ed, \u017ee ta por\u00e1\u017eka je vlastn\u011b specifick\u00fdm druhem v\u00edt\u011bzstv\u00ed nebo \u017ee ne\u00fasp\u011bch byl zavin\u011bn vn\u011bj\u0161\u00edmi okolnostmi. To je naopak [&hellip;]<\/p>\n","protected":false},"author":1,"featured_media":0,"comment_status":"open","ping_status":"open","sticky":false,"template":"","format":"standard","meta":{"ngg_post_thumbnail":0,"footnotes":""},"categories":[11],"tags":[],"class_list":["post-9416","post","type-post","status-publish","format-standard","hentry","category-ozvena"],"_links":{"self":[{"href":"https:\/\/www.ladislavjakl.cz\/index.php?rest_route=\/wp\/v2\/posts\/9416","targetHints":{"allow":["GET"]}}],"collection":[{"href":"https:\/\/www.ladislavjakl.cz\/index.php?rest_route=\/wp\/v2\/posts"}],"about":[{"href":"https:\/\/www.ladislavjakl.cz\/index.php?rest_route=\/wp\/v2\/types\/post"}],"author":[{"embeddable":true,"href":"https:\/\/www.ladislavjakl.cz\/index.php?rest_route=\/wp\/v2\/users\/1"}],"replies":[{"embeddable":true,"href":"https:\/\/www.ladislavjakl.cz\/index.php?rest_route=%2Fwp%2Fv2%2Fcomments&post=9416"}],"version-history":[{"count":1,"href":"https:\/\/www.ladislavjakl.cz\/index.php?rest_route=\/wp\/v2\/posts\/9416\/revisions"}],"predecessor-version":[{"id":9417,"href":"https:\/\/www.ladislavjakl.cz\/index.php?rest_route=\/wp\/v2\/posts\/9416\/revisions\/9417"}],"wp:attachment":[{"href":"https:\/\/www.ladislavjakl.cz\/index.php?rest_route=%2Fwp%2Fv2%2Fmedia&parent=9416"}],"wp:term":[{"taxonomy":"category","embeddable":true,"href":"https:\/\/www.ladislavjakl.cz\/index.php?rest_route=%2Fwp%2Fv2%2Fcategories&post=9416"},{"taxonomy":"post_tag","embeddable":true,"href":"https:\/\/www.ladislavjakl.cz\/index.php?rest_route=%2Fwp%2Fv2%2Ftags&post=9416"}],"curies":[{"name":"wp","href":"https:\/\/api.w.org\/{rel}","templated":true}]}}