{"id":942,"date":"2011-04-21T10:16:17","date_gmt":"2011-04-21T09:16:17","guid":{"rendered":"http:\/\/www.ladislavjakl.cz\/?p=942"},"modified":"2011-04-21T10:18:29","modified_gmt":"2011-04-21T09:18:29","slug":"l-j-na-radiozurnalu-o-medialnim-pozadi-soucasne-vladni-krize","status":"publish","type":"post","link":"https:\/\/www.ladislavjakl.cz\/?p=942","title":{"rendered":"L. J. na Radio\u017eurn\u00e1lu o medi\u00e1ln\u00edm pozad\u00ed sou\u010dasn\u00e9 vl\u00e1dn\u00ed krize"},"content":{"rendered":"<p style=\"margin-right: 15pt;\"><strong><span style=\"font-family: &quot;Arial&quot;,&quot;sans-serif&quot;;\">RADIO\u017dURN\u00c1L &#8211; RADIOF\u00d3RUM \u010cas vys\u00edl\u00e1n\u00ed:\u00a018:36:11 <\/span><\/strong><\/p>\n<p><strong><span style=\"font-family: &quot;Arial&quot;,&quot;sans-serif&quot;;\"><!--more--><\/span><\/strong>Moder\u00e1tor (Veronika Sedl\u00e1\u010dkov\u00e1):<br \/>\nVe st\u00ednu posledn\u00edho p\u0159ekotn\u00e9ho v\u00fdvoje uvnit\u0159 vl\u00e1dn\u00ed koalice tak trochu zapadaj\u00ed okolnosti, za kter\u00fdch tato krize vypukla a n\u011bkte\u0159\u00ed politici, v\u010detn\u011b prezidenta republiky, zapochybovali, zda je toto na\u010dasov\u00e1n\u00ed \u010dist\u011b n\u00e1hodn\u00e9. Nebo jestli n\u00e1hl\u00e1 vyj\u00e1d\u0159en\u00ed poslanc\u016f za V\u011bci ve\u0159ejn\u00e9 Jaroslava \u0160k\u00e1rky a Krist\u00fdny Ko\u010d\u00ed o podivn\u00fdch pom\u011brech ve stran\u011b souvisej\u00ed s odhalen\u00edm novin\u00e1\u0159\u016f Mlad\u00e9 fronty Dnes, kter\u00e1 se t\u00fdkaj\u00ed politicko-obchodn\u00edch pl\u00e1n\u016f odstupuj\u00edc\u00edho ministra dopravy V\u00edta B\u00e1rty. Vykazuje kauza rysy kampan\u011b? Pozv\u00e1n\u00ed do ve\u010dern\u00edch Ozv\u011bn p\u0159ijal tajemn\u00edk prezidenta Ladislav Jakl, dobr\u00fd ve\u010der.<\/p>\n<p>Host (Ladislav Jakl, tajemn\u00edk prezidenta):<br \/>\nDobr\u00fd ve\u010der.<\/p>\n<p>Moder\u00e1tor (Veronika Sedl\u00e1\u010dkov\u00e1):<br \/>\nA z\u00e1stupce \u0161\u00e9fredaktora Mlad\u00e9 fronty Dnes Ji\u0159\u00ed Kub\u00edk, dobr\u00fd ve\u010der.<\/p>\n<p>Host (Ji\u0159\u00ed Kub\u00edk, z\u00e1stupce \u0161\u00e9fredaktora Mlad\u00e9 fronty Dnes):<br \/>\nDobr\u00fd ve\u010der.<\/p>\n<p>Moder\u00e1tor (Veronika Sedl\u00e1\u010dkov\u00e1):<br \/>\nNejd\u0159\u00edv, pane Jakle, m\u00e1te n\u011bjak\u00e9 dal\u0161\u00ed informace o tom, kdy prezident Klaus p\u0159ijme demisi ministra B\u00e1rty a premi\u00e9r\u016fv n\u00e1vrh na odvol\u00e1n\u00ed ministr\u016f Johna a Dobe\u0161e?<\/p>\n<p>Host (Ladislav Jakl, tajemn\u00edk prezidenta):<br \/>\nPan prezident se na toto t\u00e9ma dnes vyj\u00e1d\u0159il pom\u011brn\u011b jasn\u011b. V\u0161echny dal\u0161\u00ed \u00fastavn\u00ed kroky tohoto typu ud\u011bl\u00e1 ve chv\u00edli, kdy bude jasn\u00e9 a evidentn\u00ed, jak bude dal\u0161\u00ed v\u00fdvoj pokra\u010dovat, proto\u017ee ud\u011blat krok do pr\u00e1zdna, p\u0159ivodit destabilizaci politick\u00e9 situace u n\u00e1s, ani\u017e bychom v\u011bd\u011bli, jak\u00e9 budou n\u00e1sledovat dal\u0161\u00ed kroky, jak tato situace bude \u0159e\u0161ena, jestli se bude v\u011bc ub\u00edrat n\u011bjakou divokou chaotickou cestou, to prost\u011b nen\u00ed role, to nen\u00ed \u00faloha, to nen\u00ed \u00fakol prezidenta republiky, kter\u00fd by m\u011bl pe\u010dovat o z\u00e1kladn\u00ed politickou stabilitu. To znamen\u00e1, \u017ee prezident o\u010dek\u00e1v\u00e1, a j\u00e1 mysl\u00edm, \u017ee se do\u010dk\u00e1 n\u011bjak\u00fdch v\u00fdsledk\u016f jedn\u00e1n\u00ed na koali\u010dn\u00ed \u00farovni. Tyto v\u00fdsledky mu budou p\u0159edlo\u017eeny, on z nich nepochybn\u011b usoud\u00ed, jestli to znamen\u00e1, \u017ee ta politick\u00e1 sc\u00e9na m\u00e1 to v hlavn\u011b srovn\u00e1no, jak\u00e9 budou dal\u0161\u00ed kroky B a C a pak jist\u011b u\u010din\u00ed sv\u00e9 \u00fastavn\u00ed kroky.<\/p>\n<p>Moder\u00e1tor (Veronika Sedl\u00e1\u010dkov\u00e1):<br \/>\nPane Kub\u00edku, jak se d\u00edv\u00e1te na toto rozhodnut\u00ed prezidenta republiky tedy vy\u010dkat, a\u017e do doby, ne\u017e bude m\u00edt premi\u00e9r n\u011bjak\u00fd pl\u00e1n? Co se stane potom, co vym\u011bn\u00ed n\u011bkter\u00e9 lidi ve sv\u00e9m kabinetu?<\/p>\n<p>Host (Ji\u0159\u00ed Kub\u00edk, z\u00e1stupce \u0161\u00e9fredaktora Mlad\u00e9 fronty Dnes):<br \/>\nTak mysl\u00edm si, \u017ee tato reakce pana prezidenta je vcelku o\u010dek\u00e1van\u00e1 nebo o\u010dek\u00e1vateln\u00e1, to znamen\u00e1, \u017ee je to v kontextu toho, jak se choval v p\u0159\u00edpad\u011b sestavov\u00e1n\u00ed vl\u00e1dy a i sestavov\u00e1n\u00ed t\u011bch vl\u00e1d p\u0159edchoz\u00edch, kter\u00fdch se \u00fa\u010dastnil, mimochodem i mysl\u00edm v roce 2006, jestli se nepletu, tak taky cht\u011bl zn\u00e1t, zda vl\u00e1da, kterou mu tehdy navrhuje Mirek Topol\u00e1nek, tak zda m\u00e1 podporu v\u011bt\u0161iny. Tak\u017ee z tohoto pohledu m\u011b to nep\u0159ekvapuje a mysl\u00edm si, \u017ee jedn\u00e1n\u00ed koali\u010dn\u00edch stran, kter\u00e9 je o\u010dek\u00e1v\u00e1no mysl\u00edm za n\u011bkolik des\u00edtek minut, tak mu m\u016f\u017ee p\u0159in\u00e9st n\u011bjakou odpov\u011b\u010f na to, jestli a kdy se p\u0159\u00edpadn\u011b prezident do\u010dk\u00e1 n\u011bjak\u00e9 vize toho, co bude d\u00e1l.<\/p>\n<p>Moder\u00e1tor (Veronika Sedl\u00e1\u010dkov\u00e1):<br \/>\nPane Jakle, vra\u0165me se ke ko\u0159en\u016fm sou\u010dasn\u00e9 krize. Prezident nazna\u010dil, \u017ee nev\u00ed p\u0159esn\u011b, k\u00fdm byla rozehr\u00e1na. Taky vy jste \u0159ekl, \u017ee n\u011bkdo ze z\u00e1kulis\u00ed se sna\u017e\u00ed ovl\u00e1dat v\u00fdvoj politick\u00e9 sc\u00e9ny. Koho jste myslel nebo na koho nar\u00e1\u017eel V\u00e1clav Klaus?<\/p>\n<p>Host (Ladislav Jakl, tajemn\u00edk prezidenta):<br \/>\nJ\u00e1 v\u016fbec nev\u00edm, na koho nar\u00e1\u017eel V\u00e1clav Klaus.<\/p>\n<p>Moder\u00e1tor (Veronika Sedl\u00e1\u010dkov\u00e1):<br \/>\nNa koho vy?<\/p>\n<p>Host (Ladislav Jakl, tajemn\u00edk prezidenta):<br \/>\nA j\u00e1 jsem nemyslel \u017e\u00e1dnou konkr\u00e9tn\u00ed figuru, \u017e\u00e1dn\u00e9ho konkr\u00e9tn\u00edho p\u00e1na nebo pan\u00ed, ale prost\u011b \u017eijeme v re\u00e1ln\u00e9m sv\u011bt\u011b, pln\u00e9m r\u016fzn\u00fdch z\u00e1jm\u016f, skupinov\u00fdch, osobn\u00edch, finan\u010dn\u00edch, politick\u00fdch, jin\u00fdch. Ty z\u00e1jmy jsou \u010dasto nepochybn\u011b velmi organizovan\u00e9, sv\u00e9 aktivity vyv\u00edjej\u00ed pom\u011brn\u011b rafinovan\u011b a nen\u00ed na tom nic, z \u010deho bychom se m\u011bli hroutit, proto\u017ee podobn\u00e9 je to kdekoliv jinde. Mo\u017en\u00e1 na\u0161\u00ed specifikou je to, \u017ee je u n\u00e1s velmi mal\u00fd medi\u00e1ln\u00ed trh a vtisknout mu ur\u010ditou atmosf\u00e9ru, ur\u010ditou n\u00e1ladu, je u n\u00e1s stra\u0161n\u011b levn\u00e9 a stra\u0161n\u011b snadn\u00e9. Je to nejen tou velikost\u00ed medi\u00e1ln\u00edho trhu, ale \u0159ekl bych i jeho malou odolnost\u00ed pr\u00e1v\u011b v\u016f\u010di t\u011bm r\u016fzn\u00fdm z\u00e1jm\u016fm a \u010dasto velikou ochotou\u2026<\/p>\n<p>Moder\u00e1tor (Veronika Sedl\u00e1\u010dkov\u00e1):<br \/>\nNazna\u010dujete, pane Jakle, \u017ee novin\u00e1\u0159i, te\u010f konkr\u00e9tn\u011b Mlad\u00e9 fronty Dnes, se mohli nechat ovlivnit n\u011bjakou z t\u011bch z\u00e1jmov\u00fdch skupin, o kter\u00fdch mluv\u00edte pr\u00e1v\u011b v tom p\u0159\u00edpad\u011b nejprve kauzy V\u00edta B\u00e1rty, te\u010f u\u017e se to t\u00fdk\u00e1 cel\u00e9 koalice?<\/p>\n<p>Host (Ladislav Jakl, tajemn\u00edk prezidenta):<br \/>\nAle ne mohli, to p\u0159ece u\u017e bylo jasn\u011b \u0159e\u010deno nahlas a demonstrov\u00e1no, jak se na n\u011bkolika p\u0159\u00edpadech d\u011bl\u00e1 t\u00fddny a m\u011bs\u00edce a jak bude zvoleno na\u010dasov\u00e1n\u00ed a s k\u00fdm se takov\u00e9 v\u011bci konzultuj\u00ed, o tom j\u00e1 si ned\u011bl\u00e1m sebemen\u0161\u00ed iluze a u\u017e v\u016fbec si ned\u011bl\u00e1m iluze o tom, \u017ee 99,9 procenta informac\u00ed, kter\u00e9 nach\u00e1z\u00edme v m\u00e9di\u00edch, nejsou v\u00fdsledkem trp\u011bliv\u00e9 investigativn\u00ed pr\u00e1ce novin\u00e1\u0159\u016f, kte\u0159\u00ed n\u011bkde \u0161\u0165ouraj\u00ed, hledaj\u00ed, poslouchaj\u00ed, d\u00edvaj\u00ed se a n\u011bkde v de\u0161ti na n\u011bkoho \u010dekaj\u00ed, ale prost\u011b jsou osloveni n\u011bjakou z\u00e1jmovou skupinou, kter\u00e1 za nima p\u0159ijde a \u0159ekne jim &#8211; tady m\u00e1me takov\u00e9 informace, m\u00e1me na nich takov\u00fd a takov\u00fd z\u00e1jem, byli bychom r\u00e1di, kdyby tyto informace se dostaly ven v tu a v tu chv\u00edli, v t\u00e9 a t\u00e9 podob\u011b. O tom, \u017ee to tak nechod\u00ed, si ned\u011bl\u00e1m \u017e\u00e1dn\u00e9 iluze,<\/p>\n<p>Moder\u00e1tor (Veronika Sedl\u00e1\u010dkov\u00e1):<br \/>\nRozum\u00edm va\u0161im v\u00fdhrad\u00e1m. Pane Kub\u00edku, kdy\u017e z\u016fstaneme u t\u00e9 konkr\u00e9tn\u00ed kauzy, Mlad\u00e1 fronta Dnes spolupracovala na tom zve\u0159ej\u0148ov\u00e1n\u00ed p\u0159\u00edslu\u0161n\u00fdch materi\u00e1l\u016f, hlavn\u011b tedy t\u011bch byznyspl\u00e1n\u016f tehdy je\u0161t\u011b \u0161\u00e9fa ABL V\u00edta B\u00e1rty, s n\u011bkterou ze z\u00e1jmov\u00fdch vlivov\u00fdch skupin nebo s n\u011bkter\u00fdm z politik\u016f? Bylo to tak?<\/p>\n<p>Host (Ji\u0159\u00ed Kub\u00edk, z\u00e1stupce \u0161\u00e9fredaktora Mlad\u00e9 fronty Dnes):<br \/>\nSamoz\u0159ejm\u011b, \u017ee nebylo. J\u00e1 se tady mus\u00edm usm\u00edvat tomu, co sly\u0161\u00edm od pana Jakla, proto\u017ee m\u011b tahle teoretick\u00e1 \u00farove\u0148 t\u00e9 diskuze nesm\u00edrn\u011b bav\u00ed, proto\u017ee \u010dlov\u011bk, kter\u00fd m\u00e1 n\u011bjak\u00fd dojem zvn\u011bj\u0161ku, tak o tom vypr\u00e1v\u00ed do m\u00e9di\u00ed, jako kdyby tomu byl p\u0159\u00edm\u00fdm \u00fa\u010dastn\u00edkem. J\u00e1 nechci mluvit obecn\u011b o tom, jak kter\u00fd novin\u00e1\u0159 kdy co zve\u0159ejnil. J\u00e1 mohu mluvit pouze za Mladou frontu Dnes a za to, \u010deho jsem tady byl \u00fa\u010dastn\u00edkem v posledn\u00edch m\u011bs\u00edc\u00edch na mnoha sch\u016fzk\u00e1ch a ke v\u0161em t\u011bmto spikleneck\u00fdm teori\u00edm komu to slou\u017e\u00ed, kdo to p\u0159inesl a jak to bylo s k\u00fdm konzultov\u00e1no, chci uv\u00e9st jedin\u00e9 vysv\u011btlen\u00ed a to, \u017ee ABL vstoupila prost\u0159ednictv\u00edm V2c\u00ed ve\u0159ejn\u00fdch do vl\u00e1dy, do vl\u00e1dn\u00ed koalice, Tak to bylo p\u0159ece v\u0161eobecn\u011b zn\u00e1m\u00fd loni v l\u00e9t\u011b, v\u0161ichni se tomu podivovali, podivoval se tomu dokonce premi\u00e9r, mo\u017en\u00e1 bychom na\u0161li n\u011bjak\u00e9 vyj\u00e1d\u0159en\u00ed na toto t\u00e9ma i od hlavy st\u00e1tu, t\u00edm si nejsem jist\u00fd. A bylo p\u0159ece vcelku pochopiteln\u00e9, \u017ee se novin\u00e1\u0159i o ABL a V\u00edta B\u00e1rtu, jako\u017eto novou postavu na \u010desk\u00e9 politick\u00e9 sc\u00e9n\u011b, za\u010dali zaj\u00edmat. A pokud si vzpom\u00edn\u00e1te, tak u\u017e v \u0159\u00ed<\/p>\n<p>Moder\u00e1tor (Veronika Sedl\u00e1\u010dkov\u00e1):<br \/>\nPane Kub\u00edku, ale je to opravdu \u010dist\u011b n\u00e1hodn\u00e1 shoda okolnost\u00ed, \u017ee vystoup\u00ed poslanec \u0160k\u00e1rka, posl\u00e9ze Krist\u00fdna Ko\u010d\u00ed s n\u011b\u010d\u00edm, pak se objev\u00ed v Mlad\u00e9 front\u011b Dnes materi\u00e1l o tom, \u017ee V\u00edt B\u00e1rta je\u0161t\u011b jako \u0161\u00e9f ABL pl\u00e1noval uchv\u00e1tit moc v republice kv\u016fli sv\u00fdm finan\u010dn\u00edm pl\u00e1n\u016fm?<\/p>\n<p>Host (Ji\u0159\u00ed Kub\u00edk, z\u00e1stupce \u0161\u00e9fredaktora Mlad\u00e9 fronty Dnes):<br \/>\nAno, na p\u0159\u00edmou ot\u00e1zku, zda je to \u010dist\u011b n\u00e1hodn\u00e9, j\u00e1 \u0159\u00edk\u00e1m ano, je to \u010dist\u011b n\u00e1hodn\u00e1 v\u011bc. Dokonce v\u00e1m mus\u00edm \u0159\u00edct, \u017ee ve chv\u00edli, kdy jsme se tedy s kolegy dozv\u011bd\u011bli minul\u00fd t\u00fdden v ned\u011bli, kdy\u017e Respekt anoncoval, \u017ee v jejich pond\u011bln\u00edm vyd\u00e1n\u00ed vych\u00e1z\u00ed jak\u00e9si sv\u011bdectv\u00ed o tom, \u017ee pan \u0160k\u00e1rka dostal pen\u00edze bokem, tak jsme z toho byli sp\u00ed\u0161 rozmrzel\u00ed, proto\u017ee jsme v\u011bd\u011bli, \u017ee n\u00e1m to jaksi m\u016f\u017ee zp\u016fsobit tady podobn\u00e9 \u00favahy, nebo podobn\u00e9 debaty, kter\u00e9 pr\u00e1v\u011b te\u010fko vedeme, ale samoz\u0159ejm\u011b, \u017ee ta pr\u00e1ce, kter\u00e1 byla odvedena na t\u00e9 p\u0159\u00edloze nebo na tom n\u011bkolikastr\u00e1nkov\u00e9m speci\u00e1lu o V\u00edtu B\u00e1rtovi, kter\u00fd jsme vydali v p\u00e1te\u010dn\u00edm vyd\u00e1n\u00ed, byla obrovsk\u00e1. Bylo to opravdu n\u011bkolik m\u011bs\u00edc\u016f p\u00e1tr\u00e1n\u00ed, analyzov\u00e1n\u00ed a vyhodnocov\u00e1n\u00ed t\u011bch informac\u00ed, a pokud si n\u011bkdo mysl\u00ed, \u017ee tohle se d\u00e1 zvl\u00e1dnout b\u011bhem dvou dn\u016f, tak je to velice naivn\u00ed p\u0159edstava.<\/p>\n<p>Moder\u00e1tor (Veronika Sedl\u00e1\u010dkov\u00e1):<br \/>\nPane Jakle, kdy\u017e \u0159\u00edk\u00e1te, \u017ee vy jste p\u0159esv\u011bd\u010den\u00fd o tom, \u017ee sice pan Kub\u00edk to tady pop\u00edr\u00e1, vy tvrd\u00edte, \u017ee tam n\u011bjak\u00e9 ty vlivy budou, m\u00e1te pro to n\u011bjak\u00e9 d\u016fkazy, pro toto tvrzen\u00ed?<\/p>\n<p>Host (Ladislav Jakl, tajemn\u00edk prezidenta):<br \/>\nV\u00edte, j\u00e1 jsem v\u016fbec ne\u0159\u00edkal, j\u00e1 jsem nezpochyb\u0148oval pravdivost t\u011bch informac\u00ed v novin\u00e1ch, ani je nem\u00e1m \u0161anci si n\u011bjak ov\u011b\u0159it a v\u016fbec u\u017e jsem ne\u0159\u00edkal, \u017ee n\u011bkdo to dal dohromady b\u011bhem dvou dn\u016f, ale v\u00edte, dejte do krabi\u010dky n\u011bkolik ozuben\u00fdch kole\u010dek, h\u0159\u00eddel\u00ed, pru\u017einek a ru\u010di\u010dek, pak tu krabi\u010dku zav\u0159ete a chv\u00edli s t\u00edm hodn\u011b klepejte. A pak to vysypte a pod\u00edvejte &#8211; kr\u00e1sn\u00e9 \u0161v\u00fdcarsk\u00e9 hodinky. Asi takov\u00e1 n\u00e1hoda je, kdy\u017e se n\u011bkter\u00e9 informace, kter\u00e9 n\u011bkomu pom\u016f\u017eou, koordinuj\u00ed se s n\u011bkter\u00fdmi dal\u0161\u00edmi politick\u00fdmi aktivitami n\u011bkter\u00fdch subjekt\u016f. No to jsou prost\u011b \u00fa\u017easn\u00e9 n\u00e1hody.<\/p>\n<p>Moder\u00e1tor (Veronika Sedl\u00e1\u010dkov\u00e1):<br \/>\nAle je to tedy \u010dist\u011b va\u0161e dedukce, jestli tomu dob\u0159e rozum\u00edm?<\/p>\n<p>Host (Ladislav Jakl, tajemn\u00edk prezidenta):<br \/>\nNa tyto n\u00e1hody j\u00e1 se d\u00edv\u00e1m posledn\u00edch deset, patn\u00e1ct nebo kolik let a ned\u011bl\u00e1m si prost\u011b \u017e\u00e1dn\u00e9 iluze, \u017ee kdy\u017e n\u011bkdo se vytas\u00ed se \u0161v\u00fdcarsk\u00fdmi hodinkami a \u0159ekne, no prost\u011b to jsem jenom tak jako klepal tou krabi\u010dkou. V\u00edte, j\u00e1 v\u016fbec nechci nikomu podsouvat n\u011bjak\u00e9 zl\u00e9 \u00favahy nebo n\u011bco podobn\u00e9ho, j\u00e1 nev\u00edm, na jak\u00e9 \u00farovni se tyto v\u011bci domlouvaj\u00ed, \u0159e\u0161\u00ed, s jak\u00fdmi \u0161\u00e9fredaktory, vydavateli, inzerenty nebo n\u011bco podobn\u00e9ho, ale \u017eijeme opravdu v re\u00e1ln\u00e9m sv\u011bt\u011b a j\u00e1 si mysl\u00edm, \u017ee jenom by bylo dobr\u00e9, aby poslucha\u010di, \u010dten\u00e1\u0159i, div\u00e1ci s ka\u017edou informac\u00ed zach\u00e1zeli tak, \u017ee by si \u0159ekli\u2026<\/p>\n<p>Moder\u00e1tor (Veronika Sedl\u00e1\u010dkov\u00e1):<br \/>\nOno asi pravd\u011bpodobn\u011b, pane Jakle, \u010dten\u00e1\u0159i i poslucha\u010di maj\u00ed sv\u016fj rozum, mo\u017en\u00e1 to i d\u011blaj\u00ed. Ale chci se zeptat, podle v\u00e1s je to nelegitimn\u00ed hon na V\u011bci ve\u0159ejn\u00e9 nebo podle v\u00e1s je v po\u0159\u00e1dku, \u017ee se sna\u017e\u00ed premi\u00e9r Ne\u010das o\u010distit vl\u00e1du od vliv\u016f ABL?<\/p>\n<p>Host (Ladislav Jakl, tajemn\u00edk prezidenta):<br \/>\nJ\u00e1 to p\u0159ece jenom do\u0159eknu. Mysl\u00edm si, \u017ee \u010dten\u00e1\u0159i, poslucha\u010di a div\u00e1ci by si p\u0159i ka\u017ed\u00e9 informaci m\u011bli \u0159\u00edct &#8211; pro\u010d mi to \u0159\u00edkaj\u00ed zrovna te\u010f? Pro\u010d zrovna takov\u00fdmto zp\u016fsobem? Pro\u010d zrovna toto a ne zrovna n\u011bco jin\u00e9ho? A je to u\u017eite\u010dn\u00e9. Legitimn\u00ed, v\u00edte, j\u00e1 jsem sv\u016fj n\u00e1zor na stranu V\u011bci ve\u0159ejn\u00e9, coby podnikatelsk\u00fd projekt, \u0159ekl u\u017e n\u011bkdy p\u0159ed rokem, je\u0161t\u011b d\u00e1vno p\u0159ed volbami a tehdy se na m\u011b v podstat\u011b stejn\u00ed novin\u00e1\u0159i, kte\u0159\u00ed dnes po nich jdou, sesypali, co \u017ee takovou kr\u00e1snou iniciativu si dovoluji takhle napadnout. Ty informace nejsou n\u011bjak p\u0159evratn\u00e9, \u017eijeme opravdu ve sv\u011bt\u011b z\u00e1jm\u016f a podobn\u00fdch podnikatelsk\u00fdch skupin z\u00e1jmov\u00fdch, kte\u0159\u00ed se sna\u017e\u00ed p\u0159es m\u00e9dia a p\u0159es politiku dosahovat sv\u00fdch z\u00e1jm\u016f, je n\u011bkolik. Ale prost\u011b u n\u011bkter\u00fdch novin vid\u00edte zrovna jenom n\u011bkter\u00e9, u jin\u00fdch novin zase \u00fapln\u011b jin\u00e9 a ta n\u00e1hoda je asi stejn\u011b srovnateln\u00e1, jako s t\u011bmi \u0161v\u00fdcarsk\u00fdmi hodinkami.<\/p>\n<p>Moder\u00e1tor (Veronika Sedl\u00e1\u010dkov\u00e1):<br \/>\nDod\u00e1v\u00e1 tajemn\u00edk prezidenta republiky Ladislav Jakl a d\u011bkuji taky z\u00e1stupci \u0161\u00e9fredaktora\u2026<\/p>\n","protected":false},"excerpt":{"rendered":"<p>RADIO\u017dURN\u00c1L &#8211; RADIOF\u00d3RUM \u010cas vys\u00edl\u00e1n\u00ed:\u00a018:36:11<\/p>\n","protected":false},"author":1,"featured_media":0,"comment_status":"open","ping_status":"open","sticky":false,"template":"","format":"standard","meta":{"ngg_post_thumbnail":0,"footnotes":""},"categories":[13],"tags":[],"class_list":["post-942","post","type-post","status-publish","format-standard","hentry","category-rozhovory"],"_links":{"self":[{"href":"https:\/\/www.ladislavjakl.cz\/index.php?rest_route=\/wp\/v2\/posts\/942","targetHints":{"allow":["GET"]}}],"collection":[{"href":"https:\/\/www.ladislavjakl.cz\/index.php?rest_route=\/wp\/v2\/posts"}],"about":[{"href":"https:\/\/www.ladislavjakl.cz\/index.php?rest_route=\/wp\/v2\/types\/post"}],"author":[{"embeddable":true,"href":"https:\/\/www.ladislavjakl.cz\/index.php?rest_route=\/wp\/v2\/users\/1"}],"replies":[{"embeddable":true,"href":"https:\/\/www.ladislavjakl.cz\/index.php?rest_route=%2Fwp%2Fv2%2Fcomments&post=942"}],"version-history":[{"count":2,"href":"https:\/\/www.ladislavjakl.cz\/index.php?rest_route=\/wp\/v2\/posts\/942\/revisions"}],"predecessor-version":[{"id":946,"href":"https:\/\/www.ladislavjakl.cz\/index.php?rest_route=\/wp\/v2\/posts\/942\/revisions\/946"}],"wp:attachment":[{"href":"https:\/\/www.ladislavjakl.cz\/index.php?rest_route=%2Fwp%2Fv2%2Fmedia&parent=942"}],"wp:term":[{"taxonomy":"category","embeddable":true,"href":"https:\/\/www.ladislavjakl.cz\/index.php?rest_route=%2Fwp%2Fv2%2Fcategories&post=942"},{"taxonomy":"post_tag","embeddable":true,"href":"https:\/\/www.ladislavjakl.cz\/index.php?rest_route=%2Fwp%2Fv2%2Ftags&post=942"}],"curies":[{"name":"wp","href":"https:\/\/api.w.org\/{rel}","templated":true}]}}