{"id":9421,"date":"2018-10-09T13:14:01","date_gmt":"2018-10-09T11:14:01","guid":{"rendered":"http:\/\/www.ladislavjakl.cz\/?p=9421"},"modified":"2018-10-09T13:14:01","modified_gmt":"2018-10-09T11:14:01","slug":"jasny-volebni-vzkaz-praha-uz-k-cesku-nepatri-hlavni-mesto-dobyli-bruselsti-kolaboranti-absolutni-vitez-udelal-prvni-chybu-ods-jako-prave-kridlo-cssd-pirati-misto-kscm-okamura-nemusi-zoufat-boj","status":"publish","type":"post","link":"https:\/\/www.ladislavjakl.cz\/?p=9421","title":{"rendered":"Jasn\u00fd volebn\u00ed vzkaz: Praha u\u017e k \u010cesku nepat\u0159\u00ed! Hlavn\u00ed m\u011bsto dobyli brusel\u0161t\u00ed kolaboranti. Absolutn\u00ed v\u00edt\u011bz ud\u011blal prvn\u00ed chybu. ODS jako prav\u00e9 k\u0159\u00eddlo \u010cSSD? Pir\u00e1ti m\u00edsto KS\u010cM. Okamura nemus\u00ed zoufat. Boj o v\u0161echno teprve za\u010d\u00edn\u00e1"},"content":{"rendered":"<p>Volby skon\u010dily a jejich v\u00fdsledky jsou zaj\u00edmav\u00e9. To, \u017ee za t\u00fdden pokra\u010duj\u00ed druh\u00fdm kolem t\u011bch do t\u0159etiny sen\u00e1tu je redundantn\u00ed, zanedbateln\u00e9. Ne jen pro to, \u017ee horn\u00ed komora parlamentu je t\u011bleso pro chod st\u00e1tu zbyte\u010dn\u00e9 a drah\u00e9, ale p\u0159edev\u0161\u00edm proto, \u017ee toho hlavn\u00edho bylo ji\u017e dosa\u017eeno: Vedle Ji\u0159\u00edho \u010cunka, kter\u00fd je autentick\u00fdm lidov\u00fdm politikem, dostala pra\u017esk\u00e1 P\u00e1t\u00e1 kolona Bruselu do \u00fastavn\u00ed funkce ji\u017e v&nbsp;prvn\u00edm kole Ji\u0159\u00edho Draho\u0161e, opr\u00e1\u0161en\u00fd \u201ekontejner\u201c na protizemanovsk\u00e9 hlasy z&nbsp;prezidentsk\u00e9 volby. N\u011bco jako kdy\u017e \u0159\u00edmsk\u00fd c\u00edsa\u0159 Caligula ud\u011blal sen\u00e1torem sv\u00e9ho kon\u011b. Praha dekadentn\u00ed \u0158\u00edm v\u00edc ne\u017e p\u0159ipom\u00edn\u00e1.<\/p>\n<p><!--more--><\/p>\n<p>Volby komun\u00e1ln\u00ed tak\u00e9 mnoh\u00e9 vyjasnily. ANO vyhr\u00e1lo v&nbsp;cel\u00e9 zemi (krom\u011b velmi specifick\u00e9ho Liberce), ale ztratilo Prahu. V&nbsp;n\u00ed dominuje trojice subjekt\u016f, kter\u00e9 patrn\u011b sestav\u00ed zdej\u0161\u00ed \u201evl\u00e1du\u201c. V\u0161echno brusel\u0161t\u00ed zbrojno\u0161i. Hlavn\u00ed m\u011bsto se tak jednozna\u010dn\u011b odd\u011blilo od zbytku zem\u011b. Praha u\u017e nen\u00ed \u010desk\u00e1. Jist\u011b\u017ee \u2013 ne cel\u00e1. Jednak volila m\u00e9n\u011b ne\u017e polovina ob\u010dan\u016f \u2013 a z&nbsp;nich jen v\u011bt\u0161\u00ed polovina dala hlas poskok\u016fm unijn\u00edho protektora. Ti, kte\u0159\u00ed zb\u00fdvaj\u00ed, tvo\u0159\u00ed n\u011bjak\u00fdch p\u011bt procent (voli\u010di SPD a spol.). Jsou \u201eostr\u016fvkem pozitivn\u00ed deviace\u201c \u0159e\u010deno slovy prezidenta Zemana. Disentn\u00ed v\u00fdsadek posledn\u00edch \u010cech\u016f ve m\u011bst\u011b dobyt\u00e9m \u010ctvrtou \u0159\u00ed\u0161\u00ed: v&nbsp;protektor\u00e1tu Prague Pride.<\/p>\n<h2>Bez pravice i levice<\/h2>\n<p>Symbolicky to dokl\u00e1d\u00e1 posledn\u00ed \u017eiv\u00e1 bu\u0148ka TOP 09 (kter\u00e1 ve zbytku zem\u011b prakticky p\u0159estala existovat), veden\u00e1 aktivn\u00edm homosexu\u00e1lem, mu\u017eem (?) \u017eij\u00edc\u00edm a vypl\u00e1cen\u00fdm v&nbsp;Bruselu, europoslancem Ji\u0159\u00edm Posp\u00ed\u0161ilem. Ve spojen\u00ed s&nbsp;dal\u0161\u00edmi oddan\u00fdmi kolaboranty (STAN a lidovci) se v&nbsp;Praze udr\u017eela p\u0159i \u017eivot\u011b \u2013 podobn\u011b jako v&nbsp;ned\u00e1vn\u00fdch parlamentn\u00edch volb\u00e1ch. Pr\u00e1v\u011b TOP 09 je dokonal\u00fdm p\u0159\u00edkladem \u00fapln\u00e9ho odtr\u017een\u00ed Prahy od \u010cech, Moravy a Slezska. Ani brn\u011bnsk\u00e1 Kav\u00e1rna, kter\u00e1 se tu pra\u017eskou tolik sna\u017e\u00ed napodobit, tentokr\u00e1t neusp\u011bla. Moravsk\u00e9 metropoli dominuj\u00ed ANO a ODS. I to je vzkaz hodn\u00fd pozornosti.<\/p>\n<p>ODS v&nbsp;cel\u00e9 zemi bezpochyby pos\u00edlila. P\u0159edseda Petr Fiala se p\u0159i t\u00e9 p\u0159\u00edle\u017eitosti sna\u017e\u00ed tvrdit, \u017ee jeho strana je dnes jedinou pravicovou alternativou k&nbsp;levicov\u00e9mu ANO. To je sice v\u00fdrok takticky pochopiteln\u00fd, ale mystifika\u010dn\u00ed a skoro komick\u00fd. Pokud n\u011b\u010d\u00edm Fialova ODS nen\u00ed, pak pravic\u00ed. S&nbsp;jej\u00edmi postoji (i ona p\u0159\u00edsah\u00e1 na Brusel, i kdy\u017e \u201ekriticky\u201c) bychom ji za norm\u00e1ln\u00edch okolnost\u00ed mohli maxim\u00e1ln\u011b pokl\u00e1dat za \u201eprav\u00e9 k\u0159\u00eddlo\u201c soci\u00e1ln\u00ed demokracie \u2013 pokud by tato je\u0161t\u011b existovala. Jen\u017ee pravice i levice svou neschopnost\u00ed a \u00fapornou tupou snahou nacpat se do (neexistuj\u00edc\u00edho) \u201est\u0159edu\u201c, zcela vyklidily prostor beztvar\u00e9mu NIC Andreje Babi\u0161e.&nbsp;<\/p>\n<p>Jeho ANO (respektive ANO-NE, podle toho, odkud pr\u00e1v\u011b fouk\u00e1) je nepochybn\u00fdm v\u00edt\u011bzem komun\u00e1ln\u00edch voleb. A vlastn\u011b v&nbsp;sou\u010dasn\u00e9 situaci P\u00e1n B\u016fh zapla\u0165 alespo\u0148 za to. Pra\u017esk\u00e1 politicko-medi\u00e1ln\u00ed Kav\u00e1rna se tento fakt sna\u017e\u00ed od prvn\u00edch minut interpretovat jako prohru, proto\u017ee ztr\u00e1ta Prahy je pro Babi\u0161e nep\u0159\u00edjemn\u00e1 a irituj\u00edc\u00ed. Je toti\u017e jeho osobn\u00edm selh\u00e1n\u00edm, pr\u00e1v\u011b tak, jako je jeho osobn\u00edm \u00fasp\u011bchem v\u00edt\u011bzstv\u00ed ve \u201ezbytku zem\u011b\u201c. To on posadil do \u010dela \u0161\u00edlenou Slovenu Krn\u00e1\u010dovou (\u201ezpovykan\u00ed Pra\u017e\u00e1ci\u201c). On vym\u011bnil na posledn\u00ed chv\u00edli nad\u011bjn\u00e9ho Patrika Nachera za beznad\u011bjn\u011b nev\u00fdrazn\u00e9ho Petra Stuchl\u00edka. A dal nesmysln\u011b ve\u0159ejn\u011b najevo, jak mu na Praze z\u00e1le\u017e\u00ed. T\u00edm mobilizoval tu \u010d\u00e1st Pra\u017ean\u016f, kte\u0159\u00ed ho nen\u00e1vid\u00ed, proto\u017ee saj\u00ed dezinforma\u010dn\u00ed ml\u00e9ko z&nbsp;cec\u00edk\u016f \u010cesk\u00e9 televize a rozhlasu a z&nbsp;Bakalova koncernu. Zfetovan\u00ed Pra\u017e\u00e1ci. Zbytku je sp\u00ed\u0161 lhostejn\u00fd. A tak odjeli na v\u00edkend, nebo z\u016fstali doma. Ur\u010dit\u011b prvn\u00ed v\u00e1\u017en\u00e1 Babi\u0161ova chyba.<\/p>\n<p><img loading=\"lazy\" decoding=\"async\" src=\"http:\/\/www.protiproud.cz\/images\/textiky\/20180805173826_pehe-jakl.jpg\" alt=\"\" width=\"546\" height=\"260\"><\/p>\n<p><a href=\"http:\/\/www.protiproud.cz\/politika\/3930-pripad-jakl-klausuv-spolupracovnik-kandiduje-do-senatu-s-podporou-spd-hehe-mu-vyhlasilo-zakaz-vstupu-do-ct-lzi-strazcu-fake-news-rovne-podminky-pro-vsechny-kavarna-uz-ani-nepredstira-cirkus-bude.htm\">\u010ct\u011bte ZDE: P\u0159\u00edpad Jakl: Klaus\u016fv spolupracovn\u00edk kandiduje do sen\u00e1tu s podporou SPD. Hehe mu vyhl\u00e1silo z\u00e1kaz vstupu do \u010cT. L\u017ei str\u00e1\u017ec\u016f fake news. Rovn\u00e9 podm\u00ednky pro v\u0161echny kav\u00e1rna u\u017e ani nep\u0159edst\u00edr\u00e1. Cirkus bude!<\/a><\/p>\n<h2>Nep\u0159\u00e1telsk\u00e9 \u00fazem\u00ed<\/h2>\n<p>Koment\u00e1\u0159e tvrd\u00ed, \u017ee levice v&nbsp;zemi prakticky zmizela. To je samoz\u0159ejm\u011b nesmysl. Zmizely strany, kter\u00e9 se za ni vyd\u00e1valy tak neobratn\u011b, \u017ee to voli\u010di snadno prokoukli. Na prvn\u00edm m\u00edst\u011b samoz\u0159ejm\u011b \u010cSSD. Pot\u00e9, co ji B. Sobotka, J. Dienstbier a spol. zavl\u00e9kli do propasti \u201em\u011bstsk\u00fdch liber\u00e1l\u016f\u201c (internacion\u00e1ln\u00ed \u201eEvropan\u00e9\u201c o\u0161kliv\u00edc\u00ed si n\u00e1rody a st\u00e1ty), uchopil ji Sobotka \u010d. 2 \u2013 Jan Ham\u00e1\u010dek. Pokud se n\u011bco z\u00e1sadn\u00edho nestane, do\u017eij\u00ed v&nbsp;Babi\u0161ov\u011b vl\u00e1d\u011b \u2013 a pak bude konec. To z\u00e1sadn\u00ed by muselo b\u00fdt skute\u010dn\u00fdm \u201en\u00e1vratem ke ko\u0159en\u016fm\u201c, ke skute\u010dn\u00fdm socialist\u016fm mezi n\u00e1mi, kte\u0159\u00ed ov\u0161em ji\u017e \u2013 patrn\u011b na dlouho, ne-li natrvalo \u2013 \u201ezaparkovali\u201c u Velk\u00e9ho Andreje.<\/p>\n<p>Podobn\u00e9 je to s&nbsp;komunisty. Pot\u00e9, co Vojt\u011bch Filip zato\u010dil s jedinou autentickou vrstvou sv\u00e9 strany reprezentovanou Josefem Sk\u00e1lou (zato\u010dil s&nbsp;n\u00edm vpravd\u011b ohavn\u011b \u201ejako s&nbsp;t\u0159\u00eddou\u201c), stal se pouh\u00fdm obchodn\u00edkem s&nbsp;de\u0161t\u011bm. Toho by sice u n\u00e1s bylo pot\u0159eba jako soli, ale jen p\u00e1r naiv\u016f \u010di sentiment\u00e1ln\u011b loaj\u00e1ln\u00edch stran\u00edk\u016f m\u016f\u017ee uv\u011b\u0159it, \u017ee m\u00e1 je\u0161t\u011b k \u201eoblak\u016fm\u201c p\u0159\u00edstup. Dokonale to ilustruje kandidatura Marty Semelov\u00e9, co\u017e je v&nbsp;pra\u017esk\u00fdch podm\u00ednk\u00e1ch v\u011bdom\u00e1 sebevra\u017eda. \u010ci sp\u00ed\u0161e mo\u017en\u00e1 jen lhostejn\u00e9 pok\u00fdvnut\u00ed. Lhostejn\u00ed komunist\u00e9? Tak si \u0159\u00edk\u00e1 smrt tohoto kdysi radik\u00e1ln\u011b levicov\u00e9ho hnut\u00ed \u201erevolu\u010dn\u00ed ml\u00e1de\u017ee\u201c, jeho\u017e pozice nyn\u00ed p\u0159evzali ultralev\u00ed \u201epanevrop\u0161t\u00ed\u201c Pir\u00e1ti.&nbsp;<\/p>\n<p>Pr\u00e1v\u011b oni budou nyn\u00ed vl\u00e1dnout v dobit\u00e9m (to i je spr\u00e1vn\u011b) hlavn\u00edm m\u011bst\u011b, je\u017e je pro \u010cechy, Moravany, Slezany a zdej\u0161\u00ed \u010desk\u00e9 \u201edisidenty\u201c od nyn\u011bj\u0161ka otev\u0159en\u011b nep\u0159\u00e1telsk\u00fdm \u00fazem\u00edm. Zp\u016fsob\u00ed to je\u0161t\u011b v\u011bt\u0161\u00ed \u201eroztr\u017een\u00ed zem\u011b\u201c? Ale kdepak. Tak je to u\u017e dlouho, jen to nebylo tak makav\u011b patrn\u00e9. I B. Svoboda (ODS) jako prim\u00e1tor d\u00e1val \u201ez\u00e1\u0161tity\u201c v\u0161em t\u011bm Praque Prid\u016fm a spol. Posledn\u00edm pravicov\u00fdm prim\u00e1torem, kter\u00fd po sob\u011b v&nbsp;Praze n\u011bco zanechal, byl Pavel B\u00e9m. Proto musel b\u00fdt medi\u00e1ln\u011b lyn\u010dov\u00e1n, ne\u00fasp\u011b\u0161n\u011b kriminalizov\u00e1n a nakonec&nbsp;po bol\u0161evicku zlikvidov\u00e1n (\u201ejako t\u0159\u00edda\u201c).<\/p>\n<h2>Ot\u00e1zka Okamura<\/h2>\n<p>Komun\u00e1ln\u00ed a sen\u00e1tn\u00ed volby nejsou pro autentickou protestn\u00ed stranu, jakou je u n\u00e1s pouze SPD, optim\u00e1ln\u00ed platformou. Proto relativn\u00ed ne\u00fasp\u011bch nen\u00ed t\u0159eba vid\u011bt nijak tragicky, ale k&nbsp;pou\u010dn\u00fdm z\u00e1v\u011br\u016fm sta\u010d\u00ed. Pat\u0159\u00ed k&nbsp;nim i ostr\u00e9 propadnut\u00ed osobnost\u00ed typu Ladislava Jakla v&nbsp;sen\u00e1tn\u00edm obvodu zahrnuj\u00edc\u00edm Prahu 2 a \u010d\u00e1st Prahy 3. V&nbsp;m\u00edst\u011b, kde dostane v&nbsp;prvn\u00edm kole 40 % dal\u0161\u00ed \u201epr\u00e1zdn\u00fd a fale\u0161n\u00fd\u201c kontejner Marek Hil\u0161er, nem\u00e1 smysl se pokou\u0161et. Jakl je p\u0159itom mimo\u0159\u00e1dn\u011b nadan\u00fd politik, jeho\u017e chv\u00edle teprve p\u0159ijde. Mus\u00ed v\u0161ak daleko pe\u010dliv\u011bji v\u00e1\u017eit h\u0159i\u0161t\u011b, na n\u011bm\u017e m\u00e1 \u0161anci d\u00e1vat g\u00f3ly. Hr\u00e1t fotbal na kluzi\u0161ti, kde p\u0159edpojat\u00ed rozhod\u010d\u00ed \u010dekaj\u00ed na sv\u00e9 obl\u00edben\u00e9 krasobrusla\u0159e, je sice \u010din bezpochyby state\u010dn\u00fd, ale sp\u00ed\u0161e v \u00e9tosu kamikadze.<\/p>\n<p>Tomio Okamura se v&nbsp;t\u011bchto volb\u00e1ch zjevn\u011b p\u0159\u00edli\u0161 neanga\u017eoval. T\u011b\u017eko odhadnout, zda \u0161lo o v\u011bdom\u00e9 \u010di sp\u00ed\u0161e intuitivn\u00ed rozhodnut\u00ed. Jeho chv\u00edle mus\u00ed samoz\u0159ejm\u011b p\u0159ij\u00edt p\u0159edev\u0161\u00edm ve&nbsp;volb\u00e1ch do Evropsk\u00e9ho parlamentu na ja\u0159e p\u0159\u00ed\u0161t\u00edho roku. Pokud Tr\u00f3jsk\u00fd k\u016f\u0148 \u201ebruselsk\u00e9ho lidu\u201c pr\u00e1v\u011b obsadil zmatenou a \u201ezdrogovanou\u201c Prahu, je velk\u00e1 \u0161ance ji\u017e brzy prorazit br\u00e1ny tyranova hlavn\u00edho m\u011bsta. Prakticky ve v\u0161ech \u010dlensk\u00fdch st\u00e1tech unie se s\u00edly pro tento v\u00fdpad ji\u017e \u00fasp\u011b\u0161n\u011b formuj\u00ed. Bylo by s&nbsp;podivem, kdyby tomu m\u011blo b\u00fdt u n\u00e1s jinak \u2013 a Okamura je v na\u0161\u00ed zemi jedin\u00fdm uv\u011b\u0159iteln\u00fdm reprezentantem nazr\u00e1vaj\u00edc\u00edch \u201eevropsk\u00fdch hrozn\u016f hn\u011bvu\u201c.<\/p>\n<p>Mus\u00ed si d\u00e1t ale pozor p\u0159edev\u0161\u00edm na ANO(NE). Andrej Babi\u0161 nutn\u011b pot\u0159ebuje p\u0159\u00ed\u0161t\u00ed \u00fasp\u011bch. Vedle ODS je p\u0159itom typick\u00fdm p\u0159edstavitelem t\u00e9 \u010d\u00e1sti unijn\u00edho establishmentu, kter\u00fd \u201evzpouru\u201c pouze p\u0159edst\u00edr\u00e1. N\u011bco jako kdy\u017e V\u00e1clav Havel cht\u011bl u n\u00e1s \u201ereformovat\u201c socialismus. Jen\u017ee ten narazil na V\u00e1clava Klause s&nbsp;jeho tahem na branku za klasickou demokraci\u00ed a kapitalismem. Bude to p\u0159ibli\u017en\u011b obdobn\u00fd typ souboje, jen (op\u011bt) na jin\u00e9m h\u0159i\u0161ti. V&nbsp;tomto p\u0159\u00edpad\u011b nav\u00edc &#8222;zpovykan\u00ed Pra\u017e\u00e1ci&#8220; nebudou tak d\u016fle\u017eit\u00ed (a m\u00edstn\u00ed disidenti notn\u011b poml\u00e1ceni a mnoz\u00ed mo\u017en\u00e1 i ve v\u011bzen\u00ed).&nbsp;<\/p>\n<p>Jedinou nad\u011bj\u00ed je st\u00e1le je\u0161t\u011b relativn\u011b norm\u00e1ln\u00ed &#8222;zbytkov\u00e1&#8220; \u010cesk\u00e1 republika \u2013 k&nbsp;n\u00ed\u017e Praha u\u017e nepat\u0159\u00ed. Je dobr\u00e9, \u017ee to u\u017e v\u00edme nade v\u0161\u00ed pochybnost. Jde o jeden z&nbsp;m\u00e1la okam\u017eik\u016f, kdy plat\u00ed to nehezk\u00e9 heslo \u010c\u00edm h\u016f\u0159e, t\u00edm l\u00e9pe.<\/p>\n<p>Tak\u017ee s&nbsp;pomoc\u00ed Bo\u017e\u00ed: Vzh\u016fru do boje, MY z&nbsp;\u010cech, Moravy a Slezska!<\/p>\n<p><a href=\"http:\/\/www.protiproud.cz\/politika\/4040-jasny-volebni-vzkaz-praha-uz-k-cesku-nepatri-hlavni-mesto-dobyli-bruselsti-kolaboranti-absolutni-vitez-udelal-prvni-chybu-ods-jako-prave-kridlo-cssd-pirati-misto-kscm-okamura-nemusi-zoufat-boj-o-vsechno-teprve-zacina.htm\">Zdroj<\/a><\/p>\n","protected":false},"excerpt":{"rendered":"<p>Volby skon\u010dily a jejich v\u00fdsledky jsou zaj\u00edmav\u00e9. To, \u017ee za t\u00fdden pokra\u010duj\u00ed druh\u00fdm kolem t\u011bch do t\u0159etiny sen\u00e1tu je redundantn\u00ed, zanedbateln\u00e9. Ne jen pro to, \u017ee horn\u00ed komora parlamentu je t\u011bleso pro chod st\u00e1tu zbyte\u010dn\u00e9 a drah\u00e9, ale p\u0159edev\u0161\u00edm proto, \u017ee toho hlavn\u00edho bylo ji\u017e dosa\u017eeno: Vedle Ji\u0159\u00edho \u010cunka, kter\u00fd je autentick\u00fdm lidov\u00fdm politikem, dostala [&hellip;]<\/p>\n","protected":false},"author":1,"featured_media":0,"comment_status":"open","ping_status":"open","sticky":false,"template":"","format":"standard","meta":{"ngg_post_thumbnail":0,"footnotes":""},"categories":[11],"tags":[],"class_list":["post-9421","post","type-post","status-publish","format-standard","hentry","category-ozvena"],"_links":{"self":[{"href":"https:\/\/www.ladislavjakl.cz\/index.php?rest_route=\/wp\/v2\/posts\/9421","targetHints":{"allow":["GET"]}}],"collection":[{"href":"https:\/\/www.ladislavjakl.cz\/index.php?rest_route=\/wp\/v2\/posts"}],"about":[{"href":"https:\/\/www.ladislavjakl.cz\/index.php?rest_route=\/wp\/v2\/types\/post"}],"author":[{"embeddable":true,"href":"https:\/\/www.ladislavjakl.cz\/index.php?rest_route=\/wp\/v2\/users\/1"}],"replies":[{"embeddable":true,"href":"https:\/\/www.ladislavjakl.cz\/index.php?rest_route=%2Fwp%2Fv2%2Fcomments&post=9421"}],"version-history":[{"count":1,"href":"https:\/\/www.ladislavjakl.cz\/index.php?rest_route=\/wp\/v2\/posts\/9421\/revisions"}],"predecessor-version":[{"id":9422,"href":"https:\/\/www.ladislavjakl.cz\/index.php?rest_route=\/wp\/v2\/posts\/9421\/revisions\/9422"}],"wp:attachment":[{"href":"https:\/\/www.ladislavjakl.cz\/index.php?rest_route=%2Fwp%2Fv2%2Fmedia&parent=9421"}],"wp:term":[{"taxonomy":"category","embeddable":true,"href":"https:\/\/www.ladislavjakl.cz\/index.php?rest_route=%2Fwp%2Fv2%2Fcategories&post=9421"},{"taxonomy":"post_tag","embeddable":true,"href":"https:\/\/www.ladislavjakl.cz\/index.php?rest_route=%2Fwp%2Fv2%2Ftags&post=9421"}],"curies":[{"name":"wp","href":"https:\/\/api.w.org\/{rel}","templated":true}]}}