{"id":9423,"date":"2018-10-09T13:16:27","date_gmt":"2018-10-09T11:16:27","guid":{"rendered":"http:\/\/www.ladislavjakl.cz\/?p=9423"},"modified":"2018-10-09T13:16:27","modified_gmt":"2018-10-09T11:16:27","slug":"rozdel-a-panuj","status":"publish","type":"post","link":"https:\/\/www.ladislavjakl.cz\/?p=9423","title":{"rendered":"Rozd\u011bl a panuj"},"content":{"rendered":"<p>Dopl\u0148ovac\u00ed volby do Sen\u00e1tu Parlamentu \u010cesk\u00e9 republiky op\u011bt dok\u00e1zaly, \u017ee spole\u010dnost je rozd\u011blena, nikoliv v\u0161ak rozp\u016flena. Jako ve v\u0161ech volb\u00e1ch nejv\u00edce v\u00fdsledek ovliv\u0148uje tzv. ml\u010d\u00edc\u00ed v\u011bt\u0161ina, kter\u00e1 vol\u00ed nohama a do volebn\u00edch m\u00edstnost\u00ed v\u016fbec nedoraz\u00ed. Zase jich bylo v\u00edce, ne\u017e voli\u010d\u016f.<\/p>\n<p><!--more--><\/p>\n<p>Voli\u010dsk\u00e1 men\u0161ina pak vyb\u00edr\u00e1 kandid\u00e1ty, kte\u0159\u00ed jsou sv\u00fdm zp\u016fsobem \u201eextr\u00e9mn\u00ed\u201c \u2013 tedy tu voli\u010dskou men\u0161inu rozd\u011bluj\u00ed. Zvolen\u00ed pl\u017ee a havloidn\u00edho bezmozka Draho\u0161e, kter\u00fd je bez n\u00e1zor\u016f a v debat\u00e1ch mu \u00fadajn\u011b diktovali naslouch\u00e1tkem, co m\u00e1 mluvit, v prvn\u00edm kole je toho d\u016fkazem. Draho\u0161e v druh\u00e9m kole prezidentsk\u00fdch voleb volila men\u0161\u00ed t\u0159etina voli\u010d\u016f, proto neusp\u011bl.<\/p>\n<p>V havloidn\u00ed Praze mu na zvolen\u00ed v prvn\u00edm kole sta\u010dila brut\u00e1ln\u00ed men\u0161ina hlas\u016f \u2013 celkem jen cca dvacet tis\u00edc z 80 tis\u00edc opr\u00e1vn\u011bn\u00fdch voli\u010d\u016f, co\u017e p\u0159i absolutn\u00edm nez\u00e1jmu voli\u010d\u016f sta\u010dilo na zvolen\u00ed v prvn\u00edm kole. \u00da\u010dast jen 45 %, co\u017e by podle odp\u016frc\u016f referend, kte\u0159\u00ed je cht\u011bj\u00ed podm\u00ednit \u00fa\u010dastn\u00ed 51 %, aby byly platn\u00e9, nesta\u010dilo na zvolen\u00ed.<\/p>\n<p>Draho\u0161 je odp\u016frce referend, tak\u017ee pokud by platila rovnost, tak s\u00e1m by necht\u011bl b\u00fdt zvolen, ale on je u\u017e d\u00e1vno pro racion\u00e1ln\u011b uva\u017euj\u00edc\u00ed volem, tak je mu to jedno.<\/p>\n<p>Druh\u00fd \u00fasp\u011b\u0161n\u00fd v prvn\u00edm kole je Ji\u0159\u00ed \u010cunek, kter\u00fd by ve sv\u00e9m Vset\u00edn\u011b vyhr\u00e1l snad i kdyby m\u00edsto sebe postavil p\u0159ed lidi stra\u0161\u00e1ka do zel\u00ed a \u0159ekl, \u017ee je to on. Jeho v\u00edt\u011bzstv\u00ed jsou ve Vset\u00edn\u011b tradi\u010dn\u00ed a voli\u010di, kte\u0159\u00ed by m\u011bli k n\u011bmu v\u00fdhrady, mu to asi \u201ehodili\u201c s t\u00edm, je to n\u00e1\u0161 \u201eogar\u201c a stejn\u011b by byl v druh\u00e9m kole zvolen, tak pro\u010d chodit k urn\u00e1m dvakr\u00e1t. Zase ta volba nohama. \u00da\u010dast ve Vset\u00edn\u011b jen 46 procent \u2013 Ji\u0159\u00edho \u010cunka zvolilo cca 25 tis\u00edc voli\u010d\u016f ze sto \u0161esti tis\u00edc\u016f.<\/p>\n<p>Pos\u00edlen\u00ed ODS a sho\u0159en\u00ed SPD je v\u00fdsledkem medi\u00e1ln\u00ed \u0161tvanice a medi\u00e1ln\u00ed podpory. Ne \u017ee by ODS byla m\u00e9dii milov\u00e1na, ale nejsou na n\u00ed p\u00e1ch\u00e1na takov\u00e1 svinstva jako na SPD. D\u00e1le je to ovlivn\u011bno i t\u00edm, \u017ee za ODS je profesion\u00e1ln\u00ed t\u00fdm a kandid\u00e1ti ODS byli politici, kte\u0159\u00ed jsou z politick\u00e9 sc\u00e9ny pravideln\u011b vol\u00edc\u00edch voli\u010d\u016f zn\u00e1mi. SPD na\u0161la sice p\u00e1r dobr\u00fdch kandid\u00e1t\u016f, i v\u00fdte\u010dn\u00e9ho: Ladislava Jakla, av\u0161ak nejen medi\u00e1ln\u00ed hon v\u0161e zhatil. Nejv\u00edce amat\u00e9rstv\u00ed zbyl\u00fdch kandid\u00e1t\u016f a nez\u00e1jem aktivn\u00edch voli\u010d\u016f. SPD mus\u00ed dostat k volb\u00e1m nevoli\u010de.<\/p>\n<p>Pokud chce SPD usp\u011bt v n\u00e1sleduj\u00edc\u00edch volb\u00e1ch do Evropsk\u00e9ho parlamentu a neskon\u010dit n\u011bkde v pozad\u00ed jako v r\u00e1mci t\u011bchto sen\u00e1tn\u00edch voleb, tak si mus\u00ed vz\u00edt ponau\u010den\u00ed z \u00fasp\u011bchu italsk\u00e9 Ligy Mattea Salviniho \u2013 otev\u0159\u00edt se sv\u011btu, neb\u00fdt sektou. Ov\u0161em je toho Tomio Okamura schopen, kdy\u017e p\u0159ev\u00e1\u017en\u00e1 image hnut\u00ed je on? Nechme se p\u0159ekvapit.<\/p>\n<p><a href=\"http:\/\/www.vlasteneckenoviny.cz\/?p=208362\">Zdroj<\/a><\/p>\n","protected":false},"excerpt":{"rendered":"<p>Dopl\u0148ovac\u00ed volby do Sen\u00e1tu Parlamentu \u010cesk\u00e9 republiky op\u011bt dok\u00e1zaly, \u017ee spole\u010dnost je rozd\u011blena, nikoliv v\u0161ak rozp\u016flena. Jako ve v\u0161ech volb\u00e1ch nejv\u00edce v\u00fdsledek ovliv\u0148uje tzv. ml\u010d\u00edc\u00ed v\u011bt\u0161ina, kter\u00e1 vol\u00ed nohama a do volebn\u00edch m\u00edstnost\u00ed v\u016fbec nedoraz\u00ed. Zase jich bylo v\u00edce, ne\u017e voli\u010d\u016f.<\/p>\n","protected":false},"author":1,"featured_media":0,"comment_status":"open","ping_status":"open","sticky":false,"template":"","format":"standard","meta":{"ngg_post_thumbnail":0,"footnotes":""},"categories":[11],"tags":[],"class_list":["post-9423","post","type-post","status-publish","format-standard","hentry","category-ozvena"],"_links":{"self":[{"href":"https:\/\/www.ladislavjakl.cz\/index.php?rest_route=\/wp\/v2\/posts\/9423","targetHints":{"allow":["GET"]}}],"collection":[{"href":"https:\/\/www.ladislavjakl.cz\/index.php?rest_route=\/wp\/v2\/posts"}],"about":[{"href":"https:\/\/www.ladislavjakl.cz\/index.php?rest_route=\/wp\/v2\/types\/post"}],"author":[{"embeddable":true,"href":"https:\/\/www.ladislavjakl.cz\/index.php?rest_route=\/wp\/v2\/users\/1"}],"replies":[{"embeddable":true,"href":"https:\/\/www.ladislavjakl.cz\/index.php?rest_route=%2Fwp%2Fv2%2Fcomments&post=9423"}],"version-history":[{"count":1,"href":"https:\/\/www.ladislavjakl.cz\/index.php?rest_route=\/wp\/v2\/posts\/9423\/revisions"}],"predecessor-version":[{"id":9424,"href":"https:\/\/www.ladislavjakl.cz\/index.php?rest_route=\/wp\/v2\/posts\/9423\/revisions\/9424"}],"wp:attachment":[{"href":"https:\/\/www.ladislavjakl.cz\/index.php?rest_route=%2Fwp%2Fv2%2Fmedia&parent=9423"}],"wp:term":[{"taxonomy":"category","embeddable":true,"href":"https:\/\/www.ladislavjakl.cz\/index.php?rest_route=%2Fwp%2Fv2%2Fcategories&post=9423"},{"taxonomy":"post_tag","embeddable":true,"href":"https:\/\/www.ladislavjakl.cz\/index.php?rest_route=%2Fwp%2Fv2%2Ftags&post=9423"}],"curies":[{"name":"wp","href":"https:\/\/api.w.org\/{rel}","templated":true}]}}