{"id":9425,"date":"2018-10-09T13:19:11","date_gmt":"2018-10-09T11:19:11","guid":{"rendered":"http:\/\/www.ladislavjakl.cz\/?p=9425"},"modified":"2018-10-09T13:19:31","modified_gmt":"2018-10-09T11:19:31","slug":"podekovani","status":"publish","type":"post","link":"https:\/\/www.ladislavjakl.cz\/?p=9425","title":{"rendered":"Pod\u011bkov\u00e1n\u00ed"},"content":{"rendered":"<p><a href=\"https:\/\/www.ladislavjakl.cz\/wp-content\/uploads\/2018\/10\/dekuju.png\"><img loading=\"lazy\" decoding=\"async\" class=\"alignnone size-full wp-image-9426\" src=\"https:\/\/www.ladislavjakl.cz\/wp-content\/uploads\/2018\/10\/dekuju.png\" alt=\"\" width=\"581\" height=\"107\" srcset=\"https:\/\/www.ladislavjakl.cz\/wp-content\/uploads\/2018\/10\/dekuju.png 581w, https:\/\/www.ladislavjakl.cz\/wp-content\/uploads\/2018\/10\/dekuju-264x49.png 264w\" sizes=\"auto, (max-width: 581px) 100vw, 581px\" \/><\/a><\/p>\n<p>D\u011bkuju voli\u010d\u016fm, kte\u0159\u00ed mi dali sv\u016fj hlas. Jsem p\u0159ekvapen, \u017ee po \u017di\u017ekov\u011b a Vinohradech \u017eij\u00ed p\u0159es dva tis\u00edce lid\u00ed, kte\u0159\u00ed si mysl\u00ed, \u017ee v politice jsou d\u016fle\u017eit\u00e9 n\u00e1zory a ne um\u011bl\u00fd image, a kte\u0159\u00ed c\u00edt\u00ed, \u017ee v dne\u0161n\u00ed dob\u011b jde o d\u016fle\u017eit\u00e9 v\u011bci a ne pouze o moralistick\u00e1 hesla. A v r\u00e1mci republiky je n\u00e1s ur\u010dit\u011b stokr\u00e1t v\u00edc. D\u011bkuji mnoha podporovatel\u016fm a dobrovoln\u00edk\u016fm, kte\u0159\u00ed odvedli fantastick\u00fd kus pr\u00e1ce v ulic\u00edch mezi lidmi. Jsem r\u00e1d, \u017ee se n\u00e1m spole\u010dn\u011b poda\u0159ilo b\u00fdt vid\u011bt a sly\u0161et s postoji, kter\u00e9 by jinak moc prostoru nedostaly. Ur\u010dit\u011b se tahle pr\u00e1ce zu\u017eitkuje a rozhodn\u011b v n\u00ed budeme pokra\u010dovat, sv\u011bt kolem n\u00e1s n\u00e1m p\u0159ece nen\u00ed lhostejn\u00fd. D\u00edky i v\u0161em ostatn\u00edm voli\u010d\u016fm, kte\u0159\u00ed volili m\u00e9 konkurenty a maj\u00ed pro to sv\u00e9 d\u016fvody. A v\u0161em, co juchaj\u00ed nad t\u00edm, \u017ee jsem nepostoupil do druh\u00e9ho kola (v co\u017e jsem tedy zrovna nedoufal), p\u0159eji jejich radost, j\u00e1 r\u00e1d lidi bav\u00edm. A ty (i mimo sen\u00e1tn\u00ed obvod 26), kte\u0159\u00ed jsou z m\u00e9ho v\u00fdsledku snad smutn\u00ed, m\u016f\u017eu ujistit, \u017ee j\u00e1 smutn\u00fd nejsem, proto\u017ee svou misi v t\u011bchto volb\u00e1ch pova\u017euji za u\u017eite\u010dnou a prosp\u011b\u0161nou. Nejen kv\u016fli tomu, \u017ee poda\u0159ilo maxim\u00e1ln\u011b zpropagovat d\u016fle\u017eit\u00e1 t\u00e9mata a postoje, ale tak\u00e9 kv\u016fli vzkazu, kter\u00fd jsem cht\u011bl d\u00e1t: nemus\u00edme ka\u017ed\u00fd souhlasit s ka\u017ed\u00fdm, ale rozd\u00edly by n\u00e1m nem\u011bly br\u00e1nit ve spolupr\u00e1ci tam, kde se shodneme. \u010cekaj\u00ed n\u00e1s dal\u0161\u00ed utk\u00e1n\u00ed.<\/p>\n","protected":false},"excerpt":{"rendered":"<p>D\u011bkuju voli\u010d\u016fm, kte\u0159\u00ed mi dali sv\u016fj hlas. Jsem p\u0159ekvapen, \u017ee po \u017di\u017ekov\u011b a Vinohradech \u017eij\u00ed p\u0159es dva tis\u00edce lid\u00ed, kte\u0159\u00ed si mysl\u00ed, \u017ee v politice jsou d\u016fle\u017eit\u00e9 n\u00e1zory a ne um\u011bl\u00fd image, a kte\u0159\u00ed c\u00edt\u00ed, \u017ee v dne\u0161n\u00ed dob\u011b jde o d\u016fle\u017eit\u00e9 v\u011bci a ne pouze o moralistick\u00e1 hesla. A v r\u00e1mci republiky je n\u00e1s [&hellip;]<\/p>\n","protected":false},"author":1,"featured_media":0,"comment_status":"open","ping_status":"open","sticky":false,"template":"","format":"standard","meta":{"ngg_post_thumbnail":0,"footnotes":""},"categories":[22],"tags":[],"class_list":["post-9425","post","type-post","status-publish","format-standard","hentry","category-jakl-senator"],"_links":{"self":[{"href":"https:\/\/www.ladislavjakl.cz\/index.php?rest_route=\/wp\/v2\/posts\/9425","targetHints":{"allow":["GET"]}}],"collection":[{"href":"https:\/\/www.ladislavjakl.cz\/index.php?rest_route=\/wp\/v2\/posts"}],"about":[{"href":"https:\/\/www.ladislavjakl.cz\/index.php?rest_route=\/wp\/v2\/types\/post"}],"author":[{"embeddable":true,"href":"https:\/\/www.ladislavjakl.cz\/index.php?rest_route=\/wp\/v2\/users\/1"}],"replies":[{"embeddable":true,"href":"https:\/\/www.ladislavjakl.cz\/index.php?rest_route=%2Fwp%2Fv2%2Fcomments&post=9425"}],"version-history":[{"count":1,"href":"https:\/\/www.ladislavjakl.cz\/index.php?rest_route=\/wp\/v2\/posts\/9425\/revisions"}],"predecessor-version":[{"id":9427,"href":"https:\/\/www.ladislavjakl.cz\/index.php?rest_route=\/wp\/v2\/posts\/9425\/revisions\/9427"}],"wp:attachment":[{"href":"https:\/\/www.ladislavjakl.cz\/index.php?rest_route=%2Fwp%2Fv2%2Fmedia&parent=9425"}],"wp:term":[{"taxonomy":"category","embeddable":true,"href":"https:\/\/www.ladislavjakl.cz\/index.php?rest_route=%2Fwp%2Fv2%2Fcategories&post=9425"},{"taxonomy":"post_tag","embeddable":true,"href":"https:\/\/www.ladislavjakl.cz\/index.php?rest_route=%2Fwp%2Fv2%2Ftags&post=9425"}],"curies":[{"name":"wp","href":"https:\/\/api.w.org\/{rel}","templated":true}]}}