{"id":9436,"date":"2018-10-11T13:12:21","date_gmt":"2018-10-11T11:12:21","guid":{"rendered":"http:\/\/www.ladislavjakl.cz\/?p=9436"},"modified":"2018-10-11T13:12:21","modified_gmt":"2018-10-11T11:12:21","slug":"vzkaz-spd-vyfotit-se-jednou-za-rok-s-le-penovou-neni-politika","status":"publish","type":"post","link":"https:\/\/www.ladislavjakl.cz\/?p=9436","title":{"rendered":"Vzkaz SPD: Vyfotit se jednou za rok s Le Penovou nen\u00ed politika\u2026"},"content":{"rendered":"<p>Co se t\u00fdk\u00e1 SPD\u2026 Tak \u017e\u00e1dn\u00e1 hitpar\u00e1da to nebyla: 0 sen\u00e1tor\u016f\u2026 155 zastupitel\u016f v cel\u00e9 \u010cR\u2026 Nevolil jsem je, ani nepana\u0161oval.<\/p>\n<p><!--more--><\/p>\n<p>Jejich postoj kandidovat na sen\u00e1tory v\u0161ude, i kdy\u017e tam nasadili lidi, kter\u00e9 nikdo nezn\u00e1, nikdy nic neud\u011blali v aktivismu nebo politice proti osobnostem typu Konvi\u010dka, Kuras, Hynek, Nov\u00e1k-Ve\u010dern\u00ed\u010dek atd\u2026, nep\u0159ivedl nikoho nikam, ani SPD, ani jin\u00e9 kandid\u00e1ty z euroskeptick\u00e9-antiisl\u00e1msk\u00e9 sc\u00e9ny\u2026Jedin\u011b v Praze byl voliteln\u00fd Ladislav Jakl (kter\u00e9ho jsem volil), nebo Ivan David\u2026<\/p>\n<p>V komun\u00e1le to nebyla \u017e\u00e1dn\u00e1 velk\u00e1 v\u00fdhra, jen stagnace. Vymlouv\u00e1n\u00ed se na to, \u017ee je tady ta strana jen t\u0159i roky je trapn\u00e9.<\/p>\n<p>SPD si mus\u00ed ujasnit, jestli chce b\u00fdt jen stranou jednoho mu\u017ee, kter\u00fd my\u0161lenky jen p\u0159evzal a s\u00e1m \u017e\u00e1dnou nem\u011bl a nem\u00e1 (ov\u0161em neberu mu jeho pracovitost a hou\u017eevnatost), a nebo nech\u00e1 i vyr\u016fst jin\u00e9 osobnosti, a\u0165 u\u017e v SPD nebo mimo n\u011bj\u2026<\/p>\n<p>Skute\u010dnost je takov\u00e1, \u017ee takovouto SPD nepot\u0159ebujeme, bu\u010f se bude rozv\u00edjet, co\u017e se ned\u011bje, nebo je to jen zbyte\u010dn\u00e1 \u201es\u00edla\u201c, kter\u00e1 akor\u00e1t zacl\u00e1n\u00ed\u2026<\/p>\n<p><a href=\"http:\/\/www.vlasteneckenoviny.cz\/?p=208458\">Zdroj<\/a><\/p>\n","protected":false},"excerpt":{"rendered":"<p>Co se t\u00fdk\u00e1 SPD\u2026 Tak \u017e\u00e1dn\u00e1 hitpar\u00e1da to nebyla: 0 sen\u00e1tor\u016f\u2026 155 zastupitel\u016f v cel\u00e9 \u010cR\u2026 Nevolil jsem je, ani nepana\u0161oval.<\/p>\n","protected":false},"author":1,"featured_media":0,"comment_status":"open","ping_status":"open","sticky":false,"template":"","format":"standard","meta":{"ngg_post_thumbnail":0,"footnotes":""},"categories":[11],"tags":[],"class_list":["post-9436","post","type-post","status-publish","format-standard","hentry","category-ozvena"],"_links":{"self":[{"href":"https:\/\/www.ladislavjakl.cz\/index.php?rest_route=\/wp\/v2\/posts\/9436","targetHints":{"allow":["GET"]}}],"collection":[{"href":"https:\/\/www.ladislavjakl.cz\/index.php?rest_route=\/wp\/v2\/posts"}],"about":[{"href":"https:\/\/www.ladislavjakl.cz\/index.php?rest_route=\/wp\/v2\/types\/post"}],"author":[{"embeddable":true,"href":"https:\/\/www.ladislavjakl.cz\/index.php?rest_route=\/wp\/v2\/users\/1"}],"replies":[{"embeddable":true,"href":"https:\/\/www.ladislavjakl.cz\/index.php?rest_route=%2Fwp%2Fv2%2Fcomments&post=9436"}],"version-history":[{"count":1,"href":"https:\/\/www.ladislavjakl.cz\/index.php?rest_route=\/wp\/v2\/posts\/9436\/revisions"}],"predecessor-version":[{"id":9437,"href":"https:\/\/www.ladislavjakl.cz\/index.php?rest_route=\/wp\/v2\/posts\/9436\/revisions\/9437"}],"wp:attachment":[{"href":"https:\/\/www.ladislavjakl.cz\/index.php?rest_route=%2Fwp%2Fv2%2Fmedia&parent=9436"}],"wp:term":[{"taxonomy":"category","embeddable":true,"href":"https:\/\/www.ladislavjakl.cz\/index.php?rest_route=%2Fwp%2Fv2%2Fcategories&post=9436"},{"taxonomy":"post_tag","embeddable":true,"href":"https:\/\/www.ladislavjakl.cz\/index.php?rest_route=%2Fwp%2Fv2%2Ftags&post=9436"}],"curies":[{"name":"wp","href":"https:\/\/api.w.org\/{rel}","templated":true}]}}