{"id":9439,"date":"2018-10-15T12:46:28","date_gmt":"2018-10-15T10:46:28","guid":{"rendered":"http:\/\/www.ladislavjakl.cz\/?p=9439"},"modified":"2018-10-15T12:46:28","modified_gmt":"2018-10-15T10:46:28","slug":"zdenek-lanz-prazsky-magistrat-v-rukou-ultralevice","status":"publish","type":"post","link":"https:\/\/www.ladislavjakl.cz\/?p=9439","title":{"rendered":"Zden\u011bk Lanz: Pra\u017esk\u00fd magistr\u00e1t v rukou ultralevice"},"content":{"rendered":"<div align=\"justify\">Zodpov\u011bdn\u00e9ho ob\u010dana \u2013 voli\u010de do obecn\u00edch zastupitelstev by v\u0161ak m\u011blo zaj\u00edmat to, kdo bude v p\u0159\u00ed\u0161t\u00edch letech v obci, kde \u017eije, vl\u00e1dnout, kdo bude rozhodovat o ve\u0159ejn\u00fdch investic\u00edch, kudy povedou linky hromadn\u00e9 dopravy a kolik bude za svezen\u00ed platit, v \u010d\u00ed kompetenci bude p\u00e9\u010de o jeho bezpe\u010dnost v\u010detn\u011b toho, aby ho neobt\u011b\u017eovali bezohledn\u00ed a nep\u0159izp\u016fsobiv\u00ed ob\u010dan\u00e9, a\u0165 u\u017e budou z jak\u00e9hokoliv m\u00edsta na Zem\u011bkouli atd. Zkr\u00e1tka to, kdo ponese politickou odpov\u011bdnost&nbsp; za p\u00e9\u010di o jeho blaho.<\/div>\n<p><!--more--><\/p>\n<div align=\"justify\">&nbsp;<\/div>\n<div align=\"justify\"><b>Ani ne osma\u010dty\u0159icetiprocentn\u00ed \u00fa\u010dast u voleb do obecn\u00edch zastupitelstev v\u0161ak o velk\u00e9m z\u00e1jmu ob\u010dan\u016f o v\u011bci ve\u0159ejn\u00e9 nesv\u011bd\u010d\u00ed. Nebo jinak, sv\u011bd\u010d\u00ed o nez\u00e1jmu nadpolovi\u010dn\u00ed v\u011bt\u0161iny ob\u010dan\u016f \u2013 nevoli\u010d\u016f o v\u011bci ve\u0159ejn\u00e9, tedy o ty, kter\u00e9 se i jich bezprost\u0159edn\u011b dot\u00fdkaj\u00ed. Ale to jim v budoucnosti jist\u011b nezabr\u00e1n\u00ed, aby nov\u011b se ustaviv\u0161\u00ed \u201eradnice\u201c kritizovali, sp\u00edlali jim do blbc\u016f, debil\u016f, idiot\u016f a zlod\u011bj\u016f a nevyhro\u017eovali jim org\u00e1ny \u010dinn\u00fdmi v trestn\u00edm \u0159\u00edzen\u00ed.<\/b><\/div>\n<div align=\"justify\">&nbsp;<\/div>\n<div align=\"justify\">Informaci o sympati\u00edch potenci\u00e1ln\u00edch voli\u010d\u016f p\u0159inesly ji\u017e v\u00fdsledky Studentsk\u00fdch voleb do Zastupitelstva hlavn\u00edho m\u011bsta Prahy, konan\u00e9 v z\u00e1\u0159\u00ed 2018 za \u00fa\u010dasti \u017e\u00e1k\u016f gymn\u00e1zi\u00ed, st\u0159edn\u00edch odborn\u00fdch \u0161kol a u\u010dili\u0161\u0165. V nich s p\u0159ehledem zv\u00edt\u011bzila \u010cesk\u00e1 pir\u00e1tsk\u00e1 strana s v\u00edce jak \u0161estadvaceti procenty, na druh\u00e9m m\u00edst\u011b skon\u010dila TOP 09 a Starostov\u00e9 s necel\u00fdmi dvaceti procenty, t\u0159et\u00ed ODS s necel\u00fdmi jeden\u00e1cti procenty.<\/div>\n<div align=\"justify\">&nbsp;<\/div>\n<div align=\"justify\"><b>A kdy\u017e se pod\u00e1v\u00e1me na v\u00fdsledky z \u201eostr\u00fdch\u201c pra\u017esk\u00fdch podzimn\u00edch voleb, zjist\u00edme, \u017ee sice vyhr\u00e1la ODS (17, 87 %), druz\u00ed byli Nez\u00e1visl\u00ed kandid\u00e1ti (17,67 %) ale hned na t\u0159et\u00edm m\u00edst\u011b velice t\u011bsn\u011b \u010cesk\u00e1 pir\u00e1tsk\u00e1 strana (17,07 %). To sv\u011bd\u010d\u00ed o tom, \u017ee mlad\u00ed maj\u00ed k t\u00e9to stran\u011b je\u0161t\u011b bl\u00ed\u017e, ne\u017e pr\u016fm\u011brn\u00fd voli\u010d. \u010c\u00edm to je?<\/b><\/div>\n<div align=\"justify\">&nbsp;<\/div>\n<div align=\"justify\">Nemus\u00edme hledat program t\u00e9to strany, ani vyj\u00e1d\u0159en\u00ed jej\u00edch protagonist\u016f p\u0159i r\u016fzn\u00fdch debat\u00e1ch a diskus\u00edch. Sta\u010d\u00ed se pod\u00edvat na n\u011bkolik fotografi\u00ed, kde je zachycen sou\u010dasn\u00fd p\u0159edseda strany Ivan Barto\u0161 a hned zjist\u00edme, kolik uhodilo. Nap\u0159.<a href=\"http:\/\/blokprotiislamizaci.cz\/antifa-ukopala-muze-k-smrti-mel-ksandy-v-barvach-vlajky\/\" target=\"_blank\" rel=\"noopener\">&nbsp;zde&nbsp;<\/a>Barto\u0161 v \u0159\u00edjnu 2017 na demonstraci&nbsp; na Hrad\u010dansk\u00e9m n\u00e1m\u011bst\u00ed hned vedle transparentu \u201eUPRCHL\u00cdCI V\u00cdTEJTE! NACIONALISTI T\u00c1HN\u011aTE!, Barto\u0161 dr\u017e\u00edc\u00ed vlajku s logem Antify.&nbsp;<a href=\"https:\/\/www.ivcrn.cz\/pirat-bartos-v-davu-vitacu-anarchistu-a-levicovych-extremistu\/\" target=\"_blank\" rel=\"noopener\">&nbsp;Zde<\/a>&nbsp;Barto\u0161 na videoz\u00e1znamu z pochodu krajn\u00ed levice. A tato strana si d\u011bl\u00e1 ambice na post pra\u017esk\u00e9ho prim\u00e1tora!<\/div>\n<div align=\"justify\"><b><br \/>\nAno, mlad\u00ed voli\u010di, ale nejen ti, se radikalizuj\u00ed. V tomto sm\u011bru jsme za ud\u00e1lostmi v Z\u00e1padn\u00ed Evrop\u011b posunut\u00ed o pades\u00e1t let. Rozvrat syst\u00e9mu, anarchie, n\u00e1sil\u00ed, \u2026 Strach domyslet.<\/b><\/p>\n<p>Ale abychom neopomn\u011bli p\u0159ipomenout i n\u011bkter\u00e9 v\u00fdsledky prvn\u00edho kola voleb sen\u00e1tn\u00edch. Tak nap\u0159. na Praze 4 s p\u0159ehledem zv\u00edt\u011bzil a hned v prvn\u00edm kole se stal sen\u00e1torem Ji\u0159\u00ed Draho\u0161. Ne\u00fasp\u011b\u0161n\u00fd kandid\u00e1t na \u00fa\u0159ad prezidenta republiky zn\u00e1m\u00fd t\u00edm, \u017ee se ve druh\u00e9m kole prezidentsk\u00e9 volby, pod heslem \u201eV\u0161ichni na jednoho\u201c, spojil s dal\u0161\u00edmi nepostoupiv\u0161\u00edmi kandid\u00e1ty proti prezidentu Zemanovi. Kandid\u00e1t, kter\u00fd ji\u017e v&nbsp; \u201eprezidentsk\u00fdch\u201c p\u0159edvolebn\u00edch debat\u00e1ch prok\u00e1zal neschopnost racion\u00e1ln\u00ed argumentace a \u010dasto se uchyloval k osobn\u00edm v\u00fdpad\u016f. Pra\u017e\u0161t\u00ed voli\u010di mu pofoukali bol\u00edstku z lednov\u00e9 ne\u00fasp\u011b\u0161n\u00e9 prezidentsk\u00e9 volby.<\/p><\/div>\n<div align=\"justify\"><b>A i kdy\u017e se o tom, \u017ee by se Draho\u0161 mohl dokonce st\u00e1t p\u0159edsedou Sen\u00e1tu, zat\u00edm jenom spekuluje, p\u0159edstava, \u017ee by v t\u00e9to funkci mohl zastupovat prezidenta republiky p\u0159i jeho p\u0159\u00edpadn\u00e9 indispozici, nen\u00ed pr\u00e1v\u011b p\u0159\u00edli\u0161 optimistick\u00e1<\/b><\/p>\n<p>Bol\u00edstku na du\u0161i z prezidentsk\u00e9 volby pofoukali a dve\u0159e do Sen\u00e1tu pootev\u0159eli voli\u010di i Marku Hil\u0161erovi na Praze 2. Druh\u00fd postoupiv\u0161\u00ed, whistleblower Libor Mich\u00e1lek, zase p\u0159esv\u011bd\u010dil sv\u00e9 voli\u010de o tom, \u017ee korupce je v\u0161udyp\u0159\u00edtomn\u00e1 jako vzduch na Zemi a on \u017ee je v boji proti n\u00ed jedn\u00edm z vyvolen\u00fdch. Mich\u00e1lkovu v\u00fdzvu k odstoupen\u00ed z druh\u00e9ho kola za to, \u017ee ho podporoval v prezidentsk\u00e9 volb\u011b, Hil\u0161er nevysly\u0161el, svou \u0161anci ji\u017e nepustil a nechal se p\u0159esv\u011bd\u010div\u011b zvolit.<\/p>\n<p><b>A tak p\u0159ed branami Sen\u00e1tu zat\u00edm z\u016fstal nad\u011bjn\u00fd politik s jasn\u00fdmi a racion\u00e1ln\u00edmi n\u00e1zory, Ladislav Jakl. Ale jeho chv\u00edle je\u0161t\u011b p\u0159ijde. A\u017e voli\u010di pochop\u00ed, \u017ee j\u00edm srozumiteln\u011b pojmenovan\u00e1 dv\u011b nejv\u011bt\u0161\u00ed nebezpe\u010d\u00ed, kter\u00e1 v sou\u010dasn\u00e9 dob\u011b Evrop\u011b hroz\u00ed &#8211; \u0159\u00edzen\u00e1 masov\u00e1 migrace a p\u0159echod Evropsk\u00e9 unie k totalitn\u00edmu direktivismu \u2013 jsou re\u00e1ln\u00e1.<\/b><\/p>\n<p>Cesta na Hrad je pro n\u011bj st\u00e1le otev\u0159en\u00e1.<\/p>\n<p><b>Pokud by ale sou\u010dasn\u00fd \u201epra\u017esk\u00fd volebn\u00ed trend\u201c pokra\u010doval i nad\u00e1le, mohla by se Praha brzy st\u00e1t pro zbytek republiky nep\u0159\u00e1telsk\u00fdm \u00fazem\u00edm.&nbsp;<\/b><\/p>\n<p><b>Ale snad k tomu nedojde. T\u0159eba zdrav\u00fd rozum a p\u0159edv\u00eddavost nakonec zv\u00edt\u011bz\u00ed nad hloupost\u00ed a naivitou!<\/b><\/div>\n<div align=\"justify\">&nbsp;<\/div>\n<div align=\"justify\"><a href=\"http:\/\/www.prvnizpravy.cz\/zpravy\/politika\/zdenek-lanz-prazsky-magistrat-v-rukou-ultralevice\/\">Zdroj<\/a><\/div>\n","protected":false},"excerpt":{"rendered":"<p>Zodpov\u011bdn\u00e9ho ob\u010dana \u2013 voli\u010de do obecn\u00edch zastupitelstev by v\u0161ak m\u011blo zaj\u00edmat to, kdo bude v p\u0159\u00ed\u0161t\u00edch letech v obci, kde \u017eije, vl\u00e1dnout, kdo bude rozhodovat o ve\u0159ejn\u00fdch investic\u00edch, kudy povedou linky hromadn\u00e9 dopravy a kolik bude za svezen\u00ed platit, v \u010d\u00ed kompetenci bude p\u00e9\u010de o jeho bezpe\u010dnost v\u010detn\u011b toho, aby ho neobt\u011b\u017eovali bezohledn\u00ed a nep\u0159izp\u016fsobiv\u00ed [&hellip;]<\/p>\n","protected":false},"author":1,"featured_media":0,"comment_status":"open","ping_status":"open","sticky":false,"template":"","format":"standard","meta":{"ngg_post_thumbnail":0,"footnotes":""},"categories":[11],"tags":[],"class_list":["post-9439","post","type-post","status-publish","format-standard","hentry","category-ozvena"],"_links":{"self":[{"href":"https:\/\/www.ladislavjakl.cz\/index.php?rest_route=\/wp\/v2\/posts\/9439","targetHints":{"allow":["GET"]}}],"collection":[{"href":"https:\/\/www.ladislavjakl.cz\/index.php?rest_route=\/wp\/v2\/posts"}],"about":[{"href":"https:\/\/www.ladislavjakl.cz\/index.php?rest_route=\/wp\/v2\/types\/post"}],"author":[{"embeddable":true,"href":"https:\/\/www.ladislavjakl.cz\/index.php?rest_route=\/wp\/v2\/users\/1"}],"replies":[{"embeddable":true,"href":"https:\/\/www.ladislavjakl.cz\/index.php?rest_route=%2Fwp%2Fv2%2Fcomments&post=9439"}],"version-history":[{"count":1,"href":"https:\/\/www.ladislavjakl.cz\/index.php?rest_route=\/wp\/v2\/posts\/9439\/revisions"}],"predecessor-version":[{"id":9440,"href":"https:\/\/www.ladislavjakl.cz\/index.php?rest_route=\/wp\/v2\/posts\/9439\/revisions\/9440"}],"wp:attachment":[{"href":"https:\/\/www.ladislavjakl.cz\/index.php?rest_route=%2Fwp%2Fv2%2Fmedia&parent=9439"}],"wp:term":[{"taxonomy":"category","embeddable":true,"href":"https:\/\/www.ladislavjakl.cz\/index.php?rest_route=%2Fwp%2Fv2%2Fcategories&post=9439"},{"taxonomy":"post_tag","embeddable":true,"href":"https:\/\/www.ladislavjakl.cz\/index.php?rest_route=%2Fwp%2Fv2%2Ftags&post=9439"}],"curies":[{"name":"wp","href":"https:\/\/api.w.org\/{rel}","templated":true}]}}