{"id":944,"date":"2011-04-21T10:17:51","date_gmt":"2011-04-21T09:17:51","guid":{"rendered":"http:\/\/www.ladislavjakl.cz\/?p=944"},"modified":"2011-04-21T10:17:51","modified_gmt":"2011-04-21T09:17:51","slug":"l-j-na-ct-24-o-aktualni-vladni-krizi","status":"publish","type":"post","link":"https:\/\/www.ladislavjakl.cz\/?p=944","title":{"rendered":"L. J. na \u010cT 24 o aktu\u00e1ln\u00ed vl\u00e1dn\u00ed krizi"},"content":{"rendered":"<p style=\"margin-right: 15pt;\"><strong><span style=\"font-family: &quot;Arial&quot;,&quot;sans-serif&quot;; color: black;\">\u010cT 24 &#8211; <\/span><\/strong><strong><span style=\"font-family: &quot;Arial&quot;,&quot;sans-serif&quot;;\">Hyde park<span style=\"color: black;\"> <\/span>\u010cas vys\u00edl\u00e1n\u00ed:\u00a019:30:00 <\/span><\/strong><\/p>\n<p><strong><span style=\"font-family: &quot;Arial&quot;,&quot;sans-serif&quot;;\"><!--more--><\/span><\/strong>Moder\u00e1tor (Pavl\u00edna Kvapilov\u00e1):<br \/>\nHezk\u00fd ve\u010der V\u00e1m v\u0161em. Pr\u00e1v\u011b te\u010f za\u010d\u00edn\u00e1 mimo\u0159\u00e1dn\u00fd hyde park \u010cT 24. Pl\u00e1ny pro dne\u0161n\u00ed d\u00edl jsme operativn\u011b zm\u011bnili pot\u00e9, co jsme se dozv\u011bd\u011bli, \u017ee od 19 hodin m\u00e1 znovu jednat K9. A tak budeme spole\u010dn\u011b \u010dekat na v\u00fdstup z t\u00e9to kl\u00ed\u010dov\u00e9 sch\u016fzky. Den, kdy prezident V\u00e1clav Klaus odkryl svou strategii pro n\u00e1sleduj\u00edc\u00ed hodiny a dny, den, kdy po dlouh\u00e9m \u010dek\u00e1n\u00ed Alexandr Vondra nab\u00eddl k dispozici, den kdy jsme se dozv\u011bd\u011bli, \u017ee v byt\u011b Krist\u00fdny Ko\u010d\u00ed, m\u011blo b\u00fdt odposlouch\u00e1vac\u00ed za\u0159\u00edzen\u00ed. Tak, to jsou dal\u0161\u00ed st\u0159\u00edpky p\u0159\u00edb\u011bhu, kter\u00fdm v posledn\u00ed dob\u011b \u017eije \u010cR. No a i dnes ve\u010der o tom budeme debatovat s V\u00e1mi, i s mnoha na\u0161imi hosty. Pokusili jsme se b\u011bhem kr\u00e1tk\u00e9 doby zajistit co nejsiln\u011bj\u0161\u00ed sestavu pro ten dne\u0161n\u00ed ve\u010der. Tak\u017ee jak\u00e1 jm\u00e9na V\u00e1s \u010dekaj\u00ed? Tom\u00e1\u0161 Hal\u00edk, filosof a teolog., p\u016fvodn\u011b avizovan\u00fd host. Dopln\u00ed ho, mimo jin\u00e9 Ladislav Jakl, \u0159editel politick\u00e9ho odboru prezidentsk\u00e9 kancel\u00e1\u0159e, kter\u00fd by m\u011bl vstoupit z pra\u017esk\u00e9ho Kl\u00e1rova. Z Kl\u00e1rdifu Ji\u0159\u00ed K\u0159iv\u00e1\u0148, profesor na K\u00e1rdyflos cool, jeden z na\u0161ich nejv\u011bt\u0161\u00edch expert\u016f na \u00fastavn\u00ed pr\u00e1vo. Jaroslav N\u00fdl za byznys, prezident Svazu pr\u016fmyslu a dopravy. Martina Lustigov\u00e1, analyti\u010dka \u010cT, Georg Mese\u017enikov, politolog z institutu pro ve\u0159ejn\u00e9 ot\u00e1zky, p\u0159elo\u017eeno do \u010de\u0161tiny, to je slovensk\u00fd institut v Bratislav\u011b. Abychom porovnali tu \u010deskou a slovenskou politickou sc\u00e9nu, proto\u017ee ob\u011b na\u0161e vl\u00e1dy jsou prakticky stejn\u011b star\u00e9. Tolik tedy nam\u00e1tkou z toho, co n\u00e1\u0161 \u010dek\u00e1. Samoz\u0159ejm\u011b budeme reagovat podle toho v\u0161eho, co se bude d\u00edt. Zp\u016fsob, jak vstoupit do dne\u0161n\u00edho Hyde parku, je stejn\u00fd jako v\u017edycky. www.hdyparkct24.cz, to je na\u0161e adresa, kde najdete standardn\u00ed mechanismy. Poj\u010fme si ale te\u010f nejd\u0159\u00edv zrekapitulovat ve zkratce posledn\u00ed ud\u00e1losti, tedy ty dne\u0161n\u00ed. Je 12 hodin, poledne a na Pra\u017esk\u00e9m hrad\u011b vystupuje prezident V\u00e1clav Klaus.<\/p>\n<p>Host (V\u00e1clav Klaus, prezident republiky):<br \/>\nCht\u011bl bych ubezpe\u010dit ka\u017ed\u00e9ho, ve\u0159ejnost i politiky, \u017ee rozum\u00edm sv\u00fdm \u00fastavn\u00edm povinnostem ohledn\u011b jmenov\u00e1n\u00ed demise, p\u0159\u00edpadn\u011b odvol\u00e1v\u00e1n\u00ed vl\u00e1dy, \u010di jej\u00edch jednotliv\u00fdch \u010dlen\u016f. A jist\u011b budu tyto sv\u00e9 \u00fastavn\u00ed povinnosti dodr\u017eovat. Nicm\u00e9n\u011b, ne\u017e p\u0159ijmu demisi, \u010di demise, nebo ne\u017e vyd\u00e1m rozhodnut\u00ed o odvol\u00e1n\u00ed toho, \u010di onoho ministra, budu vy\u017eadovat pl\u00e1n, projekt, z\u00e1m\u011br, dal\u0161\u00edho fungov\u00e1n\u00ed vl\u00e1dy \u010cR od p\u0159edsedy vl\u00e1dy. M\u00fdm z\u00e1jmem je nedopustit, abychom se pustili do neorganizovan\u00e9ho chaotick\u00e9ho procesu. Tak\u017ee mo\u017en\u00e1 aby to bylo \u00fapln\u011b jasn\u00e9 a nebyly n\u011bjak\u00e9 desinformace, tak zopakuji kl\u00ed\u010dovou v\u011btu tohoto m\u00e9ho prohl\u00e1\u0161en\u00ed, ne\u017e p\u0159ijmu demisi, \u010di demise, nebo ne\u017e vyd\u00e1m rozhodnut\u00ed o odvol\u00e1n\u00ed toho, \u010di onoho ministra, budu cht\u00edt m\u00edt na stole pl\u00e1n dal\u0161\u00edho fungov\u00e1n\u00ed vl\u00e1dy \u010cR.<\/p>\n<p>Moder\u00e1tor (Pavl\u00edna Kvapilov\u00e1):<br \/>\nJasn\u00e1 slova prezidenta republiky. Jak to bylo d\u00e1l? 15:00, na \u010cT 24 sledujeme \u017eiv\u011b ministra Vondru, kter\u00fd je u\u017e n\u011bkolik t\u00fddn\u016f pod tlakem kv\u016fli kauze Promopro.<\/p>\n<p>Host (Alexandr Vondra \/ODS\/, ministr obrany):<br \/>\nSamoz\u0159ejm\u011b jsem si v\u011bdom toho, \u017ee m\u011b st\u00e1l\u00fd tlak v posledn\u00edch m\u011bs\u00edc\u00edch osobn\u011b oslaboval a podkop\u00e1val moje reformn\u00ed \u00fasil\u00ed. M\u00edsto toho, abych jako ministr obrany obhajoval z\u00e1sadn\u00ed zm\u011bny ve sv\u00e9m resortu, tak se ze m\u011b st\u00e1val jak\u00fdsi mistr sebeobrany. Co\u017e byl jist\u011b z\u00e1jem v\u0161ech t\u011bch, kter\u00fdm se mnou prosazovan\u00e9 \u00fasil\u00ed nel\u00edb\u00ed. I p\u0159es v\u00fd\u0161e \u0159e\u010den\u00e9, jsem se dnes rozhodnul a te\u010f upozor\u0148uji na p\u0159esn\u011b to, co \u0159\u00edk\u00e1m, rozhodnul jsem se nab\u00eddnout svou pozici, pln\u011b k dispozici p\u0159edsedovi vl\u00e1dy, abych nebr\u00e1nil \u0161ir\u0161\u00edm zm\u011bn\u00e1m v cel\u00e9 vl\u00e1d\u011b a umo\u017enil dal\u0161\u00ed fungov\u00e1n\u00ed trojkoali\u010dn\u00edho kabinetu. Nem\u016f\u017eeme se tv\u00e1\u0159\u00ed tv\u00e1\u0159 p\u00e1du dal\u0161\u00edch a dal\u0161\u00edch ekonomik v Evrop\u011b a st\u00e1le se prohlubuj\u00edc\u00edmu rozpo\u010dtu \u010cR, zaseknout na person\u00e1ln\u00edch ot\u00e1zk\u00e1ch t\u00e9to vl\u00e1dy. Tato vl\u00e1da nesm\u00ed b\u00fdt ani o pravdiv\u00fdch, ano o vykonstruovan\u00fdch kauz\u00e1ch, \u010di kauzi\u010dk\u00e1ch, ani o vztaz\u00edch mezi jednotliv\u00fdmi ministry, ale o reform\u00e1ch, kter\u00e9 tato zem\u011b nutn\u011b pot\u0159ebuje.<\/p>\n<p>Moder\u00e1tor (Pavl\u00edna Kvapilov\u00e1):<br \/>\nJe odpoledn\u011b po vystoupen\u00ed Alexandra Vondry logicky v\u0161ichni \u010dekaj\u00ed na dal\u0161\u00ed krok. Co na to v\u0161echno \u0159ekne TOP 09?<\/p>\n<p>Host (Petr Gazd\u00edk \/TOP 09 &#8211; STAN\/, p\u0159edseda poslaneck\u00e9ho klubu):<br \/>\nPoslaneck\u00fd klub TOP 09 a starostov\u00e9 je p\u0159esv\u011bd\u010den, \u017ee program sou\u010dasn\u00e9 vl\u00e1dy je programem rozvoje a prosperity \u010cR. A u\u010din\u00edme v\u0161e proto, aby tento program byl napln\u011bn. Poslaneck\u00fd klub TOP 09 a starostov\u00e9, pln\u011b podporuje p\u0159edsedu vl\u00e1dy Petra Ne\u010dase v person\u00e1ln\u00edch n\u00e1vrz\u00edch, kter\u00e9 dnes p\u0159edlo\u017eil prezident republiky. Poslaneck\u00fd klub d\u00e1le zd\u016fraz\u0148uje, \u017ee TOP 09 a starostov\u00e9, jsou jedinou koali\u010dn\u00ed frakc\u00ed, kter\u00e1 netrp\u00ed \u017e\u00e1dn\u00fdm korup\u010dn\u00edm skand\u00e1lem. Je proto p\u0159esv\u011bd\u010den, \u017ee person\u00e1ln\u00ed zm\u011bny ve vl\u00e1d\u011b, se ministr\u016f z klubu TOP 09 a starostov\u00e9 net\u00fdkaj\u00ed. Poslaneck\u00fd kub TOP 09 a starostov\u00e9 pln\u011b podporuje sv\u00e9 ministry v jejich reformn\u00edm \u00fasil\u00ed.<\/p>\n<p>Moder\u00e1tor (Pavl\u00edna Kvapilov\u00e1):<br \/>\nTak, takto jsou tedy rozdan\u00e9 pozice jednotliv\u00fdch vl\u00e1dn\u00edch stran po dne\u0161n\u00edm odpoledni. V\u0161echny vl\u00e1dn\u00ed strany, jejich z\u00e1stupci, jejich hlavn\u00ed reprezentanti se, jak jsme u\u017e \u0159\u00edkali, se\u0161li v 19 hodin na K9 my budeme pr\u00e1v\u011b dnes ve\u010der \u010dekat, jak to tam dopadne. Jestli dojde k n\u011bjak\u00e9mu posunu a dozv\u00edme se n\u011bco z\u00e1sadn\u011bj\u0161\u00edho o tom, jak by m\u011bly p\u0159\u00edpadn\u011b tedy vypadat dal\u0161\u00ed kroky. Mezi t\u00edm ov\u0161em p\u0159i\u0161ly dal\u0161\u00ed informace o tom, \u017ee v byt\u011b Krist\u00fdny Ko\u010d\u00ed m\u011blo b\u00fdt \u00fadajn\u011b odposlouch\u00e1vac\u00ed za\u0159\u00edzen\u00ed. To v\u0161echno samoz\u0159ejm\u011b vzbudilo dal\u0161\u00ed rozruch. Eva Davidov\u00e1, na\u0161e kolegyn\u011b to sleduje na m\u00edst\u011b u inkriminovan\u00e9ho domu. Tak\u017ee Evo, my se pt\u00e1me, co pro tuto chv\u00edli o t\u00e9to z\u00e1le\u017eitosti v\u00edme?<\/p>\n<p>\u017div\u00fd vstup, Eva Davidov\u00e1, \u010cT, redaktorka \u010cT, Praha:<br \/>\nP\u011bkn\u00fd ve\u010der. Tak my v\u00edme, \u017ee Krist\u00fdna Ko\u010d\u00ed m\u011bla indicie o tom, \u017ee je odposlouch\u00e1v\u00e1na, je sledov\u00e1na, konkr\u00e9tn\u011b tvrd\u00ed, \u017ee je v\u011bd\u011bla, \u017ee n\u011bkdo odposlouch\u00e1v\u00e1 jej\u00ed mobiln\u00ed telefon. Proto se p\u0159ed t\u0159emi dny najala soukromou detektivn\u00ed agenturu. Detektivov\u00e9 dnes pozd\u011b odpoledne p\u0159ijeli do jej\u00edho bytu a na\u0161li opravdu aktivn\u00ed odposlouch\u00e1vac\u00ed za\u0159\u00edzen\u00ed. Ta \u0161t\u011bnice byla mali\u010dk\u00e1. Byla schovan\u00e1 uvnit\u0159 ve sk\u0159\u00edni, kdy byly taky \u0161perky a n\u011bjak\u00e9 oble\u010den\u00ed. Nicm\u00e9n\u011b Krist\u00fdna Ko\u010d\u00ed tvrd\u00ed, \u017ee byla necel\u00e9 dva metry od jej\u00ed postele a pova\u017euje to cel\u00e9 za bezprecedentn\u00ed \u00fatok do sv\u00e9ho soukrom\u00ed. Objevil tam sice jej\u00ed p\u0159\u00edtel tuhle \u0161t\u011bnici, nicm\u00e9n\u011b policist\u00e9 jsou st\u00e1le je\u0161t\u011b na m\u00edst\u011b. Prohled\u00e1vaj\u00ed jej\u00ed byt, proto\u017ee zat\u00edm nen\u00ed jasn\u00e9, jestli v jej\u00edm byt\u011b nemohou b\u00fdt tak\u00e9 n\u011bjak\u00e1 podobn\u00e1 dal\u0161\u00ed za\u0159\u00edzen\u00ed. N\u00e1m se poda\u0159ilo zjistit, \u017ee byt, kde Krist\u00fdna Ko\u010d\u00ed u\u017e dva m\u011bs\u00edce bydl\u00ed, je nejsp\u00ed\u0161 v majetku Ministerstva pro m\u00edstn\u00ed rozvoj. Nicm\u00e9n\u011b zat\u00edm to nem\u00e1me potvrzeno. Sly\u0161ela jsem, \u017ee je to ubytovna pro zam\u011bstnance Ministerstva. Tak\u017ee i tuhle skute\u010dnost potvrzujeme. Byl tady i Stanislav Huml, dal\u0161\u00ed z v uvozovk\u00e1ch rebel\u016f VV, kter\u00fd si tak\u00e9 nechal prohledat sv\u016fj byt. Nicm\u00e9n\u011b tam detektivov\u00e9 nic nena\u0161li. A za \u00fa\u010dasti Policie bude z\u00edtra prohled\u00e1n byt tak\u00e9 t\u0159et\u00edho z odpadl\u00edk\u016f Jaroslava \u0160k\u00e1rky. To jsou zat\u00edm informace, kter\u00e9 m\u00e1me z m\u00edsta.<\/p>\n<p>Moder\u00e1tor (Pavl\u00edna Kvapilov\u00e1):<br \/>\nAno, my Evo d\u011bkujeme. Ur\u010dit\u011b se je\u0161t\u011b za tebou vr\u00e1t\u00edme, pokud to bude opodstatn\u011bn\u00e9 a dozv\u00edme se n\u011bco v\u00edce o tomto mal\u00e9m takov\u00e9m mikrop\u0159\u00edb\u011bhu, kter\u00fd je sou\u010d\u00e1st\u00ed toho v\u0161eho. Martina Lustygov\u00e1, analyti\u010dka \u010cT a avizovan\u00fd host p\u016fvodn\u00ed dne\u0161n\u00edho Hyde parku, profesor Tom\u00e1\u0161 Hal\u00edk, katolick\u00fd kn\u011bz, teolog, filosof, dobr\u00fd ve\u010der,<\/p>\n<p>Host (Tom\u00e1\u0161 Hal\u00edk, filosof, teolog):<br \/>\nDobr\u00fd ve\u010der<\/p>\n<p>Moder\u00e1tor (Pavl\u00edna Kvapilov\u00e1):<br \/>\nPane Hal\u00edku, jak to v\u0161echno vn\u00edm\u00e1te? Nad \u010d\u00edm krout\u00ed hlavou cel\u00fd n\u00e1rod u\u017e n\u011bkolik dn\u00ed.<\/p>\n<p>Host (Tom\u00e1\u0161 Hal\u00edk, filosof, teolog):<br \/>\nJako dobrodru\u017en\u00fd film. Je to velik\u00e1 krize. Je to krize nejenom vl\u00e1dy, je to krize toho nejd\u016fle\u017eit\u011bj\u0161\u00edho kapit\u00e1lu, kter\u00fd demokracie m\u00e1. A to je kapit\u00e1l d\u016fv\u011bry. J\u00e1 si mysl\u00edm, \u017ee praskaj\u00ed v\u0159edy. A z toho vyt\u00e9k\u00e1 hnis. Ale ka\u017ed\u00e1 krize je z\u00e1rove\u0148 taky \u0161ance. A j\u00e1 mysl\u00edm, \u017ee bude stra\u0161n\u011b z\u00e1le\u017eet na tom, jestli ti, kte\u0159\u00ed budou m\u00edt mo\u017enost reagovat na t\u00e9 politick\u00e9 sc\u00e9n\u011b, se skute\u010dn\u011b pokus\u00ed ten hnis vyma\u010dkat anebo jestli ten hnis zaplav\u00ed \u010deskou politickou sc\u00e9nu.<\/p>\n<p>Moder\u00e1tor (Pavl\u00edna Kvapilov\u00e1):<br \/>\nTak to byl v\u00fdkop do dne\u0161n\u00edho d\u00edlu. Martina Lustigov\u00e1, jak \u010dte ty nejnov\u011bj\u0161\u00ed zpr\u00e1vy z dne\u0161n\u00edho dne. Martino, co m\u016f\u017eeme o\u010dek\u00e1vat od t\u00e9 K9?<\/p>\n<p>Host (Martina Lustigov\u00e1, analyti\u010dka \u010cesk\u00e9 televize):<br \/>\nTak katy p\u0159ed K9 byly jasn\u011b rozd\u00e1ny. Tos te\u010f Pavlo p\u0159ipomn\u011bla. Ale mus\u00edme \u010dekat na to, jak K9 dopadne a jak strany p\u0159istoup\u00ed nap\u0159\u00edklad k avizovan\u00e9mu mo\u017en\u00e9mu odchodu Alexandra Vondry. Jestli to uspokoj\u00ed VV a st\u00e1hnou t\u0159eba po\u017eadavek na odchod Ivana Fuksy, dal\u0161\u00edho ministra, kter\u00e9ho oni by r\u00e1di.<\/p>\n<p>Moder\u00e1tor (Pavl\u00edna Kvapilov\u00e1):<br \/>\nTo znamen\u00e1, \u017ee mysl\u00ed\u0161, \u017ee by mohl b\u00fdt t\u0159eba i n\u011bjak\u00fd kompromis?<\/p>\n<p>Host (Martina Lustigov\u00e1, analyti\u010dka \u010cesk\u00e9 televize):<br \/>\nTo m\u016f\u017ee b\u00fdt kompromis, ale na druhou stranu tady nen\u00ed kompromis ze strany Top 09. TOP 09 stoj\u00ed za sv\u00fdmi ministry a stoj\u00ed za Miroslavem Kalouskem.<\/p>\n<p>Moder\u00e1tor (Pavl\u00edna Kvapilov\u00e1):<br \/>\nPane Hal\u00edku, Pavel R\u016f\u017ei\u010dka, kdy\u017e hned vyst\u0159el\u00edm jednu z div\u00e1ck\u00fdch ot\u00e1zek, co si mysl\u00edte o panu B\u00e1rtovi?<\/p>\n<p>Host (Tom\u00e1\u0161 Hal\u00edk, filosof, teolog):<br \/>\nJ\u00e1 si mysl\u00edm, \u017ee tady p\u0159edvedl n\u011bco, co tady skute\u010dn\u011b v t\u00e9hle t\u00e9 podob\u011b je\u0161t\u011b nebylo. Pokus vlastn\u011b zalo\u017eit p\u0159i soukrom\u00e9 bezpe\u010dnostn\u00ed agentu\u0159e jako takovou speci\u00e1ln\u00ed divizi politickou stranu. P\u0159iv\u00e9st tam velk\u00fd kapit\u00e1l pen\u011bz, vycouvat z t\u00e9 bezpe\u010dnostn\u00ed agentury a d\u00e1t do \u010dela zn\u00e1mou medi\u00e1ln\u00ed tv\u00e1\u0159 komer\u010dn\u00ed televize, p\u00e1r blond\u00fdnek, kr\u00e1sn\u00e9 heslo boje s korupc\u00ed. Ale vlastn\u011b tahleta taktika, kterou sledoval z\u0159ejm\u011b dlouhodob\u011b, tam ohromn\u011b vych\u00e1zela. Nejprve dobyly to nejd\u016fle\u017eit\u011bj\u0161\u00ed pro n\u011b Ministerstvo, Ministerstvo vnitra, Policii, odkud by hrozilo nejv\u011bt\u0161\u00ed nebezpe\u010d\u00ed. To, \u017ee lid\u00e9 spojeni se soukromou bezpe\u010dnostn\u00ed agenturou dostanu do sv\u00e9 re\u017eie St\u00e1tn\u00ed policii, to j n\u011bco o \u010dem se mnoh\u00fd agentur\u00e1m ve sv\u011bt\u011b zd\u00e1. Ale \u010cesk\u00e1 republika je mysl\u00edm jedin\u00e1 zem\u011b na planet\u011b, kde se to poda\u0159ilo. Samoz\u0159ejm\u011b, \u017ee to ud\u011blali natolik chyt\u0159e, \u017ee do toho \u010dela postavili toho \u010dlov\u011bka z Televize, kter\u00fd form\u00e1ln\u011b nem\u00e1 nic spole\u010dn\u00e9ho s agenturou. A defakto ji \u0159\u00eddil ten vlastn\u011b otec zakladatel t\u00e9 agentury V\u00edt B\u00e1rta. J\u00e1 si mysl\u00edm, \u017ee je to inteligentn\u00ed \u010dlov\u011bk. Jist\u011b i na tom Ministerstvu d\u011blal n\u011bkter\u00e9 zaj\u00edmav\u00e9 a \u00fasp\u011b\u0161n\u00ed v\u011bci. Ale celkov\u011b tento pl\u00e1n zcela cynick\u00e9ho spojen\u00ed podnikatelsk\u00e9ho subjektu s politickou stranou, nav\u00edc jaksi s heslem boje proti korupci, to je skute\u010dn\u011b n\u00f3vum. A j\u00e1 si mysl\u00edm, \u017ee tito lid\u00e9 si neuv\u011bdomuj\u00ed, jak dalece tu celkovou politickou garnituru po\u0161kodili. Nav\u00edc do pozice Ministerstva \u0161kolstv\u00ed, ministra \u0161kolstv\u00ed postavili \u010dlov\u011bka absolutn\u011b nekompetentn\u00edho, kter\u00fd tam d\u011blal jeden zmatek, jeden skand\u00e1l za druh\u00fdm. V oblasti, kter\u00e1 je tak stra\u0161n\u011b d\u016fle\u017eit\u00e1, reforma \u0161kolstv\u00ed, a obklopil se velmi podivn\u00fdmi lidmi. Tohleto skute\u010dn\u011b mus\u00ed p\u0159estat. A j\u00e1 si mysl\u00edm, \u017ee je dob\u0159e, \u017ee se premi\u00e9r tak\u0159\u00edkaj\u00edc pochlapil a ten jeho po\u017eadavek odchodu t\u011bchto ministr\u016f z vl\u00e1dy, je mysl\u00edm naprosto legitimn\u00ed a z n\u011bho nem\u016f\u017ee ustoupit.<\/p>\n<p>Moder\u00e1tor (Pavl\u00edna Kvapilov\u00e1):<br \/>\nNicm\u00e9n\u011b, je\u0161t\u011b tedy budeme muset po\u010dat, cos e z toho v\u0161echno vyvrb\u00ed, jak se to bude postupn\u011b odkr\u00fdvat, jak\u00e9 hry za t\u00edm teoreticky mohou b\u00fdt. A podobn\u011b. Jinak, tady byla dal\u0161\u00ed ot\u00e1zka, kter\u00e1 v podstat\u011b od Pavla Mi\u010dudy navazovala na to, co bylo \u0159e\u010deno. S dov\u011btkem, jestli je pro V\u00e1s V\u00edt B\u00e1rta d\u016fv\u011bryhodn\u00fd. Kdy\u017e to roz\u0161\u00ed\u0159\u00edme, pane profesore, Vy m\u00e1te zku\u0161enosti i psychologick\u00e9, praktick\u00e9 i teoretick\u00e9 z Va\u0161\u00ed dlouh\u00e9 \u017eivotn\u00ed kari\u00e9ry. Kdy\u017e se d\u00edv\u00e1me pr\u00e1v\u011b na v\u0161echny ty akt\u00e9ry, kter\u00e9 tady pozorujeme, a je z\u0159ejm\u00e9, \u017ee n\u011bkdo z nich asi mus\u00ed lh\u00e1t. Jak to \u010dtete, pr\u00e1v\u011b coby psycholog?<\/p>\n<p>Host (Tom\u00e1\u0161 Hal\u00edk, filosof, teolog):<br \/>\nTak samoz\u0159ejm\u011b je to z velk\u00e9 \u010d\u00e1sti intuice nebo vyhodnocen\u00ed informac\u00ed, kter\u00e9 m\u00e1m v\u00edce m\u00e9n\u011b z tisku, z m\u00e9di\u00ed. J\u00e1 do t\u011bch v\u011bc\u00ed, do z\u00e1kulis\u00ed nevid\u00edm. Ale pan B\u00e1rta pro m\u011b skute\u010dn\u011b nen\u00ed v\u011brohodn\u00fd typ \u010dlov\u011bka. J\u00e1 bych ale tak\u00e9 \u00fapln\u011b nev\u011b\u0159il t\u011bm, kte\u0159\u00ed se v t\u00e9 stran\u011b postavili proti n\u011bmu. To, \u017ee d\u00e1val jak\u00e9si d\u00e1re\u010dky chud\u00fdm poslanc\u016fm a p\u016fj\u010doval jim n\u011bco, co oni vlastn\u011b necht\u011bli a nepot\u0159ebovali, a to takovouhle formou. Ani\u017e by jaksi podepsali jak\u00e9koliv prohl\u00e1\u0161en\u00ed, jak\u00e9koliv potvrzen\u00ed, to je mysl\u00edm poh\u00e1dka, kterou tro\u0161ku ur\u00e1\u017e\u00ed inteligenci lid\u00ed, kter\u00fdm to p\u0159edkl\u00e1d\u00e1. Na druh\u00e9 stran\u011b ale ani ti vzbou\u0159enci, v kter\u00fdch se jaksi hnulo sv\u011bdom\u00ed, pro m\u011b nejsou \u00fapln\u011b v\u011brohodn\u00ed. Zat\u00edm to t\u0159eba za pana Mich\u00e1lka, na kter\u00e9ho jsem se velmi dob\u0159e informoval i v jeho okol\u00ed, bych asi dal ruku do ohn\u011b. Za tyto lidi bych ruku do ohn\u011b nedal. Mysl\u00edm si, \u017ee tam skute\u010dn\u011b se rozehr\u00e1vaj\u00ed v\u0161elijak\u00e9 hr\u00e1tky. Ale nemysl\u00edm si, \u017ee by pan B\u00e1rta a cel\u00e1 tahleta jeho instituce, si zaslou\u017eila d\u016fv\u011bru.<\/p>\n<p>Moder\u00e1tor (Pavl\u00edna Kvapilov\u00e1):<br \/>\nAno, d\u00edky za tuto odpov\u011b\u010f. My u\u017e te\u010f m\u016f\u017eeme p\u0159iv\u00edtat, v dne\u0161n\u00edm mimo\u0159\u00e1dn\u00e9m Hyde parku, kter\u00fd \u010dek\u00e1 na v\u00fdsledek K9 Ladislava Jakla, jednoho z prezidentov\u00fdch mu\u017e\u016f tak\u0159\u00edkaj\u00edc. Dobr\u00fd ve\u010der, pane Jakle, d\u011bkujeme, \u017ee jste pozitivn\u011b odpov\u011bd\u011bl na na\u0161i \u017e\u00e1dost o vystoupen\u00ed v Hyde parku. Hezk\u00fd ve\u010der.<\/p>\n<p>Host (Ladislav Jakl, \u0159editel politick\u00e9ho odboru prezidentsk\u00e9 kancel\u00e1\u0159e):<br \/>\nDobr\u00fd ve\u010der.<\/p>\n<p>Moder\u00e1tor (Pavl\u00edna Kvapilov\u00e1):<br \/>\nPan prezident n\u00e1m odpoledne \u0159ekl, \u017ee jeho neklid a nejistota nar\u016fst\u00e1. Pro\u010d zejm\u00e9na?<\/p>\n<p>Host (Ladislav Jakl, \u0159editel politick\u00e9ho odboru prezidentsk\u00e9 kancel\u00e1\u0159e):<br \/>\nV\u00edte, posledn\u00edho t\u0159i \u010dtvrt\u011b roku u n\u00e1s vl\u00e1dne vl\u00e1dn\u00ed koalice. Ale nen\u00ed zcela samoz\u0159ejm\u00e9, \u017ee vl\u00e1dne zrovna tato koalice. Ani jedna ze stran vl\u00e1dn\u00ed koalice nevyhr\u00e1la volby. \u010cili nen\u00ed \u017e\u00e1dnou samoz\u0159ejmost\u00ed, \u017ee premi\u00e9r je zrovna ze strany, ze kter\u00e9 je a \u017ee koalici tvo\u0159\u00ed zrovna tato trojice. To, \u017ee m\u00e1me zrovna tuto vl\u00e1dn\u00ed koalici a ne jinou, t\u0159eba za \u00fa\u010dasti vize voleb \u010cSSD. To je t\u00edm, \u017ee tyto t\u0159i strany byly schopny velmi rychle po volb\u00e1ch uzav\u0159\u00edt dohodu, uzav\u0159\u00edt koali\u010dn\u00ed smlouvu, kter\u00e1 zaru\u010dovala, \u017ee vl\u00e1du, kterou by tato koalice sestavila, z\u00edsk\u00e1 celkem bez probl\u00e9m\u016f v Poslaneck\u00e9 sn\u011bmovn\u011b jasnou v\u011bt\u0161inu 118 hlas\u016f. A proto tak\u00e9 prezident republiky na z\u00e1klad\u011b t\u00e9to dohody, t\u00e9to smlouvy jmenoval tuto vl\u00e1du. Nyn\u00ed je mnoho d\u016fvod\u016f se domn\u00edvat, \u017ee tato koali\u010dn\u00ed smlouva je zpochybn\u011bna. Mo\u017en\u00e1 u\u017e d\u00e1vno zru\u0161ena, poru\u0161ena, zmuchl\u00e1na a zahozena. To my p\u0159esn\u011b nev\u00edme. V ka\u017ed\u00e9m p\u0159\u00edpad\u011b je minim\u00e1ln\u011b zpochybn\u011bna. A mysl\u00edm, \u017ee je velmi legitimn\u00ed, kdy\u017e se pan prezident pt\u00e1, jak to vlastn\u011b je. Tak na z\u00e1klad\u011b t\u011bch n\u011bkter\u00fdch hodn\u011b ostr\u00fdch ultimativn\u00edch po\u017eadavk\u016f z r\u016fzn\u00fdch sm\u011br\u016f, z r\u016fzn\u00fdch stran, jak jsme je sly\u0161eli za posledn\u00ed v\u00edkend, tak je to je\u0161t\u011b koalice, plat\u00ed je\u0161t\u011b koali\u010dn\u00ed smlouva, nebo ne. A v tom p\u0159\u00edpad\u011b jak z p\u0159\u00edpadn\u00e9 n\u00e1hrady lze odvodit jistotu nebo vysokou pravd\u011bpodobnost, \u017ee budeme m\u00edt i nad\u00e1le stabiln\u00ed vl\u00e1du. To jsou si mysl\u00edm velmi o\u010dek\u00e1vateln\u00e9 a legitimn\u00ed po\u017eadavky pana prezidenta co se t\u00fdkaj\u00ed legitimity a co se t\u00fdk\u00e1 zdrav\u00e9ho rozumu, prezident republiky v podobn\u00fdch chv\u00edl\u00edch za posledn\u00edch osm let v\u017edy po\u017eadoval p\u0159ed hlasov\u00e1n\u00edm o d\u016fv\u011b\u0159e, nebo p\u0159ed podobnou kritickou situac\u00ed, jasn\u00e9 slovo. Tak kdo bude hlasovat pro tento koncept, kdo podpo\u0159\u00ed tuto vl\u00e1du, na z\u00e1klad\u011b jak\u00e9 dohody? To te\u010f \u00fapln\u011b nen\u00ed jasn\u00e9. Bu\u010f n\u011bkte\u0159\u00ed, kte\u0159\u00ed vyvolali ty n\u011bkter\u00e9 kroky z t\u011bch posledn\u00edch dn\u016f, v\u016fbec nemaj\u00ed jasno a riskuj\u00ed a hraj\u00ed vabank. A prezident republiky m\u00e1 tro\u0161ku v tom \u00fastavn\u00edm syst\u00e9mu jin\u00e9 \u00fakoly. On m\u00e1 pe\u010dovat o politickou stabilitu a nem\u00e1 se nech\u00e1vat zat\u00e1hnout do her vabank s nejasn\u00fdm koncem, kde dal\u0161\u00ed krok povede mo\u017en\u00e1 do pr\u00e1zdna. Anebo mo\u017en\u00e1 n\u011bkdo chce vyvolat divok\u00e9 hlasov\u00e1n\u00ed mo\u017en\u00e1 o d\u016fv\u011b\u0159e, jeho\u017e v\u00fdsledek by byl obrazem mo\u017en\u00e1 n\u011bjak\u00fdch pokoutn\u00fdch dohod s p\u0159eb\u011bhl\u00edky, nebo komunisty, nebo nev\u00edme s k\u00fdm. Proto ten po\u017eadavek, \u017ee ud\u011bl\u00e1 dal\u0161\u00ed sv\u00e9 \u00fastavn\u00ed kroky. To znamen\u00e1, p\u0159ijme p\u0159\u00edpadn\u00e9 demise, nebo n\u00e1vrhy na odvol\u00e1n\u00ed ministr\u016f. A\u017e pot\u00e9, co dostane od politick\u00e9 sc\u00e9ny v tuto chv\u00edli, od koalice, n\u011bjakou jasnou z\u00e1ruku, \u017ee se na n\u011b\u010dem dohodli, \u017ee tady m\u00e1me n\u011bjak\u00e9 \u0159e\u0161en\u00ed. O podob\u011b toho \u0159e\u0161en\u00ed pan prezident ne\u0159\u00edk\u00e1 v\u016fbec nic a neklade si v tomto smyslu \u017e\u00e1dn\u00e9 podm\u00ednky.<\/p>\n<p>Moder\u00e1tor (Pavl\u00edna Kvapilov\u00e1):<br \/>\nJen chce v\u011bd\u011bt, co bude prost\u011b d\u00e1l. Ano.<\/p>\n<p>Host (Ladislav Jakl, \u0159editel politick\u00e9ho odboru prezidentsk\u00e9 kancel\u00e1\u0159e):<br \/>\nA chce ur\u010dit\u00e9 uji\u0161t\u011bn\u00ed, \u017ee v\u011bd\u00ed v\u0161ichni, jak\u00e9 budou jejich dal\u0161\u00ed kroky.<\/p>\n<p>Moder\u00e1tor (Pavl\u00edna Kvapilov\u00e1):<br \/>\nAno. Po\u010dkejte pros\u00edm s n\u00e1mi. Jenom popros\u00edm te\u010f Martinu, aby n\u00e1m \u0159ekla, kdy\u017e nahl\u00e9dneme do \u00fastavy, co ta doslova a do p\u00edsmene \u0159\u00edk\u00e1 o t\u00e9to situaci?<\/p>\n<p>Host (Martina Lustigov\u00e1, analyti\u010dka \u010cesk\u00e9 televize):<br \/>\nDoslova a do p\u00edsmene \u010dl\u00e1nek 74 \u00fastavy \u010cR prezident republiky odvol\u00e1 \u010dlena vl\u00e1dy, jestli\u017ee to navrhne p\u0159edseda vl\u00e1dy. Faktem ale je, \u017ee tam nejsou \u017e\u00e1dn\u00e9 term\u00edny. To znamen\u00e1, \u017ee prezident m\u016f\u017ee m\u00edt n\u011bjak\u00fd \u010das, ne\u0159\u00edk\u00e1m na rozmy\u0161len\u00ed, to ur\u010dit\u011b ne, ale na to, aby zjistil, jak\u00e1 je aktu\u00e1ln\u00ed politick\u00e1 situace.<\/p>\n<p>Moder\u00e1tor (Pavl\u00edna Kvapilov\u00e1):<br \/>\nA proto chci tak\u00e9 podotknout, \u017ee je tam rozd\u00edl pokud pod\u00e1 ten dan\u00fd ministr s\u00e1m demisi, anebo jestli ho chce odvolat p\u0159edseda vl\u00e1dy. Je to tak?<\/p>\n<p>Host (Martina Lustigov\u00e1, analyti\u010dka \u010cesk\u00e9 televize):<br \/>\nP\u0159esn\u011b tak. Pokud ministr pod\u00e1v\u00e1 demisi, tak tam je v\u011bt\u0161\u00ed prostor na n\u011bjak\u00e9 vyjedn\u00e1v\u00e1n\u00ed. I prezident do toho vyjedn\u00e1v\u00e1n\u00ed, samoz\u0159ejm\u011b nen\u00ed to p\u0159esn\u011b d\u00e1no v \u00fastav\u011b, ale mohl by zas\u00e1hnut, mohl by s t\u00edm ministrem mluvit o tom, jak\u00e9 jsou d\u016fvody dan\u00e9 demise. Mohl by vyjedn\u00e1vat i s p\u0159edsedou vl\u00e1dy a tak d\u00e1le. Ale kdy\u017e d\u00e1 p\u0159edseda vl\u00e1dy jasn\u011b najevo, \u017ee dan\u00e9ho ministra prost\u011b nechce, co\u017e je p\u0159\u00edpad, \u017ee navrhne dan\u00e9 odvol\u00e1n\u00ed, tak je ta situace \u00fapln\u011b jasn\u00e1.<\/p>\n<p>Moder\u00e1tor (Pavl\u00edna Kvapilov\u00e1):<br \/>\nVrac\u00edm se tedy znovu na Ladislava Jakla. Pane Jakle, vn\u00edm\u00e1 pan prezident v tomto sm\u011bru n\u011bjak\u00fd rozd\u00edl mezi situac\u00ed V\u00edta B\u00e1rty a t\u011bch dal\u0161\u00edch ministr\u016f za VV?<\/p>\n<p>Host (Ladislav Jakl, \u0159editel politick\u00e9ho odboru prezidentsk\u00e9 kancel\u00e1\u0159e):<br \/>\nPochopiteln\u011b prezident republiky um\u00ed \u010d\u00edst, a tedy um\u00ed \u010d\u00edst i \u00fastavu.<\/p>\n<p>Moder\u00e1tor (Pavl\u00edna Kvapilov\u00e1):<br \/>\nJist\u011b, ale co to znamen\u00e1 p\u0159elo\u017eeno do jeho praktick\u00fdch krok\u016f?<\/p>\n<p>Host (Ladislav Jakl, \u0159editel politick\u00e9ho odboru prezidentsk\u00e9 kancel\u00e1\u0159e):<br \/>\nNepochybn\u011b. Ale v tuto chv\u00edli nen\u00ed v z\u00e1sad\u011b nutno ty p\u0159\u00edpady nijak zvl\u00e1\u0161\u0165 rozli\u0161ovat a vytahovat jednotliv\u00e9 kosti\u010dky z toho syst\u00e9mu. Zvl\u00e1\u0161\u0165 v situaci, kdy sly\u0161\u00edme, \u017ee mo\u017en\u00e1 n\u00e1s \u010dekaj\u00ed je\u0161t\u011b dal\u0161\u00ed demise, nebo odvol\u00e1n\u00ed. D\u016fle\u017eit\u00e9 te\u010f je n\u011bco jin\u00e9ho. Jestli ty kroky, kter\u00e9 te\u010f jsou prezidentovi navrhov\u00e1ny, nemohou v\u00e9st k povalen\u00ed vl\u00e1dy k jej\u00edmu z\u00e1sadn\u00edmu zpochybn\u011bn\u00ed. A tedy prezident se celkem legitimn\u011b pt\u00e1, v\u00edte, co bude d\u00e1l, jak\u00e9 m\u00e1te promy\u0161len\u00e9 dal\u0161\u00ed kroky, pokud m\u011b do toho chcete zat\u00e1hnout.<\/p>\n<p>Moder\u00e1tor (Pavl\u00edna Kvapilov\u00e1):<br \/>\nAno, jsme div\u00e1k\u016f v div\u00e1ck\u00e9m po\u0159adu. Tak\u017ee poj\u010fme na Michala Krajdla. Pane Jakle, pokud toto jedn\u00e1n\u00ed K9 dopadne nedohodou, je schopen V\u00e1clav Klaus toto dne\u0161n\u00ed stanovisko m\u00edst i v p\u0159\u00ed\u0161t\u00edch dnech? Pokud jsou zde strany, kter\u00e9 jsou do sebe zakousl\u00e9 a nebudou schopn\u00e9 dohody, nebylo by lep\u0161\u00ed n\u011bjak\u00e1 reakce na politick\u00e9 sc\u00e9n\u011b, t\u0159eba vysloven\u00ed ned\u016fv\u011bry? To by na jedn\u00e9 stran\u011b p\u0159ineslo posun v t\u00e9to situaci, ale tak\u00e9 komplikace s dal\u0161\u00edm v\u00fdvojem sestaven\u00ed vl\u00e1dy, nebo cestu sou\u010dasn\u00fdch voleb. Jak\u00fd je V\u00e1\u0161 n\u00e1zor? Mo\u017en\u00e1 jin\u00fdmi slovy, kdy\u017e to zjednodu\u0161\u00edme tu ot\u00e1zku, jak to te\u010f vid\u00ed \u010dasov\u011b pan prezident s t\u00edm \u010dek\u00e1n\u00edm na pl\u00e1n B?<\/p>\n<p>Host (Ladislav Jakl, \u0159editel politick\u00e9ho odboru prezidentsk\u00e9 kancel\u00e1\u0159e):<br \/>\nDiv\u00e1k se pt\u00e1 velmi dob\u0159e. Proto\u017ee moment\u00e1ln\u011b nev\u00edme, jak\u00fd bude v\u00fdvoj situace. Ale mo\u017en\u00e1 v tuto chv\u00edli v pond\u011bl\u00ed v p\u016fl osm\u00e9, nebo kolik je, n\u011bkolik des\u00edtek minut, nebo n\u011bkolik hodin po vyjasn\u011bn\u00ed t\u011bch stanovisek, nem\u00e1 cenu ps\u00e1t n\u011bjak\u00e9 katastrofick\u00e9 sc\u00e9n\u00e1\u0159e. K9 jedn\u00e1n\u00ed, jak oni sob\u011b \u0159\u00edkaj\u00ed, \u0161pi\u010dek koali\u010dn\u00edch stran, prob\u00edh\u00e1, nepochybn\u011b bude prob\u00edhat a prezident republiky chce v\u011b\u0159it, \u017ee budou prob\u00edhat zodpov\u011bdn\u011b a \u017ee z nich n\u011bco vypadne.<\/p>\n<p>Moder\u00e1tor (Pavl\u00edna Kvapilov\u00e1):<br \/>\nAno, pov\u011bzte n\u00e1m, jak rychle by si p\u0159edstavoval, \u017ee mu bude p\u0159edstaven ten dal\u0161\u00ed pl\u00e1n?<\/p>\n<p>Host (Ladislav Jakl, \u0159editel politick\u00e9ho odboru prezidentsk\u00e9 kancel\u00e1\u0159e):<br \/>\nPrezident republiky ne\u0159ekl \u017e\u00e1dn\u00e9 limity a asi ani by to nebylo moudr\u00e9 d\u00e1vat n\u016f\u017e na krk zodpov\u011bdn\u00fdm rozumn\u00fdm politik\u016fm a zku\u0161en\u00fdm lidem. Oni pochopiteln\u011b v\u011bd\u00ed, \u017ee ta situace je rozkol\u00edsan\u00e1, nestabiln\u00ed. A vy\u017eaduje n\u011bjak\u00e9 \u0159e\u0161en\u00ed. Je to v z\u00e1jmu v\u0161ech z\u00fa\u010dastn\u011bn\u00fdch stran, aby se na n\u011b\u010dem kone\u010dn\u011b shodli. A jak \u0159\u00edk\u00e1m, prezident ale chce v\u011bd\u011bt, co to bude.<\/p>\n<p>Moder\u00e1tor (Pavl\u00edna Kvapilov\u00e1):<br \/>\nAno. My si vezmeme dal\u0161\u00ed ot\u00e1zku pro V\u00e1s na Chatu. A pod\u00edv\u00e1me se, kdo n\u00e1m ji poslal.<\/p>\n<p>Chat, Golem:<br \/>\n&#8222;Dobr\u00fd den. Mysl\u00edte si, \u017ee nedodr\u017eov\u00e1n\u00ed \u00fastavy a kladen\u00ed si podm\u00ednek ze strany prezidenta, respektive, jeho dlouhodob\u00e9, viz. Lisabonsk\u00e1 smlouva, uzurpov\u00e1n\u00ed si moci, na kterou nem\u00e1 z \u00fastavy pr\u00e1vo, je minim\u00e1ln\u011b stejn\u011b nebezpe\u010dn\u00e9, jako upl\u00e1cen\u00ed politik\u016f?&#8220;<\/p>\n<p>Moder\u00e1tor (Pavl\u00edna Kvapilov\u00e1):<br \/>\nA \u0159eknete n\u00e1m k tomu v\u00edc? Vy \u010dek\u00e1te kritiky, \u017ee prezident, ano, poslouch\u00e1me V\u00e1s.<\/p>\n<p>Host (Ladislav Jakl, \u0159editel politick\u00e9ho odboru prezidentsk\u00e9 kancel\u00e1\u0159e):<br \/>\nPrezident republiky V\u00e1clav Klus nikdy v \u017eivot\u011b \u00fastavu neporu\u0161il, neporu\u0161uje ji ani v tomto p\u0159\u00edpad\u011b. U\u017e v\u016fbec ne u Lisabonsk\u00e9 smlouvy ani v \u017e\u00e1dn\u00fdch jin\u00fdch. \u017de by hlava st\u00e1tu, kter\u00e1 m\u00e1 n\u011bjak\u00e9 \u00fastavn\u00ed povinnosti, \u00fastavn\u00ed \u00fakoly, se nemohla v ur\u010dit\u00fdch z\u00e1sadn\u00edch chv\u00edl\u00edch pt\u00e1t, a d\u00e1vat si n\u011bjak\u00e9 podm\u00ednky, potom za\u0159i\u010fme hlavu st\u00e1tu, jako robota na d\u00e1lkov\u00e9 ovl\u00e1d\u00e1n\u00ed z n\u011bjak\u00e9 kancel\u00e1\u0159e. Nev\u00edm te\u010f p\u0159esn\u011b z kter\u00e9. A nemus\u00ed to b\u00fdt zvolen\u00fd \u017eiv\u00fd politik. A to si mysl\u00edm, \u017ee by mo\u017en\u00e1 byla chyba.<\/p>\n<p>Moder\u00e1tor (Pavl\u00edna Kvapilov\u00e1):<br \/>\nNa\u0161i host\u00e9 Tom\u00e1\u0161 Hal\u00edk a Martina Lustigov\u00e1 mo\u017en\u00e1 koment\u00e1\u0159 k tomuto, proto\u017ee pan Hal\u00edk se tu o\u0161\u00edv\u00e1.<\/p>\n<p>Host (Tom\u00e1\u0161 Hal\u00edk, filosof, teolog):<br \/>\nJ\u00e1 s neo\u0161\u00edv\u00e1m, j\u00e1 se usm\u00edv\u00e1m. J\u00e1 se ob\u00e1v\u00e1m, \u017ee V\u00e1clav Klaus bude podobn\u011b jako v p\u0159\u00edpad\u011b Lisabonsk\u00e9 smlouvy zneu\u017e\u00edvat tuhletu nejasnost v \u00fastav\u011b. A bude se sna\u017eit.<\/p>\n<p>Moder\u00e1tor (Pavl\u00edna Kvapilov\u00e1):<br \/>\nTou nejasnost\u00ed m\u00edn\u00edte vymezen\u00ed \u010dasov\u00e9 lh\u016fty?<\/p>\n<p>Host (Tom\u00e1\u0161 Hal\u00edk, filosof, teolog):<br \/>\nCht\u011bl jsem \u0159\u00edct, kdy p\u0159esn\u011b m\u00e1 ud\u011blat ten krok, kter\u00fd ud\u011blat mus\u00ed. Ob\u00e1val bych se, \u017ee se bude sna\u017eit n\u011bjak\u00fdm zp\u016fsobem toho V\u00edta B\u00e1rtu udr\u017eet ve h\u0159e. Proto\u017ee to byl \u010dlov\u011bk, kter\u00fd mu byl velmi bl\u00edzko, s kter\u00fdm n\u011bjak\u00fdm zp\u016fsobem pravd\u011bpodobn\u011b jsou tro\u0161ku podobn\u00e9 krevn\u00ed skupiny.<\/p>\n<p>Moder\u00e1tor (Pavl\u00edna Kvapilov\u00e1):<br \/>\nMartino!<\/p>\n<p>Host (Martina Lustigov\u00e1, analyti\u010dka \u010cesk\u00e9 televize):<br \/>\nJ\u00e1 mo\u017en\u00e1 jenom k tomu V\u00edtu B\u00e1rtovi. V sobotu odpoledne prezident Klaus pop\u0159el, \u017ee by s V\u00edtem B\u00e1rtou byli p\u0159\u00e1tel\u00e9. M\u011bl u novin\u00e1\u0159\u016f na toto t\u00e9ma \u0159e\u010d a \u0159\u00edkal, \u017ee ho vid\u011bl, a te\u010f m\u011b Pavlo oprav, jestli si to pamatuji dob\u0159e, dvakr\u00e1t v \u017eivot\u011b. Nebo spolu mluvili snad dvakr\u00e1t. A co se t\u00fdk\u00e1 je\u0161t\u011b t\u00e9 \u00fastavy, nebo mysl\u00edm jakoby ten, nemysl\u00edm t\u0159eba jmenov\u00e1n\u00ed vl\u00e1dy a tady ty form\u00e1ln\u00ed v\u011bci, co se t\u00fdk\u00e1 t\u00e9 \u00fastavy, tak mo\u017en\u00e1 to je na politic\u00edch, aby ud\u011blali n\u011bjakou komplexn\u011bj\u0161\u00ed revizi \u00fastavy. Proto\u017ee o tom se u n\u00e1s mluv\u00ed v\u017edycky, kdy\u017e se objev\u00ed n\u011bjak\u00fd probl\u00e9m.<\/p>\n<p>Moder\u00e1tor (Pavl\u00edna Kvapilov\u00e1):<br \/>\nA pak je to na interpretac\u00edch, proto\u017ee samoz\u0159ejm\u011b ka\u017ed\u00fd to vykl\u00e1d\u00e1 jinak.<\/p>\n<p>Host (Martina Lustigov\u00e1, analyti\u010dka \u010cesk\u00e9 televize):<br \/>\nKdy\u017e je klid, tak se k tomu politici prost\u011b nehrnou.<\/p>\n<p>Moder\u00e1tor (Pavl\u00edna Kvapilov\u00e1):<br \/>\nFormulace, v r\u00e1mci kter\u00e9 se tam prezident m\u016f\u017ee n\u011bjak pohybovat, tak\u017ee tak \u010din\u00ed. N\u011bkter\u00fdm se to zd\u00e1 nad r\u00e1mec, n\u011bkter\u00fdm se to zd\u00e1 je\u0161t\u011b v r\u00e1mci t\u011bch mantinel\u016f. Dob\u0159e. Pane Jakle, poslouch\u00e1te n\u00e1s je\u0161t\u011b st\u00e1le, p\u0159edpokl\u00e1d\u00e1m?<\/p>\n<p>Host (Ladislav Jakl, \u0159editel politick\u00e9ho odboru prezidentsk\u00e9 kancel\u00e1\u0159e):<br \/>\nPoslouch\u00e1m ano.<\/p>\n<p>Moder\u00e1tor (Pavl\u00edna Kvapilov\u00e1):<br \/>\nAno. Jak Vy vn\u00edm\u00e1te tedy tu \u00fadajnou bl\u00edzkost jakoby pana prezidenta a V\u00edta B\u00e1rty, o kter\u00e9 se spekulovalo, jak tady te\u010f p\u0159ipom\u00ednala Martina, s\u00e1m o v\u00edkendu \u0159\u00edkal, \u017ee se vid\u011bli jenom p\u00e1rkr\u00e1t. Tak jak\u00fd je tedy jeho n\u00e1hled na tuto postavu \u010desk\u00e9 politick\u00e9 sc\u00e9ny?<\/p>\n<p>Host (Ladislav Jakl, \u0159editel politick\u00e9ho odboru prezidentsk\u00e9 kancel\u00e1\u0159e):<br \/>\nJ\u00e1 nev\u00edm. J\u00e1 jsem s panem prezidentem o panu B\u00e1rtovi nikdy nemluvil, ani jsem je nikdy nevid\u011bl pohromad\u011b, pokud v\u00edm.<\/p>\n<p>Moder\u00e1tor (Pavl\u00edna Kvapilov\u00e1):<br \/>\nV\u00e1\u017en\u011b?<\/p>\n<p>Host (Ladislav Jakl, \u0159editel politick\u00e9ho odboru prezidentsk\u00e9 kancel\u00e1\u0159e):<br \/>\nSetkali se dvakr\u00e1t p\u0159i ofici\u00e1ln\u00edch p\u0159\u00edle\u017eitostech. J\u00e1 se tak\u00e9 pousm\u00edv\u00e1m, kdy\u017e sly\u0161\u00edm pana profesora Hal\u00edka s jeho b\u00e1sniv\u00fdmi v\u00fdrazy typu hnis a krevn\u00ed skupiny. J\u00e1 nev\u00edm, s k\u00fdm je krevn\u00ed skupina pan Hal\u00edk, s kter\u00fdm z hr\u00e1\u010d\u016f, s kter\u00fdm z miliard\u00e1\u0159\u016f. Mo\u017en\u00e1 j\u00e1 nev\u00edm, j\u00e1 s\u00e1m nev\u00edm, jakou m\u00e1m krevn\u00ed skupinu. To je p\u0159ece medi\u00e1ln\u00ed hra ses\u00e1\u010dkovat n\u011bjak\u00e9 lidi, aby se n\u00e1m do nich l\u00e9pe strefovalo. Samoz\u0159ejm\u011b mus\u00edm zcela odm\u00edtnout tvrzen\u00ed pana Hal\u00edka, \u017ee V\u00e1clav Klaus jakkoli zneu\u017e\u00edv\u00e1 sv\u00e9 \u00fastavn\u00ed povinnosti. Pan Hal\u00edk m\u00e1 akor\u00e1t jin\u00fd n\u00e1zor. Stra\u0161n\u011b by si p\u0159\u00e1l jin\u00e9ho prezidenta, jinak jednaj\u00edc\u00edho. To je jeho pr\u00e1vo, mo\u017en\u00e1 \u017ee se jednou do\u010dk\u00e1. A u\u017e ho jednou m\u011bl. Ale te\u010f je na hrad\u011b V\u00e1clav Klaus, kter\u00fd m\u00e1 jin\u00e9 n\u00e1zory a rozhodn\u011b nezneu\u017e\u00edv\u00e1 \u00fastavu, \u017ee by byly n\u011bjak\u00e9 nejasnosti. V\u00edte, \u017e\u00e1dn\u00e1 \u00fastava na sv\u011bt\u011b v takov\u00fdch chv\u00edl\u00edch samoz\u0159ejm\u011b \u017e\u00e1dn\u00e9 term\u00edny neklade. Proto\u017ee by z toho vznikaly dal\u0161\u00ed n\u00e1stroje, vym\u00e1h\u00e1n\u00ed n\u00e1tlaku jeden na druh\u00e9ho. Je velmi spr\u00e1vn\u00e9, \u017ee v n\u011bkter\u00fdch v\u011bcech existuje n\u011bjak\u00fd prostor pro \u00favahu. A t\u011b\u017eko n\u011bkdo z politick\u00fdch hr\u00e1\u010d\u016f, kter\u00fd samoz\u0159ejm\u011b pe\u010duje o d\u016fv\u011bru ve\u0159ejnosti, si dovol\u00ed dlouhodob\u011b ignorovat n\u011bjak\u00e9 v\u011bci, nebo p\u0159ehl\u00ed\u017eet. To je p\u0159ece jeho zodpov\u011bdnost. \u0158\u00edkat tomu nejasnosti a \u0159\u00edkat tomu zneu\u017e\u00edv\u00e1n\u00ed, pane profesore, po\u010dkejte si na n\u011bjak\u00e9ho prezidenta sv\u00e9 krevn\u00ed skupiny, t\u0159eba se do\u010dk\u00e1te brzo.<\/p>\n<p>Moder\u00e1tor (Pavl\u00edna Kvapilov\u00e1):<br \/>\nPane profesore, budete tedy \u010dekat trp\u011bliv\u011b, nebo jak to te\u010f vid\u00edte po t\u00e9to reakci? Chcete je\u0161t\u011b n\u011bjak argumentovat panu Jaklovi?<\/p>\n<p>Host (Tom\u00e1\u0161 Hal\u00edk, filosof, teolog):<br \/>\n\u010cek\u00e1m trp\u011bliv\u011b. Ne, ne, ne to bysme zbyte\u010dn\u011b zdr\u017eovali p\u0159est\u0159elkami. J\u00e1 respektuji, \u017ee ve sv\u00e9 roli pan Jakl prost\u011b \u0159\u00edk\u00e1, to co \u0159\u00edk\u00e1. To je jasn\u00e9.<\/p>\n<p>Moder\u00e1tor (Pavl\u00edna Kvapilov\u00e1):<br \/>\nMy se m\u016f\u017eeme pod\u00edvat na dal\u0161\u00ed ot\u00e1zku. Jestli se nem\u00fdl\u00edm, tak byla po soci\u00e1ln\u00edch s\u00edt\u00edch. Tak te\u010f tu nen\u00ed vid\u011bt. Ano, zd\u00e1 se, \u017ee u\u017e nab\u00edh\u00e1. Zde\u0148ka. Pane Jakle, Zde\u0148ka se pt\u00e1 takto.<\/p>\n<p>Facebook, Zde\u0148ka:<br \/>\n&#8222;Nem\u00e1 na sou\u010dasn\u00e9 situaci pod\u00edl tak\u00e9 pan prezident, u\u017e proto, \u017ee umo\u017enil vznik t\u00e9to vl\u00e1dy? Nebyl n\u00e1hodou m\u00e1lo proz\u00edrav\u00fd? Nejednal p\u0159ekotn\u011b? Pro\u010d nedal \u0161anci \u010cSSD, kter\u00e1 fakticky volby vyhr\u00e1la?&#8220;<\/p>\n<p>Host (Ladislav Jakl, \u0159editel politick\u00e9ho odboru prezidentsk\u00e9 kancel\u00e1\u0159e):<br \/>\nTa ot\u00e1zka je velmi legitimn\u00ed. Pro\u010d nedostala, jak je \u010deskou \u00fastavn\u00ed zvyklost\u00ed, \u0161anci \u010cSSD. V\u00edte, pr\u00e1v\u011b jsem o tom mluvil p\u0159ed n\u011bkolika minutami. Bylo to z toho d\u016fvodu, \u017ee \u010cSSD nem\u011bla \u017e\u00e1dn\u00e9ho koali\u010dn\u00edho partnera. Nep\u0159i\u0161la s nik\u00fdm, kdo by byl ochoten s touto stranou d\u00e1t dohromady nad\u011bjnou sestavu, kter\u00e1 by m\u011bla \u0161anci na v\u011bt\u0161inu. Zat\u00edm co ty t\u0159i druh\u00e9 strany, podobn\u011b jako t\u0159eba na pra\u017esk\u00e9m Magistr\u00e1tu, se stalo \u00fapln\u011b tot\u00e9\u017e. Strana, kter\u00e1 vyhr\u00e1la volby, nena\u0161la koali\u010dn\u00edho partnera, tak ti druz\u00ed v \u0159ad\u011b se domluvili tady tak\u00e9. Stejn\u011b tak druz\u00ed, t\u0159et\u00ed, \u010dtvrt\u00ed v \u0159ad\u011b se domluvili, utvo\u0159ili spole\u010dnou v\u011bt\u0161inu. Kdyby tehdy prezident republiky navzdory t\u00e9to jasn\u00e9 dohod\u011b, kter\u00e1 sk\u00fdtala d\u016fv\u011bru, d\u00e1val prvn\u00ed pokus Soci\u00e1ln\u00ed demokracii, tak by jenom prob\u011bhlo prvn\u00ed kole\u010dko, kter\u00e9 by trvalo zhruba dva, nebo t\u0159i m\u011bs\u00edce. Sestavovala by se vl\u00e1da. N\u011bjakou dobu prezident by ji jmenoval. Ta by po\u017e\u00e1dala o d\u016fv\u011bru, po dal\u0161\u00edm m\u011bs\u00edci by ji nedostala a pak teprve by p\u0159i\u0161el druh\u00fd na \u0159adu. To cel\u00e9 by mohlo trvat n\u011bkolik m\u011bs\u00edc\u016f. A \u010cR si nezaslou\u017eila b\u00fdt tak dlouho bez vl\u00e1dy, zvl\u00e1\u0161\u0165, kdy\u017e p\u0159ed t\u00edm jeden a p\u016fl roku vl\u00e1dla vl\u00e1da vlastn\u011b bez politick\u00e9ho mand\u00e1tu a \u00fa\u0159ednick\u00e1. Tak\u017ee to byl ten d\u016fvod. Ale ta ot\u00e1zka je legitimn\u00ed. Myslet si, \u017ee prezident republiky mohl vymyslet n\u011bjakou jinou konstalaci, jinou v\u011bt\u0161inu, to opravdu nemohl, ta je v\u00fdsledkem voleb.<\/p>\n<p>Moder\u00e1tor (Pavl\u00edna Kvapilov\u00e1):<br \/>\nNep\u0159ipad\u00e1 V\u00e1m trochu zvl\u00e1\u0161tn\u00ed, \u017ee se te\u010f v\u0161ichni jakoby div\u00ed, \u017ee jen tak souvis\u00ed VV a ABL, kdy\u017e spousta t\u011bch informac\u00ed byla dost zn\u00e1m\u00e1 u\u017e v dob\u011b, kdy ta koalice vznikala?<\/p>\n<p>Host (Ladislav Jakl, \u0159editel politick\u00e9ho odboru prezidentsk\u00e9 kancel\u00e1\u0159e):<br \/>\nTo je spr\u00e1vn\u00e1 ot\u00e1zka. J\u00e1 kdy\u017e jsem n\u011bkdy p\u0159ed rokem je\u0161t\u011b p\u0159ed volbami dostal v n\u011bjak\u00e9m Chatu ot\u00e1zku na to, co \u0159\u00edk\u00e1m \u0159e\u010dem o tom, \u017ee VV jsou jedinou z\u00e1chranou \u010desk\u00e9 politick\u00e9 sc\u00e9ny, tak jsem na to odpov\u011bd\u011bl, jestli to nejsou sp\u00ed\u0161 &#8222;kecy ve\u0159ejn\u00e9.&#8220; \u0158e\u010di o tom, \u017ee existuje jedin\u00e1 z\u00e1chrana a samoz\u0159ejm\u011b, \u017ee o tomto propojen\u00ed v\u0161ichni v\u011bd\u00ed rok, t\u0159i \u010dtvrt\u011b roku, p\u016fl roku, dva m\u011bs\u00edce, t\u0159i m\u011bs\u00edce. M\u011b tyto n\u00e1hody, prost\u011b kdy n\u00e1hodn\u011b  se v m\u00e9di\u00edch otev\u00edraj\u00ed n\u011bkter\u00e9 v\u011bci, m\u011b n\u00e1hodn\u00e9 nep\u0159ipadaj\u00ed. V\u017edy to \u010dasov\u00e1n\u00ed je tak, aby n\u011bkter\u00fdm siln\u00fdm, vlivn\u00fdm skupin\u00e1m poslou\u017eily, jin\u00fdm u\u0161kodily. Nemysleme si, \u017ee m\u00e9dia v tom hraj\u00ed n\u011bjakou nevinnou nestrannou roli. To by byla n\u00e1hoda asi takov\u00e1, jako kdybychom do krabi\u010dky dali n\u011bjak\u00e9 pru\u017einky, ozuben\u00e1 kole\u010dka, h\u0159\u00eddele a te\u010f jsme s t\u00edm zaklepali a vypadly z toho \u0161v\u00fdcarsk\u00e9 hodinky. J\u00e1 takov\u00fdm n\u00e1hod\u00e1m nev\u011b\u0159\u00edm.<\/p>\n<p>Moder\u00e1tor (Pavl\u00edna Kvapilov\u00e1):<br \/>\nNo, a kdy\u017e u\u017e mluv\u00edte pr\u00e1v\u011b o tomto, jak\u00e1 siln\u00e1 vlivov\u00e1 skupina by podle V\u00e1s mohla st\u00e1t za celou touto z\u00e1le\u017eitost\u00ed? M\u00e1te n\u011bjakou hypot\u00e9zu svoji vlastn\u00ed.<\/p>\n<p>Host (Ladislav Jakl, \u0159editel politick\u00e9ho odboru prezidentsk\u00e9 kancel\u00e1\u0159e):<br \/>\nV\u00edte, o tom j\u00e1 v\u016fbec nechci spekulovat. A jsem v t\u00e9to v\u011bci stejn\u00fd pozorovatel sv\u011bta kolem sebe jako Vy, jako v\u0161ichni div\u00e1ci. Nem\u00e1m k tomu \u017e\u00e1dn\u00e9 n\u011bjak\u00e9 speci\u00e1ln\u00ed informace. Ale ned\u011bl\u00e1m si iluze., \u017eijeme v re\u00e1ln\u00e9m sv\u011bt\u011b. Podobn\u00fdch mocensk\u00fdch finan\u010dn\u00edch z\u00e1jmov\u00fdch politick\u00fdch skupin v\u0161elijak propleten\u00fdch mezi n\u00e1mi existuje, sna\u017e\u00ed se n\u011bjak dostat k moci, k vlivu, sna\u017e\u00ed se dostat k politice, bu\u010f p\u0159\u00edmo otev\u0159en\u011b a nechaj\u00ed se u toho na\u010dapat. Nebo m\u00e9n\u011b otev\u0159en\u011b. A v takov\u00e9m sv\u011bt\u011b \u017eijeme, z toho se asi hroutit nen\u00ed mo\u017en\u00e9. \u017de se takov\u00e9 vlivy dostanou do m\u00e9di\u00ed, tomu tak\u00e9 nikdy nezabr\u00e1n\u00edme. Je to tak v\u0161ude na sv\u011bt\u011b. Jenom by div\u00e1ci, \u010dten\u00e1\u0159i, poslucha\u010di, si m\u011bli u ka\u017ed\u00e9 informace, kterou \u010dtou, poslouchaj\u00ed, \u0159\u00edct, pro\u010d n\u00e1m to \u0159\u00edkaj\u00ed zrovna te\u010f, pro\u010d zrovna v tomto rozsahu? Pro\u010d n\u00e1m zase ne\u0159\u00edkaj\u00ed n\u011bco \u00fapln\u011b jin\u00e9ho? A pro\u010d te\u010f hraj\u00ed tuto hru a vys\u00edlaj\u00ed zrovna tento gradovan\u00fd sc\u00e9n\u00e1\u0159.<\/p>\n<p>Moder\u00e1tor (Pavl\u00edna Kvapilov\u00e1):<br \/>\nNo v\u00edte, ono je v tom dost t\u011b\u017ek\u00e9 se vyznat samoz\u0159ejm\u011b.<\/p>\n<p>Host (Ladislav Jakl, \u0159editel politick\u00e9ho odboru prezidentsk\u00e9 kancel\u00e1\u0159e):<br \/>\nJ\u00e1 si ned\u011bl\u00e1m \u017e\u00e1dn\u00e9 iluze.<\/p>\n<p>Moder\u00e1tor (Pavl\u00edna Kvapilov\u00e1):<br \/>\nAno, na to se chci zeptat. Petr se pt\u00e1, \u017ee by ho zaj\u00edmal V\u00e1\u0161 n\u00e1zor na MF dnes v\u016f\u010di V\u00edtu B\u00e1rtovi a VV. Ale roz\u0161\u00ed\u0159\u00edm to o celou \u0159adu dotaz\u016f, kter\u00e9 tady padaly v v p\u00e1tek na Jaroslava Kmentu. Kdy se mnoz\u00ed div\u00e1ci podivovali pr\u00e1v\u011b nad t\u00edm na\u010dasov\u00e1n\u00edm. Tak\u017ee jak, celkov\u011b kdy\u017e to sp\u00ed\u0161 berete v tomto sm\u011bru pr\u00e1ci m\u00e9di\u00ed v t\u00e9to situaci?<\/p>\n<p>Host (Ladislav Jakl, \u0159editel politick\u00e9ho odboru prezidentsk\u00e9 kancel\u00e1\u0159e):<br \/>\nJ\u00e1 si o tom ned\u011bl\u00e1m sv\u00e9 iluze. J\u00e1 mysl\u00edm, \u017ee jako v\u011bci, na\u010dasov\u00e1n\u00ed a \u017ee n\u011bkter\u00e9 informace vyplavou a jin\u00e9 dlouhodob\u011b v\u016fbec nevyplavou, to nen\u00ed nijak n\u00e1hodn\u00e9. Prost\u011b \u017eijeme ve sv\u011bt\u011b re\u00e1ln\u00fdch z\u00e1jm\u016f. Hlavn\u011b si nemysleme nikdy, \u017ee kdy\u017e n\u011bco jak\u00e9koli m\u00e9dium, noviny, Televize, p\u0159ijde s n\u011bjakou senzac\u00ed, n\u011bjakou ud\u00e1lost\u00ed, \u017ee to je kv\u016fli tomu, \u017ee n\u011bkde poctiv\u00fd investigativn\u00ed novin\u00e1\u0159 sed\u011bl n\u011bkde na hru\u0161ce a tam t\u0159i dny mrzl, ne\u017e n\u011bco zjistil. Ne, byl osloven n\u011bjakou jinou z\u00e1jmovou skupinou, kter\u00e1 pot\u0159ebovala tro\u0161ku po\u0161\u0165ouchnout svoje konkurenty a prost\u011b p\u0159edala n\u011bjak\u00fd materi\u00e1l. Takhle dnes m\u00e9dia b\u011b\u017en\u011b pracuj\u00ed.<\/p>\n<p>Moder\u00e1tor (Pavl\u00edna Kvapilov\u00e1):<br \/>\nJan Hejl navazuje na to, o \u010dem tu byla \u0159e\u010d p\u0159ed chvilkou. Pane Jakle, to \u017ee Dobe\u0161 byl \u010dlenem p\u0159edstavenstva ABL, se v\u011bd\u011blo, to \u017ee B\u00e1rta byl majitelem ABL se v\u011bd\u011blo, nem\u011bl m\u00edt pan prezident v\u00fdhrady v\u016f\u010di t\u011bmto lidem u\u017e p\u0159i jmenov\u00e1n\u00ed vl\u00e1dy? Tedy \u0159ekn\u011bme v\u00fdhrady mnohem siln\u011bj\u0161\u00edho charakteru, aby p\u0159\u00edpadn\u011b na to n\u011bjak v\u00edc upozornil?<\/p>\n<p>Host (Ladislav Jakl, \u0159editel politick\u00e9ho odboru prezidentsk\u00e9 kancel\u00e1\u0159e):<br \/>\nV\u00edte, j\u00e1 mysl\u00edm, \u017ee si ti, kdo jsou pozorn\u00ed, n\u011bkde na internetu tyto v\u00fdhrady najdou. Prezident republiky u\u017e p\u0159ed rokem \u0159\u00edkal, \u017ee to nen\u00ed strana klasick\u00e9ho typu ukotven\u00e1 v n\u011bjak\u00fdch idej\u00edch. J\u00e1 jsem \u0159\u00edkal n\u011bco podobn\u00e9ho. Dod\u00e1val jsem k tomu, \u017ee snad mo\u017en\u00e1 jej\u00edm prost\u0159ednictv\u00edm se uk\u00e1\u017eou na \u010desk\u00e9 politick\u00e9 sc\u00e9n\u011b n\u011bkter\u00e9 zaj\u00edmav\u00e9 perspektivn\u00ed osobnosti. Tak\u00e9 jsem si nemyslel, \u017ee to je strana, kter\u00e1 vznikla na z\u00e1klad\u011b souboru my\u0161lenek, ale sp\u00ed\u0161 z\u00e1jmu. Ale znova zase tu ot\u00e1zku oto\u010d\u00edm. On prezident, kdy\u017e se dohodnou politick\u00e9 s\u00edly, a ud\u011blaj\u00ed koalici, dneska n\u011bkte\u0159\u00ed \u0159\u00edkaj\u00ed, nechceme koalici s ABL. S firmou p\u0159ece nen\u00ed mo\u017en\u00e9 uzav\u00edrat koalici. Ale p\u0159ed t\u0159i \u010dtvrt\u011b okem to bez mrknut\u00ed oka ud\u011blali. A to tak v\u0161echno zm\u011bnil jeden \u010dl\u00e1nek? To p\u0159ece tak naivn\u00ed nebudeme, \u017ee najednou obr\u00e1til cel\u00fd sv\u011bt. A najednou v\u0161ichni, jak Alenka v \u0159\u00ed\u0161i div\u016f zji\u0161\u0165uj\u00ed, co v\u0161echno je mo\u017en\u00e9 se st\u00e1t. To v\u0161echno v\u011bd\u011bl ka\u017ed\u00fd, kdo tady chod\u00ed a d\u00edv\u00e1 se kolem sebe. Nemysl\u00edm jenom tady na Kl\u00e1rov\u011b.<\/p>\n<p>Moder\u00e1tor (Pavl\u00edna Kvapilov\u00e1):<br \/>\nAno, te\u010f zase vlo\u017e\u00edme n\u00e1zor pana profesora Hal\u00edka na to, co zazn\u011blo p\u0159ed chvili\u010dkou. Tedy, m\u00edn\u00edm ta m\u00e9dia a hry rozehr\u00e1van\u00e9 p\u0159es m\u00e9dia a schopnost novin\u00e1\u0159\u016f se tomu v\u016fbec br\u00e1nit t\u011bm potenci\u00e1ln\u00edm manipulac\u00edm.<\/p>\n<p>Host (Tom\u00e1\u0161 Hal\u00edk, filosof, teolog):<br \/>\nTak do jist\u00e9 m\u00edry tady bych s panem Jaklem souhlasil. Samoz\u0159ejm\u011b, \u017ee existuj\u00ed propojen\u00ed mezi r\u016fzn\u00fdmi politick\u00fdmi subjekty a mezi r\u016fzn\u00fdmi m\u00e9dii. A samoz\u0159ejm\u011b, \u017ee jsou tady hry z\u00e1jmu. Nevid\u011bl bych to jako absolutn\u00ed z\u00e1le\u017eitost. Mysl\u00edm si, \u017ee p\u0159ece jenom existuj\u00ed n\u011bkte\u0159\u00ed novin\u00e1\u0159i a n\u011bkter\u00e1 m\u00e9dia, kter\u00e1 nejednaj\u00ed pouze na objedn\u00e1vku. Jsou v\u011bci, kter\u00e9 byly dosti z\u0159ejm\u00e9 dlouho. Nap\u0159\u00edklad o t\u00e9 stran\u011b VV. Ale p\u0159eci jenom kdy\u017e se objevili lid\u00e9, kte\u0159\u00ed polo\u017eili jak\u00e9si d\u016fkazy na st\u016fl, \u017ee je tohle pan \u0160k\u00e1rka a pan\u00ed Ko\u010d\u00ed, a\u0165 u\u017e jednali s jak\u00fdmkoliv \u00famyslem, ta v okam\u017eiku, kdy tyhlety v\u011bci zve\u0159ejnili, tak je prost\u011b t\u0159eba jednat. To je patrn\u00e9.<\/p>\n<p>Moder\u00e1tor (Pavl\u00edna Kvapilov\u00e1):<br \/>\nAno. Te\u010f si tedy vezmeme ot\u00e1zku z Facebooku, kter\u00e1 je na pana Jakla. Je\u0161t\u011b ne\u017e uzav\u0159eme ten rozhovor s n\u00edm, proto\u017ee je venku.<\/p>\n<p>Facebook, Old\u0159ich Kol\u00e1\u010dn\u00fd:<br \/>\n&#8222;M\u011bl bych dotaz na pana Jakla. A sice by m\u011b zaj\u00edmalo, jak respektive kam, si prezident v pracovn\u011b ulo\u017eil ono pero, kter\u00e9 si vzal p\u0159i n\u00e1v\u0161t\u011bv\u011b ji\u017en\u00ed Ameriky?&#8220;<\/p>\n<p>Moder\u00e1tor (Pavl\u00edna Kvapilov\u00e1):<br \/>\nTak ta je mo\u017en\u00e1 trochu \u00fasm\u011bvn\u00e1, proto\u017ee \u0159ada lid\u00ed dnes nar\u00e1\u017e\u00ed na video, kter\u00e9 se stalo hitem internetu \u010desk\u00e9ho.<\/p>\n<p>Host (Ladislav Jakl, \u0159editel politick\u00e9ho odboru prezidentsk\u00e9 kancel\u00e1\u0159e):<br \/>\nTo nev\u00edm, ale ka\u017ed\u00fd, kdo byl v \u017eivot\u011b na jak\u00e9koli zahrani\u010dn\u00ed n\u00e1v\u0161t\u011bv\u011b, tak v\u00ed, \u017ee se p\u0159i t\u00e9 p\u0159\u00edle\u017eitosti d\u011blaj\u00ed propisky, na kter\u00e9 je embl\u00e9m t\u00e9 n\u00e1v\u0161t\u011bvy a je ur\u010den t\u011bm host\u016fm. Kdy\u017e k n\u00e1m n\u011bkdo p\u0159ijede na Pra\u017esk\u00fd hrad, tak tak\u00e9 dostane propisku s t\u00edm embl\u00e9mem. Tak\u017ee kdy\u017e n\u011bkdo samoz\u0159ejm\u011b chce z n\u011b\u010deho ud\u011blat n\u011bjakou kauzu, tak ji ud\u011bl\u00e1. J\u00e1 bych je\u0161t\u011b k t\u00e9 minul\u00e9 debat\u011b. V\u00edte, stoj\u00edm tady na Kl\u00e1rov\u011b a mudruji tady o ABL V\u011bc\u00ed ve\u0159ejn\u00fdch, j\u00e1 se k tomu nec\u00edt\u00edm o nic povolan\u011bj\u0161\u00ed, ne\u017e kdokoli z poslucha\u010d\u016f, kdokoli z div\u00e1k\u016f. J\u00e1 prost\u011b mohou jenom vysv\u011btlit stanovisko prezidenta republiky, kter\u00fd nijak nepodr\u00e1\u017e\u00ed legitimitu n\u011bjak\u00e9 kritiky, nebo n\u011bjak\u00e9ho zpochybn\u011bn\u00ed jak\u00e9hokoli politika. To je promy\u0161len\u00e9 pokra\u010dov\u00e1n\u00ed a nemohou v\u00e9st k chaosu, kter\u00fd by neposlou\u017eil nikomu. Anebo nemohou v\u00e9st n\u011bjak\u00fdm dal\u0161\u00edm pokoutn\u00fdm dohod\u00e1m a byly by nepr\u016fhledn\u00e9 a umo\u017enily by pr\u016fsak dal\u0161\u00edch podivn\u00fdch z\u00e1jm\u016f do \u010desk\u00e9 politiky. Proto si stanovil celkem srozumiteln\u00e9 podm\u00ednky, kter\u00e9 si mysl\u00edm koalice a zodpov\u011bdn\u00ed politici, celkem dob\u0159e \u010dtou.<\/p>\n<p>Moder\u00e1tor (Pavl\u00edna Kvapilov\u00e1):<br \/>\nNezlobte se, pane Jakle, nechci to tady v\u016fbec n\u011bjak nabobtn\u00e1vat a tak d\u00e1l, ale proto\u017ee tolik div\u00e1k\u016f se ptalo na ono pero, \u0159ekn\u011bte, pro\u010d pan prezident tedy alespo\u0148 to pero si t\u0159eba n\u011bjak nevzal a\u017e pot\u00e9 a pro\u010d to u\u010dinil t\u00edmto zp\u016fsobem?<\/p>\n<p>Host (Ladislav Jakl, \u0159editel politick\u00e9ho odboru prezidentsk\u00e9 kancel\u00e1\u0159e):<br \/>\nNev\u00edm, jak to m\u00e1m v\u011bd\u011bt?<\/p>\n<p>Moder\u00e1tor (Pavl\u00edna Kvapilov\u00e1):<br \/>\nDob\u0159e. A pan Hal\u00edk?<\/p>\n<p>Host (Tom\u00e1\u0161 Hal\u00edk, filosof, teolog):<br \/>\nM\u011b se to l\u00edbilo. Jak \u0159\u00edk\u00e1 Babi\u010dka od Bo\u017eeny N\u011bmcov\u00e9, \u017ee dobr\u00e1 hospody\u0148ka pro p\u00edrko i p\u0159es plot sko\u010d\u00ed. Tak pro\u010d by pan prezident nesko\u010dil.<\/p>\n<p>Moder\u00e1tor (Pavl\u00edna Kvapilov\u00e1):<br \/>\nTak to je sp\u00ed\u0161 takov\u00e1 \u00fasm\u011bvn\u00e1 historka. Te\u010f p\u0159e\u02c7jdeme k t\u011bm v\u00e1\u017en\u00fdm v\u011bcem, kter\u00e9 se d\u011bj\u00ed. Mo\u017en\u00e1 je\u0161t\u011b \u00fapln\u011b na z\u00e1v\u011br. Martino, z politologick\u00e9ho pom\u011bru, chce\u0161 n\u011bjakou ot\u00e1zku na pana Jakla a dal\u0161\u00ed kroky napa prezidenta?<\/p>\n<p>Host (Martina Lustigov\u00e1, analyti\u010dka \u010cesk\u00e9 televize):<br \/>\nM\u011b by zaj\u00edmalo, jak prezident bude nad\u00e1le postupovat. Proto\u017ee my u\u017e jsme tady mluvili o tom, co mu p\u0159edur\u010duje \u00fastava, jak by m\u011bl jednat, ale mo\u017en\u00e1, jestli pan Jakl v\u00ed, by m\u011b zaj\u00edmalo, v \u0159\u00e1du kolika hodin, \u010di dn\u016f t\u0159eba p\u0159ijme bu\u010fto demisi anebo onen n\u00e1vrh na odvol\u00e1n\u00ed ministr\u016f?<\/p>\n<p>Host (Ladislav Jakl, \u0159editel politick\u00e9ho odboru prezidentsk\u00e9 kancel\u00e1\u0159e):<br \/>\nV\u00edte, to je po\u0159\u00e1d stejn\u00e1 ot\u00e1zka, kterou dneska dost\u00e1v\u00e1m u\u017e asi po \u010dtvrt\u00e9. Te\u010f nen\u00ed m\u00ed\u010d na stran\u011b pana prezidenta. To te\u010f v\u016fbec nez\u00e1le\u017e\u00ed na n\u011bm. Te\u010f z\u00e1le\u017e\u00ed na koali\u010dn\u00edch partnerech, jestli se sejdou, jestli se produktivn\u011b domluv\u00ed, jestli z nich vypadne n\u011bco, co prezidentovi poskytne n\u011bjak\u00e9 z\u00e1ruky toho, \u017ee se \u00fastavn\u00edmi kroky, kter\u00e9 se od n\u011bj o\u010dek\u00e1vaj\u00ed, neocitneme v n\u011bjak\u00e9m chaosu, v n\u011bjak\u00e9 krizi. Tak\u017ee te\u010f rozhodn\u011b nen\u00ed na tahu pan prezident.<\/p>\n<p>Host (Martina Lustigov\u00e1, analyti\u010dka \u010cesk\u00e9 televize):<br \/>\nDob\u0159e, Vy \u0159\u00edk\u00e1te, jestli se koali\u010dn\u00ed partne\u0159i produktivn\u011b domluv\u00ed, tak co kdy\u017e se produktivn\u011b nedomluv\u00ed, abych p\u0159ijala tento slovn\u00edk?<\/p>\n<p>Host (Ladislav Jakl, \u0159editel politick\u00e9ho odboru prezidentsk\u00e9 kancel\u00e1\u0159e):<br \/>\nAno, tak se m\u011b p\u0159ij\u010fte zeptat.<\/p>\n<p>Moder\u00e1tor (Pavl\u00edna Kvapilov\u00e1):<br \/>\nDob\u0159e. My si tedy po\u010dk\u00e1me na to, co se bude d\u00edt d\u00e1l, po\u010dk\u00e1m si samoz\u0159ejm\u011b na tu dne\u0161n\u00ed K9. Stejn\u011b jako velmi zv\u011bdav\u011b na to \u010dek\u00e1 pan prezident a taky Ladislav Jakl, kter\u00e9mu t\u00edmto d\u011bkujeme za \u00fa\u010dast v Hyde parku. Nashledanou, hezk\u00fd ve\u010der.<\/p>\n<p>Host (Ladislav Jakl, \u0159editel politick\u00e9ho odboru prezidentsk\u00e9 kancel\u00e1\u0159e):<br \/>\nJ\u00e1 d\u011bkuji za pozv\u00e1n\u00ed a zdrav\u00edm div\u00e1ky.<\/p>\n<p>Moder\u00e1tor (Pavl\u00edna Kvapilov\u00e1):<br \/>\nSledujete toto mimo\u0159\u00e1dn\u00e9 vyd\u00e1n\u00ed Hyde parku \u010cT 24 k tomu, co se d\u011bje na \u010desk\u00e9 politick\u00e9 sc\u00e9n\u011b. Jedn\u00e1 K9, za\u010dalo to v 19 hodin. Jak jsme \u0159\u00edkali, jakmile budeme m\u00edt n\u011bjak\u00fd v\u00fdstup, tak samoz\u0159ejm\u011b p\u0159ineseme br\u00fdfing, nebo p\u0159\u00edpadn\u00e9 jak\u00e9koli vystoupen\u00ed jednotliv\u00fdch reprezentant\u016f t\u00e9to vl\u00e1dn\u00ed koalice. Mezi t\u00edm co tady mluvil pan Jakl, tak ov\u0161em usedla do studia na\u0161e kolegyn\u011b Zuzana Tvar\u016f\u017ekov\u00e1. Zuzko, hezk\u00fd ve\u010der.<\/p>\n<p>Host (Zuzana Tvar\u016f\u017ekov\u00e1, redaktorka \u010cT):<br \/>\nHezk\u00fd ve\u010der.<\/p>\n<p>Moder\u00e1tor (Pavl\u00edna Kvapilov\u00e1):<br \/>\nA to proto, jak jsem tady dostala letmou informaci, \u017ee by si n\u00e1m m\u011bla \u0159\u00edct n\u011bco v\u00edc o tom, jak je to s t\u00edm odposlouch\u00e1vac\u00edm za\u0159\u00edzen\u00edm v byt\u011b Krist\u00fdny Ko\u010d\u00ed?<\/p>\n<p>Host (Zuzana Tvar\u016f\u017ekov\u00e1, redaktorka \u010cT):<br \/>\nAno. P\u0159esn\u011b, jak je to s odposlouch\u00e1vac\u00edm za\u0159\u00edzen\u00edm nev\u00edm, nev\u00edm, kdo ho to tam p\u0159inesl. To p\u0159edpokl\u00e1d\u00e1m, \u017ee to zji\u0161\u0165uje Policie. Nicm\u00e9n\u011b my jsme se sna\u017eili zjistit, co je to za objekt, co je to za byt, ve kter\u00e9m poslankyn\u011b Krist\u00fdna Ko\u010d\u00ed bydl\u00ed. Tak jako u\u017e nazna\u010dovala Eva Davidov\u00e1 p\u0159ede mnou, proto\u017ee jsme ve spojen\u00ed s n\u00ed, jedn\u00e1 se skute\u010dn\u011b podle v\u00fdpisu z katastru nemovitost\u00ed o objev, kter\u00fd spravuje ministerstvo pro m\u00edstn\u00ed rozvoj. A to znamen\u00e1, je to ten komplex budov, Ministerstvo pro m\u00edstn\u00ed rozvoj s\u00eddl\u00ed na Starom\u011bstsk\u00e9m n\u00e1m\u011bst\u00ed. Toto je vchod z ulice Salv\u00e1torsk\u00e1. A n\u00e1m se poda\u0159ilo dovolat Krist\u00fdn\u011b Ko\u010d\u00ed, kter\u00e1 ji\u017e opustila policejn\u00ed v\u00fdslech, tud\u00ed\u017e jako necht\u011bla s n\u00e1mi hovo\u0159it p\u0159\u00edli\u0161 zdlouhav\u011b. Ale kdy\u017e jsme ji konfrontovali s t\u00edm, jestli se skute\u010dn\u011b jedn\u00e1 o slu\u017eebn\u00ed byt, tak n\u00e1m to potvrdila. Jej\u00ed slova zn\u011bla asi v tom smyslu, \u017ee je z toho tak trochu vyd\u011b\u0161en\u00e1. P\u0159ecejen jedn\u00e1 se o byt slu\u017eebn\u00ed, kter\u00fd j\u00ed nab\u00eddl ministr pro m\u00edstn\u00ed rozvoj Kamil Jankovsk\u00fd. Bydl\u00ed v n\u011bm od 14. \u00fanora. Je tam kamerov\u00fd syst\u00e9m, je tam samoz\u0159ejm\u011b zaji\u0161t\u011bna i ochrana v jak\u00e9msi re\u017eimu policejn\u00edm, nebo mo\u017en\u00e1 i vl\u00e1dn\u00edm. A z\u00e1rove\u0148 n\u00e1m \u0159ekla, \u017ee Kamil Jankovsk\u00fd, ministr pro m\u00edstn\u00ed rozvoj, tam m\u00e1 byt v z\u00e1loze. Tud\u00ed\u017e, on tam ne\u017eije, ale m\u00e1 mo\u017enost samoz\u0159ejm\u011b p\u0159eb\u00fdvat i v n\u011bm. Samoz\u0159ejm\u011b je to prostor pro ilusi, co to m\u016f\u017ee znamenat. Kdo je samoz\u0159ejm\u011b t\u00edm, kdo p\u0159inesl \u0161t\u011bnici a pokud s eto potvrd\u00ed, to je pr\u00e1ce pro Policii.<\/p>\n<p>Moder\u00e1tor (Pavl\u00edna Kvapilov\u00e1):<br \/>\nTak\u017ee to je to co zat\u00edm v\u00edme?<\/p>\n<p>Host (Zuzana Tvar\u016f\u017ekov\u00e1, redaktorka \u010cT):<br \/>\nTo je to co zat\u00edm v\u00edme.<\/p>\n<p>Moder\u00e1tor (Pavl\u00edna Kvapilov\u00e1):<br \/>\nTo co n\u00e1m v tuhle chv\u00edli m\u016f\u017ee\u0161 \u0159\u00edct. Budeme \u010dekat na dal\u0161\u00ed informace. A to i od Evy Davidov\u00e9, kter\u00e1 je p\u0159\u00edmo u toho domu, jak jsme vid\u011bli na za\u010d\u00e1tku dne\u0161n\u00edho vyd\u00e1n\u00ed. Pane profesore, V\u00e1\u0161 koment\u00e1\u0159 k tomu, co tady sledujeme, takov\u00e9to metody \u0161piclov\u00e1n\u00ed a neust\u00e1l\u00e9 mluven\u00ed o n\u011bjak\u00fdch odposlouch\u00e1vac\u00edch za\u0159\u00edzen\u00edch, analyz\u00e1torech hlas\u016f a prost\u011b podobn\u00e9 v\u011bci, kter\u00e9 se \u0159e\u0161\u00ed v posledn\u00edch t\u00fddnech?<\/p>\n<p>Host (Tom\u00e1\u0161 Hal\u00edk, filosof, teolog):<br \/>\nTo je samoz\u0159ejm\u011b znepokojuj\u00edc\u00ed. Jakmile se tahleta technika pou\u017e\u00edv\u00e1 t\u00edmto zp\u016fsobem, vstupuj\u00ed do politiky tyhlety \u0161piclovac\u00ed metody, tak to je tot\u00e1ln\u011b nep\u0159\u00edpustn\u00e9. Je to samoz\u0159ejm\u011b n\u011bco, co lid\u00e9 objevili v tom programu V\u00edta B\u00e1rty, \u017ee mus\u00edme pou\u017e\u00edvat v\u0161echny tyhlety metody. On to pou\u017e\u00edval v dob\u011b, kdy m\u011bl tu soukromou agenturu. Ale z\u0159ejm\u011b se toho nez\u0159ekl. Lid\u00e9 kolem n\u011bho se toho nez\u0159ekli v okam\u017eiku, kdy vstupovali do politiky. J\u00e1 se domn\u00edv\u00e1m, \u017ee to vyvol\u00e1v\u00e1 skute\u010dn\u011b nejistotu. Bude to nahr\u00e1vat je\u0161t\u011b k r\u016fzn\u00fdm takov\u00fdm paranoidn\u00edm tendenc\u00edm. To co se tady d\u011bje, opravdu je n\u011bco, co zpochyb\u0148uje nejen demokracii, ale tak\u00e9 pr\u00e1vn\u00ed \u0159\u00e1d. J\u00e1 si mysl\u00edm, \u017ee to co je nejd\u016fle\u017eit\u011bj\u0161\u00ed br\u00e1nit, je pr\u00e1vn\u00ed st\u00e1t, pr\u00e1vn\u00ed \u0159\u00e1d. A \u017ee tady mus\u00ed ty org\u00e1ny \u010dinn\u00e9 v trestn\u00edm \u0159\u00edzen\u00ed, Policie a tak d\u00e1le, mus\u00ed tady prost\u011b jednat. Nen\u00ed mo\u017en\u00e9, aby ty kauzy byly odlo\u017eeny. Byla odlo\u017eena kauza pana Drobila, mnoho v\u011bc\u00ed zaniklo. Vpad\u00e1 to, \u017ee se v\u017edycky otev\u0159e n\u011bjak\u00fd skand\u00e1l. A kdy\u017e ten p\u0159\u00edslu\u0161n\u00fd politik t\u00fdden nezdvih\u00e1 telefon, tak se objev\u00ed prost\u011b jin\u00fd skand\u00e1l a ten ho p\u0159ekryje, lid\u00e9 na to zapomenou. Ale pak se to v\u0161ecko navr\u0161\u00ed a pak to n\u011bkde skute\u010dn\u011b praskne. Te\u010fka ty v\u011bci praskly a je t\u0159eba tu bezprost\u0159edn\u00ed v\u011bc \u0159e\u0161it, ale je t\u0159eba se zamyslet v\u016fbec nad celou tou s\u00e9ri\u00ed t\u011bchhle t\u011bch ud\u00e1lost\u00ed, kter\u00e9 tady v posledn\u00ed dob\u011b nar\u016fstaly skute\u010dn\u011b ne\u00fanosnou m\u011brou.<\/p>\n<p>Moder\u00e1tor (Pavl\u00edna Kvapilov\u00e1):<br \/>\nNa Facebooku se pod\u00edv\u00e1me na to, co n\u00e1m p\u00ed\u0161e Laco.<\/p>\n<p>Facebook, Laco:<br \/>\n&#8222;Jestli\u017ee Ne\u010das bez konzultace s Johnem podal prezidentovi odvol\u00e1n\u00ed Dobe\u0161e a Johna. Tak poru\u0161il koali\u010dn\u00ed smlouvu. Proto\u017ee sou\u010d\u00e1st\u00ed koali\u010dn\u00ed smlouvy je v\u00fd\u010det jmen ministr\u016f za VV v\u010detn\u011b p\u0159edsedy. Tak koali\u010dn\u00ed smlouva u\u017e neplat\u00ed, je to tak?&#8220;<\/p>\n<p>Host (Martina Lustigov\u00e1, analyti\u010dka \u010cesk\u00e9 televize):<br \/>\nNe tak koali\u010dn\u00ed smlouva plat\u00ed, neplat\u00ed, nev\u00edme, co se te\u010f povedlo na K9 samoz\u0159ejm\u011b. Ale ten v\u00fd\u010det jmen ministr\u016f se m\u016f\u017ee m\u011bnit samoz\u0159ejm\u011b, proto\u017ee to by znamenalo, \u017ee by se nemohl zm\u011bnit za cel\u00e9 to \u010dty\u0159let\u00e9 volebn\u00ed obdob\u00ed. A to, \u017ee maj\u00ed opustit vl\u00e1du minist\u0159i John, Dobe\u0161, vedle nab\u00edzen\u00e9 demise ministr B\u00e1rty, to u\u017e koneckonc\u016f byl v\u00fdsledek t\u00e9 p\u00e1te\u010dn\u00ed K9, tak\u017ee premi\u00e9r Ne\u010das nepochybn\u011b informoval VV o tomto sv\u00e9m z\u00e1m\u011bru. A premi\u00e9r je ten posledn\u00ed, ten kdo m\u00e1 posledn\u00ed slovo a ten kter\u00fd odpov\u00edd\u00e1 za vl\u00e1du, tak\u017ee kdy\u017e nechce m\u00edt n\u011bkter\u00e9 ministry ve sv\u00e9m t\u00fdmu, tak je tam prost\u011b m\u00edt nebude.<\/p>\n<p>Moder\u00e1tor (Pavl\u00edna Kvapilov\u00e1):<br \/>\nAno, my jsme tady p\u0159ed chvili\u010dkou tak\u00e9 m\u011bli ot\u00e1zku na demokracii a v\u016fbec jej\u00ed budoucnost od jednoho z div\u00e1k\u016f, pane profesore. My pozorujeme nejenom tady v Hyde parku v posledn\u00ed dob\u011b, j\u00e1 ji m\u016f\u017eu i p\u0159e\u010d\u00edst, vid\u00edm, \u017ee tady je na Chatu, ona u\u017e se tady pr\u00e1v\u011b chystala.<\/p>\n<p>Chat, Martin \u0160t\u011bp\u00e1nek:<br \/>\n&#8222;Dobr\u00fd ve\u010der. Pokud demokracie padne, jak\u00fd syst\u00e9m ji podle V\u00e1s nahrad\u00ed?<\/p>\n<p>Moder\u00e1tor (Pavl\u00edna Kvapilov\u00e1):<br \/>\nSouvis\u00ed to mo\u017en\u00e1 s t\u00edm, \u017ee i div\u00e1ci si kladou tu ot\u00e1zku, jestli ten st\u00e1vaj\u00edc\u00ed syst\u00e9m, nejenom u n\u00e1s v \u010cR, ale v\u016fbec v t\u011bch na\u0161ich kon\u010din\u00e1ch, v t\u00e9 z\u00e1padn\u00ed civilizaci, je do budoucna funk\u010dn\u00ed, tak jak jsme ostatn\u011b i o tom diskutovali na Hyde parkov\u00e9 str\u00e1nce na Facebooku.<\/p>\n<p>Host (Tom\u00e1\u0161 Hal\u00edk, filosof, teolog):<br \/>\nTohle je jedna z nejv\u00e1\u017en\u011bj\u0161\u00edch ot\u00e1zek na\u0161\u00ed doby. Samoz\u0159ejm\u011b jedna v\u011bc jsou tyhlety korup\u010dn\u00ed a jin\u00e9 af\u00e9ry, druh\u00e1 v\u011bc je, jestli to co se d\u011bje u n\u00e1s, nen\u00ed vlastn\u011b n\u011bjak\u00fdm aspektem \u0161ir\u0161\u00ed krize demokratick\u00e9ho syst\u00e9mu jako takov\u00e9ho. Mn\u011b se zd\u00e1, \u017ee ano, \u017ee vlastn\u011b ta klasick\u00e1 demokracie, tak jak jsme ji znali t\u0159eba v na\u0161\u00ed republice, nebo v \u010ceskoslovensk\u00e9 republice do roku 48, a na kterou jsme cht\u011bli jaksi nav\u00e1zat po roce 89, je sv\u00fdm zp\u016fsobem mrtv\u00e1. \u017de skute\u010dn\u011b ten proces globalizace posouv\u00e1 ty politick\u00e9 procesy n\u011bkam \u00fapln\u011b jinam. Ta klasick\u00e1 demokracie byla st\u0159i\u017eena na form\u00e1t n\u00e1rodn\u00edho st\u00e1tu. Ty n\u00e1rodn\u00ed st\u00e1ty, a\u0165 se to komu l\u00edb\u00ed, nebo nel\u00edb\u00ed, p\u0159est\u00e1vaj\u00ed hr\u00e1t roli toho z\u00e1sadn\u00edho subjektu politiky. V tom procesu globalizace je nutn\u00e9, aby ty n\u00e1rodn\u00ed st\u00e1ty se st\u00e1le v\u00edce sdru\u017eovaly do t\u011bch nadn\u00e1rodn\u00edch celk\u016f. Samoz\u0159ejm\u011b to p\u0159in\u00e1\u0161\u00ed velik\u00e9 probl\u00e9my. Ale je to prost\u011b ekonomick\u00e1 politick\u00e1 nutnost, jestli\u017ee maj\u00ed t\u0159eba \u010delit konkurenci t\u011bch jin\u00fdch podobn\u00fdch syst\u00e9m\u016f. No a samoz\u0159ejm\u011b tak\u00e9 do toho p\u0159istupuje ta role t\u011bch nadn\u00e1rodn\u00edch ekonomick\u00fdch celk\u016f, kter\u00e9 hraj\u00ed tak\u00e9 velkou politickou \u00falohu. To pror\u016fst\u00e1n\u00ed politiky a ekonomie nejen v tom vulg\u00e1rn\u00edm slova smyslu, jak jsme to vid\u011bli t\u0159eba na t\u00e9 kauze, o kter\u00e9 tady mluv\u00edme. Ale obecn\u011b to je ur\u010dit\u00fd trend, kter\u00fd vid\u00edme p\u0159inejmen\u0161\u00edm v cel\u00e9 z\u00e1padn\u00ed civilizaci. Tak\u017ee prost\u011b ten klasick\u00fd syst\u00e9m soci\u00e1ln\u00edho st\u00e1tu, kter\u00fd byl spojen s tou klasickou demokraci\u00ed, je n\u011bco, co nen\u00ed financovateln\u00e9. \u010cili je t\u0159eba, aby v\u0161echny moudr\u00e9 hlavy prom\u00fd\u0161lely n\u011bjak\u00fd moudr\u00fd syst\u00e9m, co z t\u011bchto prvk\u016f je mo\u017en\u00e9 aplikovat na t\u00e9 vy\u0161\u0161\u00ed glob\u00e1ln\u011bj\u0161\u00ed \u00farovni. J\u00e1 si mysl\u00edm, \u017ee ten nejcenn\u011bj\u0161\u00ed prvek je skute\u010dn\u011b pr\u00e1vn\u00ed st\u00e1t, pr\u00e1vn\u00ed kultura. Proto\u017ee demokracie tak\u00e9 p\u0159edpokl\u00e1d\u00e1 ur\u010ditou \u00farove\u0148 vzd\u011blanosti. A tak\u00e9 prost\u011b ta vzd\u011blanost kles\u00e1. Lid\u00e9 p\u0159est\u00e1vaj\u00ed samostatn\u011b p\u0159em\u00fd\u0161let, p\u0159est\u00e1vaj\u00ed \u010d\u00edst. \u0160kolsk\u00e9 syst\u00e9my jsou ve velik\u00e9 krizi. \u00darove\u0148 na\u0161ich \u017e\u00e1k\u016f v r\u00e1mci t\u0159eba EU, se nyn\u00ed uk\u00e1zalo, pokles\u00e1. Tak\u017ee v\u0161echny tyhlety v\u011bci hraj\u00ed do rukou kritik\u016fm demokracie. To co m\u016f\u017ee nahradit, to je samoz\u0159ejm\u011b otev\u0159en\u00e1 ot\u00e1zka. Jist\u011b \u017ee ta bezprost\u0159edn\u00ed krize demokracie nahr\u00e1v\u00e1 lidem, kte\u0159\u00ed po\u0161ilh\u00e1vaj\u00ed po dikt\u00e1torsk\u00fdch re\u017eimech, nahr\u00e1v\u00e1 o chaosu, nahr\u00e1v\u00e1 ur\u010dit\u00e9 apatii lid\u00ed. Proto\u017ee jestli\u017ee nast\u00e1v\u00e1 to, co u n\u00e1s t\u0159eba nast\u00e1v\u00e1, lid\u00e9 si zvol\u00ed ur\u010ditou stranu, ta vyhraje ve volb\u00e1ch, ale nakonec rozhodnou prost\u011b ty po\u010dty, kter\u00e9 vytv\u00e1\u0159ej\u00ed koalice. A je to v logice, je to prost\u011b pr\u00e1vn\u00ed syst\u00e9m. Maj\u00ed na to pr\u00e1vo. Tak samoz\u0159ejm\u011b, \u017ee si mnoz\u00ed voli\u010di \u0159eknou, tak pro\u010d vlastn\u011b k t\u011bm volb\u00e1m chod\u00edme, kdy\u017e ten n\u00e1\u0161 hlas rozhoduje tak m\u00e1lo. Pak jsou tady ty velik\u00e9 probl\u00e9my genera\u010dn\u00ed, \u017ee. Ta mlad\u00e1 generace skute\u010dn\u011b je n\u011bjak\u00fdm zp\u016fsobem znechucena t\u00edm st\u00e1vaj\u00edc\u00edm politick\u00fdm syst\u00e9mem. Tohleto vid\u00edme v mnoh\u00fdch st\u00e1tech. J\u00e1 to z\u0159eteln\u011b vid\u00edm u n\u00e1s. Kdy\u017e jako naslouch\u00e1m v aule Karolina Karlovy univerzity ty promo\u010dn\u00ed projevy \u010derstv\u00fdch absolvent\u016f, tak to jsou dneska revolu\u010dn\u00ed \u0159e\u010di. Ti lid\u00e9 jsou skute\u010dn\u011b rozzlobeni.<\/p>\n<p>Moder\u00e1tor (Pavl\u00edna Kvapilov\u00e1):<br \/>\nRevolu\u010dn\u00ed \u0159\u00edk\u00e1te?<\/p>\n<p>Host (Tom\u00e1\u0161 Hal\u00edk, filosof, teolog):<br \/>\nAno. Tam prost\u011b mluv\u00ed o tom, \u017ee \u017eijeme ve st\u00e1t\u011b, s kter\u00fdm se nemohou ztoto\u017enit. Spoustu nadan\u00fdch mlad\u00fdch lid\u00ed uva\u017euje o emigraci. To je opravdu velmi znepokojuj\u00edc\u00ed.<\/p>\n<p>Moder\u00e1tor:<br \/>\nNo ta slova o revoluci, ta se net\u00fdkaj\u00ed jenom t\u011bch mlad\u00fdch lid\u00ed, my to tady \u010dteme v posledn\u00ed dob\u011b docela \u010dasto, v\u00e1m mohu \u0159\u00edct, na na\u0161ich s\u00edt\u00edch. Pod\u00edv\u00e1me se na twiteru, demokracie selhala u\u017e d\u00e1vno, n\u00e1m p\u00ed\u0161e n\u011bkdo z div\u00e1k\u016f, nejlep\u0161\u00ed volbou by byla absolutn\u00ed monarchie s prvky p\u0159\u00edm\u00e9 vl\u00e1dy obyvatel \u010dili n\u011bjak\u00fdch referend, je vid\u011bt,l \u017ee mnoz\u00ed tak\u00e9 p\u0159em\u00fd\u0161lej\u00ed o tom, co by teoreticky mohlo nastat, pokud bychom tedy tento syst\u00e9m m\u011bli n\u011bjak vym\u011bnit. Co na to odpov\u00edte?<\/p>\n<p>Tom\u00e1\u0161 Hal\u00edk, filozof, teolog:<br \/>\nTak tohle by bal ta nejhor\u0161\u00ed varianta, jak p\u0159\u00edm\u00e1 demokracie je velmi nebezpe\u010dn\u00fd model. J\u00e1 si mysl\u00edm, \u017ee je st\u00e1le d\u016fle\u017eit\u00e1 ta parlamentn\u00ed demokracie, ikdy\u017e proch\u00e1z\u00ed t\u011bmito probl\u00e9my, zvl\u00e1\u0161\u0165 v dob\u011b, kdy je ta \u00faloha n\u011bkter\u00fdch m\u00e9di\u00ed., kter\u00e9 dok\u00e1\u017eou prost\u011b vyvolat ur\u010dit\u00e9 kampan\u011b, atd., ty n\u00e1lady ve spole\u010dnosti mohou v\u00e9st prudk\u00fdm a velice nebezpe\u010dn\u00fdm zvrat\u016fm, \u010dili j\u00e1 si mysl\u00edm, \u017ee je t\u0159eba, aby tady byl jak\u00fdsi prvek, kter\u00fd nen\u00ed jenom tou p\u0159\u00edmou demokraci\u00ed a neodr\u00e1\u017e\u00ed jenom ty bezprost\u0159edn\u00ed emoce a absolutn\u00ed monarchie si mysl\u00edm, \u017ee je tak\u00e9 n\u011bco, co bychom si nep\u0159\u00e1li, j\u00e1 si dovedu p\u0159edstavit tu konstitu\u010dn\u00ed monarchii, proto\u017ee dneska se zd\u00e1, \u017ee vlastn\u011b i ty demokracie trochu st\u00e1le v\u00edce nahr\u00e1vaj\u00ed takov\u00e9mu postupn\u00e9mu p\u0159ed\u00e1v\u00e1n\u00ed rod\u016f, \u017ee mnohdy u\u017e prost\u011b synov\u00e9 nastupuj\u00ed i na ty prezidentsk\u00e9 posty. To nebyl jenom Bush, je to mnohde na sv\u011bt\u011b, tak\u017ee jak\u00e1si kontinuita, je n\u011bco, po \u010dem z\u0159ejm\u011b se oz\u00fdv\u00e1 jak\u00e9si vol\u00e1n\u00ed, j\u00e1 si mysl\u00edm, \u017ee by tady skute\u010dn\u011b na t\u00e9 politick\u00e9 sc\u00e9n\u011b m\u011bla b\u00fdt jak\u00e1si instituce, kter\u00e1 nepodl\u00e9h\u00e1 tomu bezprost\u0159edn\u00edmu st\u0159\u00edd\u00e1n\u00ed, samoz\u0159ejm\u011b, \u017ee to st\u0159\u00edd\u00e1n\u00ed je nutn\u00fdm p\u0159edpokladem demokracie, st\u0159\u00edd\u00e1n\u00ed vl\u00e1dy, ale kdyby tady bylo n\u011bco jako je v Anglii monarchie, kter\u00e1 nerozhoduje, ale je p\u0159ece jenom jak\u00fdmsi nebo m\u00e1 b\u00fdt, kdy\u017e je to samoz\u0159ejm\u011b ta kr\u00e1lovsk\u00e1 rodina proch\u00e1z\u00ed velmi velk\u00fdmi krizemi, ale m,\u00e1 b\u00fdt stabilizuj\u00edc\u00edm prvkem, m\u00e1 b\u00fdt n\u011b\u010d\u00edm, co jaksi sp\u00ed\u0161e formuje ur\u010dit\u00e9 z\u00e1sady. Tohleto m\u011bl b\u00fdt Sen\u00e1t, \u017ee by to byla takov\u00e1 ta rada moudr\u00fdch, kter\u00e1 nebude jenom podl\u00e9hat.<\/p>\n<p>Moder\u00e1tor:<br \/>\nTak asi ale moc dob\u0159e v\u00edte, jak\u00e1 je realita a n\u00e1zor \u0159ady ob\u010dan\u016f na Sen\u00e1t. Martino.<\/p>\n<p>Martina Lustigov\u00e1, analyti\u010dka \u010cesk\u00e9 televize:<br \/>\nJ\u00e1 si mo\u017en\u00e1 dovol\u00edm dv\u011b pozn\u00e1mky je\u0161t\u011b k tomu p\u0159edchoz\u00edmu dotazu, mo\u017en\u00e1 sp\u00ed\u0161e absolutistick\u00e1 monarchie a prvky p\u0159\u00edm\u00e9 demokracie a referendum, to nejde dohromady, u\u017e to zn\u00e1me z historie, absolutistick\u00e1 monarchie to je .<\/p>\n<p>Tom\u00e1\u0161 Hal\u00edk, filozof, teolog:<br \/>\nBu\u010f a nebo<\/p>\n<p>Martina Lustigov\u00e1, analyti\u010dka \u010cesk\u00e9 televize:<br \/>\nBu\u010f a nebo, p\u0159esn\u011b tak rozhoduje prost\u011b monarcha a nen\u00ed to model pro 21. stolet\u00ed absolutistick\u00e1 monarchie, pro 21. stolet\u00ed v \u010cesku a konec konc\u016f, pokud je tady vol\u00e1n\u00ed po monarchii, takl je to velmi jednoduch\u00e9, existuje v \u010cesku Monarchistick\u00e1 strana a ta pokud by bylo tak siln\u00e9 to vol\u00e1n\u00ed, tak by nepochybn\u011b ve volb\u00e1ch usp\u011bla.<\/p>\n<p>Moder\u00e1tor:<br \/>\nNo, ne, zamysleme se mo\u017en\u00e1 nad postavou t\u00e9 ot\u00e1zky, proto\u017ee lid\u00e9 si kladou, co by mohlo n\u00e1sledovat, mo\u017en\u00e1 jim pr\u00e1v\u011b chyb\u00ed to, \u017ee je n\u011bjak\u00e1 siln\u00e1 akce ve smyslu tedy akceschopnosti tv\u00e1\u0159\u00ed tv\u00e1\u0159 probl\u00e9m\u016f, \u017ee m\u00edsto toho vid\u00ed ha\u0161te\u0159en\u00ed neust\u00e1l\u00e9 dohady, neust\u00e1l\u00e9 skand\u00e1ly a podobn\u011b, k tomuto mo\u017en\u00e1 v podtextu taky sm\u011b\u0159uje, samoz\u0159ejm\u011b nikdo z n\u00e1s nev\u00ed asi p\u0159esn\u011b jak\u00fd syst\u00e9m by to mohl nahradit, ale v podtextu, jak \u0159\u00edk\u00e1m z toho, co sem chod\u00edv\u00e1,. Je mo\u017en\u00e1 i toto. Pod\u00edv\u00e1me se na chatu, Martin Zil, dobr\u00fd ve\u010der, jak se v\u00e1m jako teologovi a filozofovi d\u00edv\u00e1 na sou\u010dasnou politiku, nem\u011bli by tito reprezentanti n\u00e1roda b\u00fdt n\u00e1rodu p\u0159edev\u0161\u00edm vzorem z mor\u00e1ln\u00ed a etick\u00e9ho hlediska, mo\u017en\u00e1 je\u0161t\u011b nav\u00e1\u017eu jednou z ot\u00e1zek, kter\u00e1 z\u00edskala dost palc\u016f, nezd\u00e1 se v\u00e1m, \u017ee sou\u010dasn\u00fdm politik\u016fm chyb\u00ed pokora? V\u0161ichni se oh\u00e1n\u011bj\u00ed pouze sv\u00fdmi pr\u00e1vy, ale na pr\u00e1va druh\u00fdch ka\u0161lou, ono je v\u016fbec nezaj\u00edm\u00e1, jak\u00e9 dopady budou m\u00edt jejich z\u00e1kony na oby\u010dejn\u00e9 lidi, hlavn\u011b, \u017ee zbude dost na n\u011b samotn\u00e9.<\/p>\n<p>Tom\u00e1\u0161 Hal\u00edk, filozof, teolog:<br \/>\nTohle je samoz\u0159ejm\u011b pravda, j\u00e1 bych ale necht\u011bl jaksi sklouznout do n\u011b\u010deho, \u010demu m\u016fj kolega V\u00e1clav B\u011blohradsk\u00fd \u0159\u00edk\u00e1 mor\u00e1ln\u00ed k\u00fd\u010d. My se mus\u00edme d\u00edvat skute\u010dn\u011b tak\u00e9 realisticky na to, \u017ee politikov\u00e9 na jednu stranu obr\u00e1\u017eej\u00ed tak\u00e9 stav spole\u010dnosti, to p\u0159eci jenom nen\u00ed n\u011bjak\u00e1 t\u0159\u00edda \u00fapln\u011b odtr\u017een\u00e1, ona se bohu\u017eel n\u011bkdy potom odtr\u017eenou st\u00e1v\u00e1, \u017ee ten syst\u00e9m moci, pen\u00edze, mo\u017enost mnoh\u00e9 v\u011bci ovlivnit, ty jsou mocn\u00fdm svodem, a aby si \u010dlov\u011bk zachoval pokoru, aby si zachoval ur\u010dit\u00fd odstup od sebe sama, aby si Zachoval zdravou mysl, aby si zachoval ten kontakt s lidmi mimo tu t\u0159\u00eddu moci, to vy\u017eaduje ur\u010ditou mor\u00e1ln\u00ed s\u00edlu a tuhletu mor\u00e1ln\u00ed s\u00edlu j\u00e1 u v\u011bt\u0161iny t\u011bch politik\u016f skute\u010dn\u011b nevid\u00edm, na druh\u00e9 stran\u011b, ale by bylo asi naivn\u00ed o\u010dek\u00e1vat, \u017ee z nich bude n\u011bjak\u00e1 t\u0159\u00edda vzorn\u00fdch. Mysl\u00edm si, to slovo dialektick\u00fd je z profanovan\u00e9, ale \u017ee tady skute\u010dn\u011b je takov\u00fd vz\u00e1jem,n \u00fd vztah mezi politiky, kte\u0159\u00ed do jist\u00e9 m\u00edry p\u0159ece jenom ur\u010duj\u00ed i skrze m\u00e9dia, ur\u010duj\u00ed, jakousi mor\u00e1ln\u00ed atmosf\u00e9ru ve spole\u010dnosti a jestli\u017ee lid\u00e9 vid\u00ed st\u00e1le \u017ee t\u011bm lidem naho\u0159e prost\u011b proch\u00e1zej\u00ed tyhlety skand\u00e1ly a p\u0159ece jenom se n\u011bjak v\u017edycky udr\u017e\u00ed, tak si \u0159eknou pro\u010d bych to ned\u011blal tak\u00e9 j\u00e1 a na druh\u00e9 stran\u011b ale tak\u00e9 jsou jist\u00fdm zrcadlem stavu spole\u010dnosti.<\/p>\n<p>Moder\u00e1tor:<br \/>\n261015828, samoz\u0159ejm\u011b i dnes funguje toto telefonn\u00ed \u010d\u00edslo, kdopak ho pou\u017eil, tady je Pavl\u00edna, dobr\u00fd ve\u010der.<\/p>\n<p>Telefonick\u00fd dotaz<br \/>\nDobr\u00fd ve\u010der.<\/p>\n<p>Moder\u00e1tor:<br \/>\nPoslouch\u00e1me v\u00e1s.<\/p>\n<p>Telefonick\u00fd dotaz:<br \/>\nDobr\u00fd ve\u010der, j\u00e1 zdrav\u00edm pana profesora a moc mu d\u011bkuji za posledn\u00ed kn\u00ed\u017eku, je b\u00e1je\u010dn\u00e1 a jinak bych se ho cht\u011bla zeptat, pane profesore, pros\u00edm v\u00e1s, co m\u00e1 d\u011blat oby\u010dejn\u00fd \u010dlov\u011bk, kter\u00fd m\u00e1 tuto zemi, je nab\u00e1d\u00e1n, aby \u0161el k volb\u00e1m, jde tedy k volb\u00e1m, zd\u00e1 se, \u017ee vol\u00ed nejmen\u0161\u00ed zlo a pak to dopad\u00e1 tak jak to dopad\u00e1 a op\u011bt je frustrov\u00e1n. Co m\u00e1 d\u011blat, kdy\u017e v t\u00e9to zemi \u017eije r\u00e1d, cel\u00fd \u017eivot pracuje, vychov\u00e1v\u00e1 d\u011bti dob\u0159e, co m\u00e1 d\u011blat.<\/p>\n<p>Moder\u00e1tor:<br \/>\nAno d\u011bkujeme za ot\u00e1zku, kter\u00e1 jist\u011b tak\u00e9 reprezentovala \u0161ir\u0161\u00ed \u0159adu n\u00e1zor\u016f.<\/p>\n<p>Tom\u00e1\u0161 Hal\u00edk, filozof, teolog:<br \/>\nJe to stra\u0161n\u011b t\u011b\u017ek\u00e1 ot\u00e1zka, kterou j\u00e1 si tak\u00e9 kladu a tuhletu chv\u00edli vlastn\u011b na n\u00ed nedok\u00e1\u017eu odpov\u011bd\u011bt. J\u00e1 si mysl\u00edm, \u017ee \u010dlov\u011bk mus\u00ed sledovat, prost\u011b+ tu politickou sc\u00e9nu, sna\u017eit se p\u0159em\u00fd\u0161let, jist\u011b, \u017ee je to v\u017edycky n\u011bjak\u00e1 volba men\u0161\u00edho zla, j\u00e1 tak\u00e9 nenach\u00e1z\u00edm na t\u00e9 politick\u00e9 sc\u00e9n\u011b \u017e\u00e1dn\u00fd subjekt, se kter\u00fdm bych se mohl pln\u011b identifikovat, pr\u00e1v\u011b pot\u00ed\u017ee, s\u00e1m se prost\u011b neztoto\u017e\u0148uje ani s tou pravic\u00ed, ani s levic\u00ed, j\u00e1 si mysl\u00edm, \u017ee tady m\u00e1 b\u00fdt prost\u011b jak solidn\u00ed strana typu t\u00e9 soci\u00e1ln\u00ed demokracie, tak solidn\u00ed strana, typu n\u011bjak\u00e9 pravicov\u00e9 liber\u00e1ln\u00ed strany, \u017ee mezi nimi m\u00e1 b\u00fdt f\u00e9rov\u00e1 sout\u011b\u017e, ale my prost\u011b v t\u00e9hlet\u00e9 sou\u010dasn\u00e9 situaci, j\u00e1 se skute\u010dn\u011b boj\u00edm t\u0159eba t\u011bch p\u0159\u00ed\u0161t\u00edch voleb, kdyby m\u011bly nastat brzo, j\u00e1 vid\u00edm tu vl\u00e1du jako velmi problematickou, ale vlastn\u011b bych si p\u0159\u00e1l, aby dostala je\u0161t\u011b ur\u010ditou \u0161anci, proto\u017ee m\u00e1 prov\u00e9st jist\u00e9 reformy, kter\u00e9 jsou nezbytn\u00e9, kter\u00e9 jsou i nepopul\u00e1rn\u00ed, kter\u00e9 by stejn\u011b musela d\u011blat i vl\u00e1da z jin\u00e9 politick\u00e9 garnitury a j\u00e1 si mysl\u00edm, \u017ee i ta soci\u00e1ln\u00ed demokracie dneska zase, ikdy\u017e to t\u0159eba vol\u00e1 po t\u011bch p\u0159ed\u010dasn\u00fdch volb\u00e1ch, \u017ee si dob\u0159e uv\u011bdomuje, \u017ee by se dostal do situace velmi slo\u017eit\u00e9 a \u017ee prost\u011b ten v\u00fdsledek voleb by asi mnoho nep\u0159inesl a p\u0159edev\u0161\u00edm ta kultura t\u00e9 p\u0159edvolebn\u00ed kampan\u011b byla tak ot\u0159esn\u00e1, \u017ee by je\u0161t\u011b v\u00edc znechutila lidi, j\u00e1 si nedovedu p\u0159edstavit, \u017ee by tady b\u011bhem n\u011bkolika m\u011bs\u00edc\u016f vyvstalo n\u011bco, co by pr\u00e1v\u011b odpov\u011bd\u011blo na tyhlety nal\u00e9hav\u00e9 ot\u00e1zky, kter\u00e9 vyslovila poslucha\u010dka, kterou j\u00e1 si tak\u00e9 kladu, prost\u011b hled\u00e1me ty lidi, kter\u00fdm bychom mohli d\u00e1t d\u016fv\u011bru a je jich skute\u010dn\u011b bohu\u017eel asi jako \u0161afr\u00e1nu.<\/p>\n<p>Moder\u00e1tor:<br \/>\nAno, reformy, to bylo \u010dasto sklo\u0148ovan\u00e9 slovo v posledn\u00ed dob\u011b, kolem toho se to\u010dily aktivity samoz\u0159ejm\u011b tak\u00e9 t\u00e9to vl\u00e1dy, tak\u017ee, jedna ot\u00e1zka, kter\u00e1 nasb\u00edrala hodn\u011b palc\u016f a sm\u011b\u0159uje k nim. Domn\u00edv\u00e1te se, \u017ee tzv. reformy navrhovan\u00e9 touto vl\u00e1dou jsou legitimn\u00ed a maj\u00ed smysl, kdy\u017e u n\u00e1s buj\u00ed korupce, jsou leg\u00e1ln\u00ed anonymn\u00ed akcie, politici jsou d\u00edky imunit\u011b beztrestn\u00ed, st\u00e1le neexistuje z\u00e1kon o st\u00e1tn\u00ed slu\u017eb\u011b, atd., maj\u00ed lid\u00e9 st\u00e1le platit do d\u011brav\u00e9ho cedn\u00edku?<\/p>\n<p>Tom\u00e1\u0161 Hal\u00edk, filozof, teolog:<br \/>\nTo je naprosto legitimn\u00ed ot\u00e1zka a naprosto z\u0159ejm\u00fd pocit, vl\u00e1da, kter\u00e1 vy\u017eaduje reformy, kter\u00e9 budou spojeny s t\u00edm, \u017ee se lid\u00e9 uskromn\u00ed, \u017ee budou \u0161et\u0159it, tak takov\u00e1 vl\u00e1da m\u00e1 jeden z\u00e1sadn\u00ed p\u0159edpoklad, \u017ee skute\u010dn\u011b mus\u00ed bojovat s korupc\u00ed. Jestli takov\u00e9hle vl\u00e1da bude sama posti\u017eena korupc\u00ed, tak prost\u011b nem\u00e1 mor\u00e1ln\u00ed legitimaci tyto v\u011bci vy\u017eadovat a skute\u010dn\u011b to, o \u010dem div\u00e1k hovo\u0159\u00ed, \u017ee zde nen\u00ed ten z\u00e1kon o st\u00e1tn\u00ed slu\u017eb\u011b, to \u017ee ta imunita poslanc\u016f st\u00e1le je\u0161t\u011b nem\u00e1 ty zcela p\u0159esn\u00e9 hranice, ostatn\u00ed v\u011bci, to je sign\u00e1l, \u017ee skute\u010dn\u011b zat\u00edm si sp\u00ed\u0161e mluvilo o t\u011bch reform\u00e1ch ne\u017e \u017ee by se uskute\u010dnily, z t\u011bch reforem ta vl\u00e1da zat\u00edm odhlasovala p\u0159edev\u0161\u00edm omezen\u00ed pomoci zdravotn\u011b posti\u017een\u00fdm lidem, t\u011bm, kte\u0159\u00ed to nejv\u00edce pot\u0159ebuj\u00ed a ty ostatn\u00ed v\u011bci, ta p\u0159edev\u0161\u00edm ta reforma \u0161kolstv\u00ed, tak to bylo sv\u011b\u0159eno \u010dlov\u011bku skute\u010dn\u011b kompetentn\u00edmu, \u010dili j\u00e1 si mysl\u00edm, \u017ee tady bylo mnoho \u0159e\u010d\u00ed, m\u00e1lo skutk\u016f, ale snad by tv\u00e1\u0159\u00ed v tv\u00e1\u0159 t\u00e9hlet\u00e9 situace se ta vl\u00e1da je\u0161t\u011b mohla nadechnout a je\u0161t\u011b mohla n\u011bkter\u00fd z t\u011bch krok\u016f ud\u011blat.<\/p>\n<p>Moder\u00e1tor:<br \/>\nAno, mo\u017en\u00e1 t\u00edmto p\u0159ech\u00e1z\u00edme plynule k dal\u0161\u00edmu hostovi, Jaroslav M\u00edl, prezident Svazu pr\u016fmyslu a dopravy, v\u00edtejte, Pane M\u00edle, dobr\u00fd ve\u010der.<\/p>\n<p>Jaroslav M\u00edl, prezident, Svaz pr\u016fmyslu a dopravy:<br \/>\nDobr\u00fd ve\u010der.<\/p>\n<p>Moder\u00e1tor:<br \/>\nPoj\u010fme tedy rovnou ost\u0159e do toho, tady bylo nakousnuto t\u00e9ma t\u011bch reforem a v\u016fbec, jak\u00e9 si legitimnosti t\u011bchto akc\u00ed, v souvislosti s t\u00edm v\u0161\u00edm nazv\u011bme to jednodu\u0161e pro zjednodu\u0161en\u00ed t\u00e9 ot\u00e1zky, zl\u00fdm, co se d\u011bje a co lidi vn\u00edmaj\u00ed jako nespravedlnost a probl\u00e9m.<\/p>\n<p>Jaroslav M\u00edl, prezident, Svaz pr\u016fmyslu a dopravy:<br \/>\nTo je t\u011b\u017ek\u00fd po\u0159ad vy v\u00edte, \u017ee se mi sem necht\u011blo tedy, ani ne kv\u016fli fotbalu, obdivuji lidi, ono je to smutn\u00e9 t\u00e9ma, up\u0159\u00edmn\u011b \u0159e\u010deno, proto\u017ee lidi \u0161li p\u0159ed rokem a p\u016fl k volb\u00e1m s t\u00edm, \u017ee vol\u00ed ty politiky a strany, kte\u0159\u00ed za a) budou realizovat reformy, budou skute\u010dn\u011b d\u011blat n\u011bco s neskute\u010dnou korupc\u00ed, budou j\u00e1 omezovat, bohu\u017eel jsme toho sv\u011bdky v\u0161ichni tady nejen byli navr\u017eeny, ale aby byli i komunikov\u00e1ny k ve\u0159ejnosti srozumitelnou formou a aby pochopiteln\u011b potom do\u0161ly konkr\u00e9tn\u00edm krok\u016fm, aby se uvedly v \u017eivot a to se v podstat\u011b ned\u011bje, zat\u00edm jsme sv\u011bdky toho, \u017ee se \u0159e\u0161\u00ed bu\u010f vnitropolitick\u00e9 probl\u00e9my jednotliv\u00fdch partaj\u00ed nebo mezi sebou navz\u00e1jem a v\u0161echno podstatn\u00e9 a d\u016fle\u017eit\u00e9 se v podstat\u011b odsouv\u00e1, tak\u017ee pro m\u011b osobn\u011b je z toho takov\u00fd v\u00fdsledek, \u017ee slu\u0161n\u00fd lidi jsou d\u00e1le o to v\u00edc otr\u00e1veni z politiky, o to m\u00e9n\u011b budou cht\u00edt do politiky vstupovat, o to m\u00e9n\u011b se budou cht\u00edt s politiky st\u00fdkat pop\u0159\u00edpad\u011b pro n\u011b pracovat proto\u017ee prost\u011b budou m\u00edt pocit, \u017ee se taky za\u0161pin\u00ed, ob\u010das si \u0159\u00edk\u00e1m, jestli to nen\u00ed \u00fa\u010del \/v\u00fdpadek zvuku\/, kte\u0159\u00ed budou \u0159\u00eddit a ovliv\u0148ovat n\u00e1s v\u0161echny. J\u00e1 jsem p\u0159esv\u011bd\u010den, \u017ee ten sv\u011bt ne\u010dek\u00e1, kdy\u017e se pod\u00edv\u00e1te na okoln\u00ed trhy, tak prost\u011b ten stav ve\u0159ejn\u00fdch financ\u00ed \u010cR do po\u0159\u00e1dku nedala, neud\u011blal konkr\u00e9tn\u00ed kroky aby se to zlep\u0161ilo a n\u00e1s se d\u0159\u00edv \u010di pozd\u011bji dotkne to, \u017ee ty \u00farokov\u00e9 sazby na na\u0161e dluhopisy budou moc j\u00edt velice rychle nahoru. Za posledn\u00edch 10 let jsme zvedli dluhovou slu\u017ebu z 25 miliard na t\u00e9m\u011b\u0159 100 miliard, to je d\u011bsiv\u00e9 \u010d\u00edslo a d\u011bsiv\u00e9 tempo, tak velk\u00e9 tempo zadlu\u017eov\u00e1n\u00ed v podstat\u011b mely jen ekonomiky \u0159eck\u00e9 a mo\u017en\u00e1 Irsko, ale \u00fapln\u011b z jin\u00fdch d\u016fvod\u016f dneska, \u017ee jo, tak\u017ee \u010cR v podstat\u011b nem\u00e1 u\u017e kam \u010dekat a j\u00e1 bych si p\u0159\u00e1l, aby do\u0161lo za a) k vy\u0159e\u0161en\u00ed t\u00e9 situace co nejrychleji, ale hlavn\u011b aby potom tady byla vl\u00e1da, kter\u00e1 bude konat, kter\u00e1 skute\u010dn\u011b bude m\u00edt tah na br\u00e1nu a aby to byla vl\u00e1da, kter\u00e9 alespo\u0148 \u010d\u00e1ste\u010dn\u011b navr\u00e1t\u00ed jaksi chu\u0165 lidem tady nejen \u017e\u00edt, ale platit tady i dan\u011b, proto\u017ee zat\u00edm mus\u00edm \u0159\u00edct, \u017ee my v\u0161ichni jsme da\u0148ov\u00fd poplatn\u00edci a to, co za na\u0161e pen\u00edze je p\u0159edv\u00e1d\u011bno a co mus\u00edme sledovat, je docela smutn\u00e9 dovadlo a mysl\u00edm, \u017ee nikoho z n\u00e1s net\u011b\u0161\u00ed a j\u00e1 douf\u00e1m, \u017ee ani v\u011bt\u0161\u00ed \u010d\u00e1st politick\u00e9 reprezentace dneska ne.<\/p>\n<p>Moder\u00e1tor:<br \/>\nTak to jste \u0159ekl jasn\u011b, smutn\u00e9 divadlo, Jaroslav Jord\u00e1n se pt\u00e1 takto, lid\u00e9 z byznysu, je pro v\u00e1s a pro byznys velk\u00fd probl\u00e9m nepr\u016fhledn\u00e9 financov\u00e1n\u00ed politick\u00fdch stran, kde pen\u00edze te\u010dou z ve\u0159ejn\u00e9 kasy p\u0159es firmy zp\u00e1tky k politik\u016fm? Jak to tedy vn\u00edmaj\u00ed lid\u00e9, kte\u0159\u00ed se pohybuj\u00ed v tom ekonomick\u00e9m sv\u011bt\u011b, kter\u00e9 vy zn\u00e1te a za kter\u00e9 byste tady mo\u017en\u00e1 mohl tlumo\u010dit n\u011bjakou ur\u010ditou linku, pokud existuje na to spole\u010dn\u00fd n\u00e1zor, d\u00e1-li se to tak definovat nebo samoz\u0159ejm\u011b ka\u017ed\u00fd asi m\u00e1 svoje specifick\u00e9 vid\u011bn\u00ed t\u00e9 v\u011bci a t\u011b\u017eko generalizovat, ale p\u0159esto.<\/p>\n<p>Jaroslav M\u00edl, prezident, Svaz pr\u016fmyslu a dopravy:<br \/>\nTak je to pochopiteln\u011b velk\u00fd probl\u00e9m, proto\u017ee z\u00e1kladem je to, aby ten st\u00e1t byl \u0161t\u00edhl\u00fd, aby m\u00e9n\u011b p\u0159erozd\u011bloval, t\u00edm je men\u0161\u00ed \u0161ance pro korupci, zat\u00edm to tady vypad\u00e1 tak, \u017ee v podstat\u011b ze st\u00e1tn\u00edch zak\u00e1zek se p\u0159enesen\u011b p\u0159es sp\u0159\u00e1telen\u00e9 spole\u010dnosti financuj\u00ed politick\u00e9 strany, respektive n\u011bkte\u0159\u00ed politikov\u00e9 nebo na n\u011b napojen\u00ed kamar\u00e1di, mysl\u00edm si \u017ee je tady hodn\u011b velk\u00e9 hnut\u00ed z oblasti podnikatel\u016f z byznysu, kter\u00e9 prost\u011b je proti tomu, bojuje proti tomu, d\u011bl\u00e1 maximum, aby se ta situace zm\u011bnila, aby se zavedl nejen transparentn\u00ed syst\u00e9m zach\u00e1zen\u00ed a \u0159\u00edzen\u00ed st\u00e1tn\u00edho rozpo\u010dtu, kter\u00fd je n\u00e1m slibov\u00e1n 5, 6, 7 let a je\u0161t\u011b se tak nestalo, ale aby i ve\u0159ejn\u00e9 zak\u00e1zky se dostaly pod v\u011bt\u0161\u00ed kontrolu, ten tlak tady je, podle m\u011b za t\u011bch posledn\u00edch 20 let podnikatel\u00e9 ud\u011blali ohromn\u00fd kus pr\u00e1ce, posunuli se \u00fapln\u011b n\u011bkam jinam, v\u00fdrazn\u011b dop\u0159edu, zapome\u0148me na n\u011bkter\u00e9 podnikatele, kte\u0159\u00ed jsou naz\u00fdv\u00e1ni podnikateli a v podstat\u011b to s podnik\u00e1n\u00edm nikdy nic moc spole\u010dn\u00e9ho nem\u011blo, v\u011bnuje se t\u011bm , kte\u0159\u00ed skute\u010dn\u011b d\u00e1vaj\u00ed ka\u017ed\u00fd den pr\u00e1ci des\u00edtk\u00e1m lid\u00ed, kte\u0159\u00ed z ni\u010deho vybudovali ohromn\u00fd firmy, dneska funk\u010dn\u00ed i v evropsk\u00e9m m\u011b\u0159\u00edtku, t\u011bmhle lidem to vad\u00ed a podle m\u011b tohle je jedin\u00e1 cesta, jak to zm\u011bnit. Jestli to neza\u010dneme m\u011bnit te\u010f, tak j\u00e1 m\u00e1m velk\u00e9 obavy, \u017ee ten trend, kter\u00fd byl nastolen p\u0159ed 8 lety to znamen\u00e1 odchod \u0159ady firem do zahrani\u010d\u00ed, se je\u0161t\u011b zrychl\u00ed. My dneska jsme sv\u011bdky, \u017ee u\u017e jsou to i st\u0159edn\u011b velk\u00e9 firmy, kter\u00e9 odch\u00e1z\u00ed do zahrani\u010d\u00ed a j\u00e1 m\u00e1m velk\u00e9 obavy, \u017ee \u010dase, to budou i mal\u00e9 spole\u010dnosti, ony neopust\u00ed \u010cR, ale budou v\u00fdrazn\u011b optimalizovat p\u0159es zahrani\u010dn\u00ed subjekty placen\u00ed dan\u00ed v t\u00e9to zemi a od toho pak u\u017e nen\u00ed n\u00e1vratu zp\u00e1tky a hlavn\u011b otr\u00e1v\u00edme novou generaci, ta tady prost\u011b nebude cht\u00edt b\u00fdt a nebude cht\u00edt u\u017e tady platit nejen ty dan\u011b, ale v podstat\u011b spl\u00e1cet ty dluhy, kter\u00e9 my jsme v podstat\u011b nad\u011blali.<\/p>\n<p>Moder\u00e1tor:<br \/>\nAno, te\u010f se dost\u00e1v\u00e1me k pr\u016fniku toho, co tady oba dva p\u00e1nov\u00e9 \u0159\u00edkali a Tom\u00e1\u0161 Hal\u00edk to chce doplnit, m\u00e1m na mysli tedy to odch\u00e1zen\u00ed nebo n\u011bjak\u00e9 ot\u00e1zky, jak mlad\u00fdch lid\u00ed tak firem<\/p>\n<p>Tom\u00e1\u0161 Hal\u00edk, filozof, teolog:<br \/>\nJ\u00e1 s n\u00edm hluboce souhlas\u00edm, mysl\u00edm si, \u017ee te\u010fka bylo \u0159e\u010deno mnoho velmi podstatn\u00fdch v\u011bc\u00ed, jednal., \u017ee bychom, m\u011bli mo\u017en\u00e1 prov\u00e9st takovou anal\u00fdzu, co tito politici d\u011blaj\u00ed nebo kolik procent \u010dasu a energie v\u011bnuj\u00ed pro \u010cR a kolik v\u011bnuj\u00ed pro tu vlastn\u00ed politickou sc\u00e9nu, pro ty v\u011bci, kter\u00e9 ti vlastn\u00ed strany spojuje atd., zd\u00e1 se \u017ee prost\u011b toto pohlcuje nejv\u011bt\u0161\u00ed energii. Potom bych velmi souhlasil s t\u00edm, \u017ee skute\u010dn\u011b se bl\u00fdsk\u00e1 na lep\u0161\u00ed \u010dasy mysl\u00edm v t\u00e9 podnikatelsk\u00e9 sf\u00e9\u0159e, v t\u00e9 mlad\u0161\u00ed generaci, u n\u00e1s tak\u00e9 p\u0159ed kr\u00e1tkou dobou to slovo podnikatel bylo ch\u00e1p\u00e1no t\u00e9m\u011b\u0159 jako sprost\u00e9 slovo a bylo to ch\u00e1p\u00e1no podobn\u011b jako dneska je ta pov\u011bst politik\u016f,, ale j\u00e1 se tak\u00e9 setk\u00e1v\u00e1m s \u0159adou podnikatel\u016f, prost\u011b \u0161pi\u010dkov\u00fdch podnikatel\u016f, zejm\u00e9na t\u00e9 mlad\u0161\u00ed generace, kte\u0159\u00ed si skute\u010dn\u011b uv\u011bdomuj\u00ed, \u017ee je t\u0159eba j\u00edt jinak kte\u0159\u00ed se zaj\u00edmaj\u00ed tak\u00e9 o ty mor\u00e1ln\u00ed ot\u00e1zky cht\u011bj\u00ed podporovat kulturn\u00ed v\u011bci a tady, \u017ee tady roste tak\u00e9 p\u0159i nejmen\u0161\u00edm ur\u010dit\u00e9 nezanedbateln\u00e9 procento podnikatel\u016f, kte\u0159\u00ed cht\u011bj\u00ed jinak a kte\u0159\u00ed mohou vlastn\u011b t\u00e9 podnikatelsk\u00e9 sf\u00e9\u0159e vytvo\u0159it trochu lep\u0161\u00ed autoritu, doufejme, \u017ee n\u011bco podoben\u00e9ho by mohlo nastat i v t\u00e9 politick\u00e9 sf\u00e9\u0159e, \u017ee alespo\u0148 \u010d\u00e1st t\u011bch politik\u016f uk\u00e1\u017ee, \u017ee prost\u011b nejede v tom, co se tady okolo n\u00e1s d\u011bje, proto\u017ee ta rezignace mlad\u00fdch lid\u00ed a to velk\u00e9 nebezpe\u010d\u00ed \u017ee mlad\u00ed lid\u00e9 a mozky mlad\u00fdch lid\u00ed, to je ten nejv\u011bt\u0161\u00ed poklad tohoto n\u00e1roda, \u017ee ti lid\u00ed budou odch\u00e1zet do zahrani\u010d\u00ed. Ty mo\u017enosti, kter\u00e9 dneska maj\u00ed, jsou ohromn\u00e9.<\/p>\n<p>Jaroslav M\u00edl, prezident, Svaz pr\u016fmyslu a dopravy:<br \/>\nVyzn\u011blo to tro\u0161ku jako V\u011b\u0159 a v\u00edra tv\u00e1 t\u011b uzdrav\u00ed.<\/p>\n<p>Tom\u00e1\u0161 Hal\u00edk, filozof, teolog:<br \/>\nNo ale ta v\u00edra se mus\u00ed realizovat v \u010dinech.<\/p>\n<p>Moder\u00e1tor:<br \/>\nP\u0159emysl Vacul\u00edk, pane M\u00edle, nezd\u00e1 se v\u00e1m absolutn\u011b divn\u00e9, kdy\u017e ministr dopravy pozastav\u00ed zak\u00e1zky za miliardy y n\u00e1sledn\u011b se vyno\u0159\u00ed kauza na jeho diskreditaci? Nem\u016f\u017ee b\u00fdt toto cel\u00e9 jen objedn\u00e1vkou velk\u00fdch firem, aby tato vl\u00e1da padla jen z d\u016fvod\u016f \u017ee r\u00fdpe do zab\u011bhnut\u00e9ho syst\u00e9mu rozd\u011blov\u00e1n\u00ed velk\u00fdch pen\u011bz majitele firem ze st\u00e1tn\u00edho sektoru? Tak vid\u00edte zat\u00edm skute\u010dnou snahu V\u00edta B\u00e1rty nebo jenom dobr\u00fd marketing, jak mu podsouvaj\u00ed n\u011bkte\u0159\u00ed dal\u0161\u00ed, \u017ee zase tolik jsme toho od n\u011bj nevid\u011bli?<\/p>\n<p>Jaroslav M\u00edl, prezident, Svaz pr\u016fmyslu a dopravy:<br \/>\nJ\u00e1 bych za\u010dal \u00fapln\u011b t\u00edm prvn\u00edm krokem, jestli m\u00e1te uzav\u0159enou platnou smlouvu, to znamen\u00e1 p\u0159estat platit na z\u00e1klad\u011b uzav\u0159en\u00e9 platn\u00e9 smlouvy s t\u00edm, \u017ee sd\u011bl\u00edm, \u017ee partnera nech\u00e1m vyhladov\u011bt a on potom jakoby &#8222;vym\u011bkne&#8220;, je hodn\u011b nestandardn\u00ed krok, m\u00edsto sd\u011blen\u00ed stav\u00edme draho, neefektivn\u011b a nekvalitn\u011b v \u0159ad\u011b p\u0159\u00edpad\u016f a poj\u010fme to tedy syst\u00e9mov\u011b zm\u011bnit, jsme se pustili do v\u00e1lky,, co se t\u00fd\u010de t\u011bch firem podle m\u011b ty velk\u00e9 firmy jsou pov\u011bt\u0161inou zahrani\u010dn\u00ed firmy, to znamen\u00e1 ne \u0159ekn\u011bme napojen\u00fd na st\u00e1t a vlastnicky u\u017e v\u016fbec ne a nep\u0159ece\u0148oval bych zase jejich schopnosti, \u017ee by byli vlastn\u011b tak siln\u00ed, \u017ee by se rozhodli jaksi zlikvidovat jednoho ministra, skute\u010dn\u011b si mysl\u00edm, \u017ee v tomto p\u0159\u00edpad\u011b to je tro\u0161ku o n\u011b\u010dem jin\u00e9m a ten probl\u00e9m p\u0159ece stavebn\u00edch zak\u00e1zek, v\u00fdstavby silnic, d\u00e1lnic u n\u00e1s je n\u011bkde jinde, to je odlo\u017een\u00e1 spot\u0159eba. To, co my jsme ud\u011blali, nen\u00ed \u00faspora, re\u00e1ln\u00e1 \u00faspora nastane ve chv\u00edli, kdy budeme stav\u011bt efektivn\u011bji za m\u00e9n\u011b pen\u011bz a s vy\u0161\u0161\u00ed kvalitou, ale zat\u00edm jsme se rozhodli, \u017ee pozastav\u00edme x staveb, to znamen\u00e1, ud\u011bl\u00e1me je n\u011bkde jin\u00e9 a n\u011bkdy pozd\u011bji, tak\u017ee v tom ta re\u00e1ln\u00e1 \u00faspora nen\u00ed. Mysl\u00edm si, \u017ee pan B\u00e1rta m\u00e1 nestandardn\u00ed metody a mysl\u00edm si, \u017ee up\u0159\u00edmn\u011b \u0159e\u010deno za touto kauzou bych neo\u010dek\u00e1val \u017e\u00e1dn\u00e9 hnut\u00ed podnikatel\u016f nebo n\u011bkoho obdobn\u00e9ho z velk\u00fdch firem, jestli se to nel\u00edb\u00ed t\u011bm, kte\u0159\u00ed \u017eili jaksi z r\u016fzn\u00fdch proviz\u00ed, zak\u00e1zek a okolo takov\u00e9 t\u00e9 \u0161ed\u00e9 ekonomick\u00e9 z\u00f3ny, to bych nenaz\u00fdval podnikatel\u00e9, to jsou mo\u017en\u00e1 zab\u011bhl\u00e9 toky pen\u011bz, pro financov\u00e1n\u00ed v\u0161ech mo\u017en\u00fdch jin\u00fdch \u010dinnost\u00ed, kter\u00e9 s podnik\u00e1n\u00edm nemaj\u00ed co spole\u010dn\u00e9ho a jestli v tom n\u011bkdo jel, tak potom p\u0159edpokl\u00e1d\u00e1m a douf\u00e1m, \u017ee to n\u011bkde n\u011bkdy taky vy\u0161et\u0159\u00ed a p\u0159\u00edslu\u0161n\u00e9 lidi za to potrest\u00e1, proto\u017ee to je re\u00e1ln\u00fd trestn\u00fd \u010din, a ta p\u0159\u00edle\u017eitost tady za posledn\u00ed rok ur\u010dit\u011b k tomu, aby se zve\u0159ejnili, v p\u0159\u00edpad\u011b, \u017ee takov\u00e9 v\u011bci byly, aby se zve\u0159ejnily ty doklady, tak ta \u0161ance tady byla. J\u00e1 si mysl\u00edm, \u017ee se to ud\u011blat potom m\u011blo, jestli\u017ee ta v\u011bc skute\u010dn\u011b takto byla, ale osobn\u011b nep\u0159edpokl\u00e1d\u00e1m, \u017ee by ty nejv\u011bt\u0161\u00ed firmy byly tak skute\u010dn\u011b v\u00fdkonn\u00e9, sp\u00ed\u0161e si mysl\u00edm, \u017ee to v\u017edycky funguje v t\u00e9 \u0161ed\u00e9 z\u00f3n\u011b okolo, jakkoli v p\u0159\u00edpad\u011b t\u00e9to kauzy je ot\u00e1zka, jestli to m\u00e1 v\u016fbec co do \u010din\u011bn\u00ed s aktivitou na Ministerstvu dopravy. T\u011b\u017eko \u0159\u00edct, nev\u00edm, jakkoli v p\u0159\u00edpad\u011b t\u00e9to kauzy je ot\u00e1zka, jestli to m\u00e1 v\u016fbec co do \u010din\u011bn\u00ed s aktivitou na Ministerstvu dopravy. T\u011b\u017eko \u0159\u00edct, nev\u00edm.<\/p>\n<p>Moder\u00e1tor:<br \/>\nTo na co \u010dek\u00e1me dnes ve\u010der, je jak dopadne K9, slova mluv\u010d\u00edho vl\u00e1dy Jana Os\u00facha te\u010f tady u n\u00e1s na \u010cT24.<\/p>\n<p>Jan Os\u00fach, mluv\u010d\u00ed vl\u00e1dy:<br \/>\nHezk\u00fd ve\u010der, d\u00e1my a p\u00e1nov\u00e9, dovolte mi abych v\u00e1m tlumo\u010dil stanovisko koali\u010dn\u00edch l\u00eddr\u016f ve form\u00e1tu K9 po dne\u0161n\u00edm ve\u010dern\u00edm jedn\u00e1n\u00ed, l\u00edd\u0159i koalice se shodli na tom, \u017ee z\u00e1stupci t\u0159\u00ed koali\u010dn\u00edch stran vyj\u00e1d\u0159ili v\u016fli pokr\u010dovat v koali\u010dn\u00edm projektu, o jeho\u017e podm\u00ednk\u00e1ch budou d\u00e1l jednat. Z\u00e1v\u011br t\u011bchto jedn\u00e1n\u00ed se odraz\u00ed v p\u00edsemn\u00e9m dodatku ke koali\u010dn\u00ed smlouv\u011b. Tolik stanovisko po dne\u0161n\u00ed K9, d\u00edky za pozornost.<\/p>\n<p>Moder\u00e1tor:<br \/>\nAno, tak to bylo velmi stru\u010dn\u00e9 sd\u011blen\u00ed od p\u0159edstavitel\u016f vl\u00e1dn\u00ed koalice pro dne\u0161n\u00ed ve\u010der, z\u00e1jem vl\u00e1dnou d\u00e1l spole\u010dn\u011b sestavov\u00e1n\u00ed jak\u00e9hosi koali\u010dn\u00edho dodatku, na kter\u00fd tedy mus\u00edme po\u010dkat jednodu\u0161e a stru\u010dn\u011b \u0159e\u010deno, Martino koment\u00e1\u0159 tv\u016fj bezprost\u0159edn\u00ed.<\/p>\n<p>Martina Lustigov\u00e1, analyti\u010dka \u010cesk\u00e9 televize:<br \/>\nTak je evidentn\u00ed, \u017ee te\u010f nem\u00e1 mysl po\u010d\u00edtat ta tzv. p\u0159eb\u011bhl\u00edky, po\u010d\u00edtat mo\u017enou podporu pro dvoukoali\u010dn\u00ed vl\u00e1du, je z\u0159ejm\u00e9, \u017ee koalice chce pokra\u010dovat v podob\u011b ODS, TOP 09, VV, alespo\u0148 pro dne\u0161n\u00ed ve\u010der, proto\u017ees v \u010desk\u00e9 politice se v\u0161echno m\u011bn\u00ed minutu od minuty nebo hodinu od hodiny, ten p\u00edsemn\u00fd dodatek je ke koali\u010dn\u00ed smlouv\u011b, ten bude velmi zaj\u00edmav\u00fd a up\u0159\u00edmn\u011b \u0159e\u010deno m\u011b te\u010f vte\u0159inu po tom, co Jan Os\u00fach domluvil, nenapad\u00e1 o \u010dem bude, jestli to bude mo\u017en\u00e1 t bude zm\u011bna jednotliv\u00fdch resort\u016f, dovedu si p\u0159edstavil \u017ee premi\u00e9r ne\u010das nebude cht\u00edt m\u00edt VV na Ministerstvu vnitra, bude jim muset d\u00e1t jin\u00fd resort , m\u016f\u017ee tam b\u00fdt n\u011bjak\u00e1 ro\u0161\u00e1da mezi jednotliv\u00fdmi resorty a samoz\u0159ejm\u011b premi\u00e9r \u0159ekl tu\u0161\u00edm v sobotu, \u017ee \u017e\u00e1dn\u00fd ze 14 ministr\u016f nem\u00e1 sv\u00e9 m\u00edsto jist\u00e9, tak\u017ee tam m\u016f\u017ee b\u00fdt dohoda na tom, kdo by dal\u0161\u00ed mohl odej\u00edt, ale konkr\u00e9tn\u011b te\u010f \u0159\u00edct neum\u00edm, kdo odejde.<\/p>\n<p>Moder\u00e1tor:<br \/>\nJak to dopadne podle v\u00e1s, pane M\u00edle, sly\u0161\u00edme tady jak\u00e9si deklarace tedy o tom, \u017ee se pokus\u00ed udr\u017eet ten koali\u010dn\u00ed projekt pohromad\u011b, to je z\u0159ejm\u00e9,l jak to \u010dtete vy?<\/p>\n<p>Jaroslav M\u00edl, prezident, Svaz pr\u016fmyslu a dopravy:<br \/>\nNe, j\u00e1 si mysl\u00edm, \u017ee vl\u00e1da pokra\u010dovat bude, j\u00e1 jsme ani nic jin\u00e9ho up\u0159\u00edmn\u011b \u0159e\u010deno nep\u0159edpokl\u00e1dal, pro m\u011b Jan je sp\u00ed\u0161e smutn\u00fdm zji\u0161t\u011bn\u00edm, \u017ee kdyby se postavila vl\u00e1da na \u00fapln\u011b jin\u00e9m p\u016fdorysu s jinou stranou, \u017ee by to nebylo v\u00fdrazn\u011b lep\u0161\u00ed, z toho j\u00e1 m\u00e1m sp\u00ed\u0161e po pravd\u011b \u0159e\u010deno tavby, ale j\u00e1 bych si skute\u010dn\u011b p\u0159\u00e1l to, co si asi p\u0159ejeme my v\u0161ichni, aby skute\u010dn\u011b tohle byl sign\u00e1l k tomu, \u017ee se ud\u011bl\u00e1 harmonogram, v\u011bcn\u00fd, \u010dasov\u00fd, konkr\u00e9tn\u00edch krok\u016f, reformn\u00edch krok\u016f, kter\u00fd z\u00e1sadn\u00edm zp\u016fsobem daj\u00ed do po\u0159\u00e1dku stav ve\u0159ejn\u00fdch financ\u00ed, proto\u017ee jinak zat\u00edm to zadlu\u017eov\u00e1n\u00ed pokra\u010duje vesele d\u00e1l a jestli\u017ee tento program bude do 14 dn\u016f prost\u011b p\u0159edlo\u017een a bude do z\u00e1\u0159\u00ed zrealizov\u00e1n, co\u017e si mysl\u00edm, \u017ee po roce \u010dinnosti by ta vl\u00e1da ,m\u011bla b\u00fdt schopna ud\u011blat, tak p\u00e1n B\u016fh zapla\u0165, jestli\u017ee ne, tak ta vl\u00e1da ztratila jak\u00fdkoli smysl toho, aby vl\u00e1dla dal\u0161\u00ed dva roky a v\u00edce m\u00e9n\u011b je to jenom marn\u011bn\u00ed \u010dasu, tak\u017ee j\u00e1 douf\u00e1m, \u017ee k tomu dojde, dr\u017eme palce n\u00e1m v\u0161em.<\/p>\n<p>Martina Lustigov\u00e1, analyti\u010dka \u010cesk\u00e9 televize:<br \/>\nMo\u017en\u00e1 je\u0161t\u011b jedna v\u011bc, v\u016fle pokra\u010dovat v koali\u010dn\u00edm projektu, mo\u017en\u00e1 je to v\u011bta ur\u010den\u00e1 ani ne tak n\u00e1m tady ve studiu nebo lidem, ale mo\u017en\u00e1 je to v\u011bta m\u00ed\u0159en\u00e1 na Pra\u017esk\u00fd rad, prost\u011b prezident dostal jasn\u00fd sign\u00e1l, jak ta vl\u00e1da d\u00e1l bude pokra\u010dovat\u00a8, v\u00ed jak\u00fd je pl\u00e1n a mo\u017en\u00e1 u\u017e mu nebude nic br\u00e1nit v tom, aby, jak je v \u00dastav\u011b d\u00e1no, prezident republiky odvolal \u010dlena vl\u00e1dy, jestli\u017ee to navrhne p\u0159edseda vl\u00e1dy.<\/p>\n<p>Moder\u00e1tor:<br \/>\nPane profesore.<\/p>\n<p>Tom\u00e1\u0161 Hal\u00edk, filozof, teolog:<br \/>\nJ\u00e1 si taky mysl\u00edm, \u017ee tohleto bude ten prvn\u00ed krok,\u017ee bude pokus o jakousi ro\u0161\u00e1du a kompromis, aby ty VV neztratily svoji tv\u00e1\u0159, tak se budou sna\u017eit uhr\u00e1t, n\u011bkter\u00e9 ty osoby asi neuhraj\u00ed, prost\u011b ty nezkompromitovan\u011bj\u0161\u00ed neuhraj\u00ed, tahleta kl\u00ed\u010dov\u00e1 ministerstva, pravd\u011bpodobn\u011b ODS ud\u011bl\u00e1 ten jeden \u00fastupek v p\u0159\u00edpad\u011b ministra Vondry, ale to v\u0161echno uvid\u00edme, j\u00e1 si mysl\u00edm, \u017ee skute\u010dn\u011b ta hra je rozehran\u00e1,l \u017ee by bylo asi dob\u0159e, kdyby ta zrekonstruovan\u00e1 vl\u00e1da dostala \u0161anci v tom pokra\u010dovat, ale mus\u00ed si uv\u011bdomit, \u017ee m\u00e1 nad sebou Damokl\u016fv me\u010d, mus\u00ed uv\u011bdomit, \u017ee ve\u0159ejnost,l m\u00e9dia, opozice bude hl\u00eddat ka\u017ed\u00fd krok a \u017ee by se z tohohle m\u011bla skute\u010dn\u011b pou\u010dit, \u017ee nyn\u00ed u\u017e nemohou si hr\u00e1t mezi sebou prost\u011b o sv\u00e9 p\u00edse\u010dky, ale za\u010d\u00edt \u0159e\u0161it ty skute\u010dn\u00e9 bolav\u00e9 probl\u00e9my, ty velk\u00e9 re\u00a8formy, aby to bylo v takov\u00e9m autu, \u017ee jo, to byla z\u00e1le\u017eitost nap\u0159\u00edklad t\u00e9 reformy zdravotnictv\u00ed, ta l\u00e9ka\u0159sk\u00e1 kauza, tak j\u00e1 tady st\u00e1le dost\u00e1v\u00e1m hrozn\u00e9 dopisy od lid\u00ed, \u017ee jsme podpo\u0159il tu l\u00e9ka\u0159skou v\u00fdzvu, ono to bylo tro\u0161ku jinak, j\u00e1 jsem \u0159ekl, \u017ee proti t\u00e9 podob\u011b t\u00e9 v\u00fdzvy m\u00e1m velik\u00e9 v\u00fdhrady, ale \u017ee jsme p\u0159esv\u011bd\u010den, \u017ee ten probl\u00e9m je v tom, \u017ee ten syst\u00e9m zdravotnictv\u00ed je \u0161patn\u011b nastaven, \u017ee je tam korupce, \u017ee je tam \u0161patn\u00e1 l\u00e9kov\u00e1 politika, \u017ee je tam, \u0161patn\u00e1 politika zdravotnick\u00fdch poji\u0161\u0165oven a \u017ee ty pen\u00edze, kter\u00e9 tam te\u010dou, by m\u011bli b\u00fdt pou\u017e\u00edv\u00e1ny l\u00e9pe, nap\u0159\u00edklad na to, aby se zv\u00fd\u0161ily ty platy zdravotn\u00edk\u016f, l\u00e9ka\u0159\u016f a zdravotn\u00edk\u016f, a jestli\u017ee se to \u0159e\u0161ilo t\u00edm, samoz\u0159ejm\u011b bohu\u017eel se na tom podepsala i ta ne\u0161\u0165astn\u00e1 kampa\u0148 \u010d\u00e1sti t\u011bch l\u00e9ka\u0159\u016f, \u017ee to hloup\u00e9 heslo N\u00e1\u0161 exodus, v\u00e1\u0161 exitus atd., ale \u017ee se poda\u0159ilo vnutit ve\u0159ejnosti p\u0159edstavu, \u017ee l\u00e9ka\u0159\u016fm jde jenom o to zv\u00fd\u0161en\u00ed plat\u016f a \u017ee na konec tohleto nastalo, do zna\u010dn\u00e9 m\u00edry, ale to, co m\u011blo nastat, ta reforma zdravotnictv\u00ed , to aby ty pen\u00edze prost\u011b nebyly n\u011bkde se na\u0161ly, aby se prost\u011b ti l\u00e9ka\u0159i uklidnili, ale \u017ee se tady provede skute\u010dn\u011b dobr\u00e1 reforma toho zdravotnick\u00e9ho syst\u00e9mu, o kter\u00e9 se tady hovo\u0159\u00ed 20 let, ale \u017e\u00e1dn\u00e1 ta vl\u00e1da to neud\u011blala, tak j\u00e1 ch\u00e1pou,. \u017de ti l\u00e9ka\u0159i prost\u011b pou\u017eili mimo\u0159\u00e1dn\u00e9 prost\u0159edky, aby t\u00e9 vl\u00e1d\u011b \u0159ekli, tak kone\u010dn\u011b s n\u00edm n\u011bco ud\u011blejte, ona s n\u00ed vlastn\u011b to podstatn\u00e9 neud\u011blala, tak\u017ee mnoho t\u011bch reforem prost\u011b z\u016fstalo na rovin\u011b r\u00e9toriky ne na rovin\u011b \u010din. Tohleto by se te\u010f m\u011blo zm\u011bnit a ta vl\u00e1da dostane-li \u0161anci, tak by si mn\u011bla b\u00fdt v\u011bdoma, \u017ee j\u00ed v\u0161ichni budou hl\u00eddat, jestli jedn\u00e1.<\/p>\n<p>Moder\u00e1tor:<br \/>\nAno, div\u00e1ci samoz\u0159ejm\u011b u\u017e komentuj\u00ed to, co sly\u0161eli, ten skute\u010dn\u011b mikrostatemant, to mikro vyj\u00e1d\u0159en\u00ed Jana Os\u00facha, mluv\u010d\u00edho vl\u00e1dy \u010cR, kter\u00fd n\u00e1m ozn\u00e1mil, \u017ee koalice je p\u0159ipravena pracovat na tom, aby spole\u010dn\u011b pokra\u010dovala, co\u017e z\u0159ejm\u011b v t\u00e9to chv\u00edli u\u017e \u010din\u00ed, pravd\u011bpodobn\u011b p\u0159edpokl\u00e1d\u00e1m, se pustili do tvorby onoho koali\u010dn\u00edho dodatku a jak to komentujete. Ji\u0159\u00ed Voj\u00e1\u010dek, vl\u00e1da &#8222;budeme se dr\u017eet koryt, kdyby hrom bil&#8220; Mirek Trengler, po sd\u011blen\u00ed vl\u00e1dn\u00edho tiskov\u00e9ho mluv\u010d\u00edho m\u00e1m pocit, \u017ee si z n\u00e1s vl\u00e1dn\u00ed strany d\u011blaj\u00ed dobr\u00fd den, Petr Such\u00e1nek, ha, ha Klaus zavelel, sklaply kufry a karavana kr\u00e1\u010d\u00ed d\u00e1l, ale Ne\u010das by te\u010f m\u011bl podat demisi, proto\u017ee je tot\u00e1ln\u011b ztrapn\u011bn, tak moc to zat\u00edm na\u0161i div\u00e1ci nevzali, to jsou alespo\u0148 prvn\u00ed bezprost\u0159edn\u00ed koment\u00e1\u0159e, pane M\u00edle, kdy\u017e u\u017e jsme u osoby pana premi\u00e9ra, jak vn\u00edm\u00e1te jeho akceschopnost a to, co zatl\u00edm d\u011bl\u00e1 tv\u00e1\u0159\u00ed v tv\u00e1\u0159 t\u00e9 situaci slo\u017eit\u00e9?<\/p>\n<p>Jaroslav M\u00edl, prezident, Svaz pr\u016fmyslu a dopravy:<br \/>\nVy m\u011b dost\u00e1v\u00e1te do situace, kdy jsem podobn\u011b komentoval vystupov\u00e1n\u00ed p\u0159edsedy vl\u00e1dy \u0160pidly, na n\u011bkter\u00e9 v\u011bci, je slu\u0161nost a poctivost \u0159ekn\u011bme podm\u00ednkou nutnou nikoli posta\u010duj\u00edc\u00ed. J\u00e1 si mysl\u00edm, \u017ee p\u0159edseda vl\u00e1dy m\u00e1 b\u00fdt hodn\u00fd vodi\u010d zl\u00fdch ps\u016f a ne m\u00e1-li povahu principu slu\u0161nou si hr\u00e1t na zl\u00e9ho a razantn\u00edho, a p\u0159edseda vl\u00e1dy m\u00e1 m\u00edt tu schopnost, tomu \u010demu se \u0159\u00edk\u00e1 leadershift a tahle vl\u00e1da v podstat\u011b doch\u00e1z\u00ed evidentn\u011b na neschopnost \u0159\u00edzen\u00ed zm\u011bny, komunikace zm\u011bny, krizov\u00fd managament, to je to co v podstat\u011b nastoupila, to je to, co ka\u017ed\u00fd podnikatel zn\u00e1, ka\u017ed\u00fd manager, kter\u00fd \u0159\u00eddil podnik v krizi, musel prov\u00e9st ur\u010ditou zm\u011bnu, v\u00ed jak je nutn\u00e9 tuhle oblast ,komunikovat, to znamenan\u00e1, premi\u00e9r je ve slo\u017eit\u00e9 situaci u sv\u00e9 strany a pochopiteln\u011b i sm\u011brem ke koali\u010dn\u00edm partner\u016fm a bude hodn\u011b t\u011b\u017eko hledat p\u016fdu pod nohama. J\u00e1 si mysl\u00edm, \u017ee jestli bych mohl poradit, j\u00e1 jsme se v\u017edycky \u0159\u00eddil t\u00edm heslem, \u017ee jsem si vyb\u00edral pod\u0159\u00edzen\u00e9, kte\u0159\u00ed byli v\u0161ichni chyt\u0159ej\u0161\u00ed jak j\u00e1 a schopn\u011bj\u0161\u00ed, tak\u017ee bych mo\u017en\u00e1 doporu\u010dil, aby si do vl\u00e1dy vzal lidi, kte\u0159\u00ed jsou v\u00fdrazn\u011b lep\u0161\u00ed a schopn\u011bj\u0161\u00ed ne\u017e je on s\u00e1m a neb\u00e1l se jaksi kou\u010dovat ten t\u00fdm, d\u00e1t mu jasn\u00e9 mantinely, jasn\u00fd sm\u011br, jasn\u00fd harmonogram a pochopiteln\u011b dohl\u00ed\u017eet n a to, aby byl napl\u0148ov\u00e1n a \u0159ekn\u011bme komunikovat to s ve\u0159ejnost\u00ed, to je v\u011bc, kterou by m\u011bl d\u011blat. P\u0159edseda vl\u00e1dy tady nen\u00ed od toho, aby tr\u00e1vil 14 hodin denn\u011b za psac\u00edm stolem, aby pracoval, aby tis\u00edce v\u011bc\u00ed \u010detl, to nen\u00ed jeho role, to bohu\u017eel a mysl\u00edm si nebo p\u0159\u00e1l bych mu, aby to v podstat\u011b zm\u011bnil v p\u0159\u00edpad\u011b, \u017ee nedojde k t\u00e9 zm\u011bn\u011b, tak bude m\u00edt v\u011bt\u0161\u00ed a v\u011bt\u0161\u00ed probl\u00e9my a to, co jsme byli sv\u011bdky, te\u010fka se bude v podstat\u011b opakovat b\u011bhem dal\u0161\u00edch p\u00e1r m\u011bs\u00edc\u016f v jin\u00e9m,. V bled\u011bmodr\u00e9m.<\/p>\n<p>Moder\u00e1tor:<br \/>\nDal\u0161\u00ed koment\u00e1\u0159e Michala Kajdl vzkaz od K9 takovouto formou stru\u010dn\u011b a nep\u0159\u00edmo bez mo\u017enosti polo\u017eit ot\u00e1zku je pohrd\u00e1n\u00ed ve\u0159ejnost\u00ed, mysl\u00ed si Michal, V\u00e1clav \u0160t\u011bpa\u0159,. Tak jsme se dohodli a hur\u00e1 do kant\u00fdny na p\u00e1rek a rum za dvacku, te\u010f v\u00e1\u017en\u011b pokud sou\u010d\u00e1st\u00ed dohody je odchod Johna a Dobe\u0161e bez toho, ani\u017e by skon\u010dil Kalousek, tak u\u017e si pi\u0161t\u011b epitaf na politick\u00fd hrob. Martino t\u00edmto sm\u011b\u0159uji te\u010f k tob\u011b a k t\u011bm p\u0159\u00edpadn\u00fdm \u0161ach\u016fm v sestav\u011b t\u00e9 vl\u00e1dn\u00ed sestavy, tedy v tom, jak bude vypadat p\u0159\u00ed\u0161t\u00ed kabinet, potom, co dnes nab\u00eddl svou funkci Alexandr Vondra, tak jak mysl\u00ed\u0161, \u017ee je to rozehran\u00e9 uvnit\u0159 t\u00e9 koalice?<\/p>\n<p>Martina Lustigov\u00e1, analyti\u010dka \u010cesk\u00e9 televize:<br \/>\nNem\u011bli jsme mo\u017enost po jedn\u00e1n\u00ed K9 te\u010f mluvit s n\u011bkter\u00fdmi s t\u011bch politik\u016f, ale Alexandr Vondra pravd\u011bpodobn\u011b z vl\u00e1dy odejde, kdy\u017e dnes nab\u00eddl funkci k dispozici ur\u010dit\u011b to nebylo bez v\u011bdom\u00ed premi\u00e9ra Ne\u010dase, ta jeho pozice byla u\u017e dlouhodob\u011b neudr\u017eiteln\u00e1 na jeho odbod tla\u010dila opozice, zva\u017eovala i hlasov\u00e1n \u00ed o ned\u016fv\u011b\u0159e vl\u00e1d\u011b, na jeho odchod tla\u010dili koali\u010dn\u00ed partne\u0159i, tak\u017ee u\u017e jsem si neum\u011bla moc dlouho p\u0159edstavit, \u017ee by Alexandr Vondra ve vl\u00e1d\u011b nad\u00e1le sed\u011bl, ot\u00e1zka je, jak to bude s Radkem Johnem, jestli p\u0159ijde jenom o k\u0159eslo ministra vnitra a nebo jako p\u0159edseda koali\u010dn\u00ed strany z\u016fstane ve vl\u00e1d\u011b na n\u011bkter\u00e9m jin\u00e9m ministerstvu, proto\u017ee velmi pravd\u011bpodobn\u00e1 je ta ro\u0161\u00e1da. Nop velk\u00fd otazn\u00edk je nad osudem Miroslava Kalouska, jeho\u017e odchod po\u017eaduj\u00ed VV a TOP 09, alespo\u0148 zat\u00edm odpoledne p\u0159ed tou K9 bylo to stanovisko jednozna\u010dn\u00e9, Miroslava Kalouska ned\u00e1me, respektive ned\u00e1me \u017e\u00e1dn\u00e9ho z ministr\u016f, proto\u017ee se sv\u00fdmi ministry jsme spokojeni, \u0159\u00edkali politici TOP 09.<\/p>\n<p>Moder\u00e1tor:<br \/>\nAno ostatn\u011b V\u00edt B\u00e1rta a Miroslav Kalousek se m\u011bli zeptat \u00fadajn\u011b, co\u017e je zaj\u00edmav\u00e1 okolnost jist\u011b v t\u00e9to situaci.<\/p>\n<p>Martina Lustigov\u00e1, analyti\u010dka \u010cesk\u00e9 televize:<br \/>\nRozhodn\u011b ano, ale bylo to chv\u00edli p\u0159edt\u00edm, ne\u017e jsme za\u010dali vys\u00edlat, tak\u017ee podrobnosti up\u0159\u00edmn\u011b \u0159e\u010deno nezn\u00e1m.<\/p>\n<p>Moder\u00e1tor:<br \/>\nMy ka\u017edop\u00e1dn\u011b vol\u00e1me na v\u0161echny strany. Jin\u00fdmi slovy sna\u017e\u00edme se zjistit, kolegov\u00e9, kte\u0159\u00ed jsou v z\u00e1kulis\u00ed, n\u011bco v\u00edc o tom, co se na t\u00e9 koalici odehr\u00e1lo. Vypad\u00e1 to, \u017ee to bude velmi t\u011b\u017ek\u00e9. Ka\u017edop\u00e1dn\u011b v akci jsou tak\u00e9 kolegov\u00e9 z Ud\u00e1lost\u00ed, koment\u00e1\u0159\u016f po cel\u00fd den. Tak\u017ee doufejme, \u017ee v kr\u00e1tk\u00e9 dob\u011b se dozv\u00edte n\u011bco v\u00edc o tom, co se pe\u010de na t\u00e9 koali\u010dn\u00ed \u00farovni. Na Facebooku se pt\u00e1 Honza. Dobr\u00fd ve\u010der. Nemysl\u00edte si, \u017ee tento v\u00fdvoj u n\u00e1s je \u010d\u00e1ste\u010dn\u011b p\u0159irozen\u00fd? Mysl\u00edm si, \u017ee z\u00e1padn\u00ed demokracie, t\u0159eba USA, si podobn\u00fdm v\u00fdvojem tak\u00e9 pro\u0161ly a te\u010f jsou mnohem vysp\u011blej\u0161\u00ed d\u00edky zaveden\u00fdm protikorup\u010dn\u00edm mechanism\u016fm. My se k tomu snad \u010dasem taky dostaneme. Tak pane M\u00edle, \u010dasto je tady takov\u00fd n\u00e1zor, \u017ee v zahrani\u010d\u00ed je vlastn\u011b v\u0161echno lep\u0161\u00ed. My jsme v\u010dera nadhodili div\u00e1k\u016fm, \u017ee bychom taky ud\u011blali trochu takov\u00fd pokus o srovn\u00e1vac\u00ed seri\u00e1l, abychom zjistili realisticky, k \u010demu bychom se mohli up\u00ednat. Nebo taky jestli n\u00e1hodou podobn\u00e9 mechanismy skute\u010dn\u011b nefunguj\u00ed i jinde a jestli v tomto sm\u011bru si t\u0159eba myln\u011b nemysl\u00edme, \u017ee jsme a\u017e takov\u00fd unik\u00e1t sv\u011btov\u00fd.<\/p>\n<p>Jaroslav M\u00edl, prezident, Svaz pr\u016fmyslu a dopravy:<br \/>\nTakhle. Korupce funguje v\u0161ude na sv\u011bt\u011b. Politick\u00e1 korupce pochopiteln\u011b i ve Spojen\u00fdch st\u00e1tech, v N\u011bmecku, v Anglii, v\u0161ude jinde. Mo\u017en\u00e1 v jin\u00fdch mechanismech. Ne tak brut\u00e1ln\u011b jako u n\u00e1s. Ka\u017edop\u00e1dn\u011b ta spole\u010dnost m\u00e1 daleko v\u011bt\u0161\u00ed v\u016fli to \u0159e\u0161it. I ti politikov\u00e9. Ty elity prost\u011b tomu nenech\u00e1vaj\u00ed voln\u00fd pr\u016fb\u011bh. Ale berte to jako m\u016fj osobn\u00ed n\u00e1zor. Podle m\u011b ten z\u00e1kladn\u00ed rozd\u00edl je v tom, \u017ee vy nemus\u00edte souhlasit s t\u00edm, co d\u011bl\u00e1 \u0159ekn\u011bme Barack Obama ve Spojen\u00fdch st\u00e1tech jako prezident, ale v principu se nestal prezidentem proto, aby jaksi zajistil pen\u00edze pro sebe nebo pro svoji stranu. To nebyl hlavn\u00ed \u00fakol. On p\u0159i\u0161el a cht\u011bl b\u00fdt prezidentem proto, aby posunul Spojen\u00e9 st\u00e1ty n\u011bjak\u00fdm sm\u011brem, kter\u00fd jemu teda vyhovuje. M\u016f\u017eete na to m\u00edt ka\u017ed\u00fd n\u011bjak\u00fd n\u00e1zor. Ale nep\u0159i\u0161el tam s t\u00edm, \u017ee v uvozovk\u00e1ch tu situaci, \u017ee si te\u010f napln\u00ed kapsy a zajist\u00ed se. A j\u00e1 m\u00e1m ob\u010das pocit, \u017ee v zem\u00edch typu \u010cR a n\u011bkter\u00fdch zem\u00edch okolo n\u00e1s prost\u011b se \u0159ada lid\u00ed stala politiky proto, aby se zabezpe\u010dila. A to je ten z\u00e1kladn\u00ed rozd\u00edl, kter\u00fd bych vid\u011bl t\u0159eba v porovn\u00e1n\u00ed i s N\u011bmeckem. Pan\u00ed Merkelov\u00e1 se ur\u010dit\u011b nestala kancl\u00e9\u0159kou nebo \u0161\u00e9fovou nejv\u011bt\u0161\u00ed politick\u00e9 strany v N\u011bmecku proto, aby se finan\u010dn\u011b zajistila. P\u0159i\u0161la s viz\u00ed, \u017ee chce posunout N\u011bmecko jaksi sm\u011brem d\u00e1l, celou tu spole\u010dnost dop\u0159edu. A to bych \u0159ekl, \u017ee je asi nejv\u011bt\u0161\u00ed rozd\u00edl v porovn\u00e1n\u00ed s n\u011bkter\u00fdmi lidmi, kter\u00e9 j\u00e1 dneska v\u00edd\u00e1m \u0159ekn\u011bme v \u010cesk\u00e9 televizi jako p\u0159edstavitele, politick\u00e9 p\u0159edstavitele, kde m\u00e1m prost\u011b pocit, ano, dostal se tam a je tam proto, aby zajistil zdroje pro tohle, pro tohle, pro tohle a pro sebe, ale to p\u0159ece nen\u00ed c\u00edl. A to je mo\u017en\u00e1 ten nejv\u011bt\u0161\u00ed rozd\u00edl, kdy\u017e se zept\u00e1m teda na dom\u00e1c\u00ed a zahrani\u010dn\u00ed politickou sc\u00e9nu a \u0159ekn\u011bme na ty vysp\u011blej\u0161\u00ed zem\u011b.<\/p>\n<p>Moder\u00e1tor:<br \/>\nNo n\u011bkdo by v\u00e1m mo\u017en\u00e1 mohl zase nam\u00edtnout, \u017ee kdy\u017e sledujeme tu st\u00e1vaj\u00edc\u00ed situaci a to, co se d\u011bje kolem V\u00edta B\u00e1rty a podez\u0159en\u00ed, kter\u00e1 jsou tedy spojen\u00e1 s n\u00edm, jestli taky na druhou stranu, samoz\u0159ejm\u011b s t\u00edm, \u017ee \u010dek\u00e1me na to, jak to v\u0161echno dopadne, jak to vysv\u011btl\u00ed, jak se to p\u0159\u00edpadn\u011b vy\u0161et\u0159\u00ed atd., to p\u0159edes\u00edl\u00e1m, tak jestli teoreticky taky ale nen\u00ed problematick\u00e9, kdy\u017e ten \u010dlov\u011bk zase m\u00e1 hodn\u011b pen\u011bz.<\/p>\n<p>Jaroslav M\u00edl, prezident, Svaz pr\u016fmyslu a dopravy:<br \/>\nNe, takhle, j\u00e1 jsem mluvil o tom, co je motivem vstoupit do politiky. Jestli je tam motivem si vyd\u011blat a vyd\u011blat si je\u0161t\u011b v\u00edce nebo je tam motivem ud\u011blat n\u011bco pro tu zem. M\u016fj pocit je, \u017ee mnoho lid\u00ed v \u010cR vstupuje do politiky proto, aby bu\u010f jaksi zajistili sebe nebo sv\u00e9 kamar\u00e1dy okolo. A te\u010f je jedno, jestli tu \u010d\u00e1stku, kterou p\u0159i vstupu do politiky m\u011bli 500 tis\u00edc korun, 20 tis\u00edc korun nebo 500 milion\u016f. To je te\u010fka v podstat\u011b jedno. A co se t\u00fd\u010de pana B\u00e1rty, j\u00e1 si mysl\u00edm, \u017ee velk\u00e1 \u010d\u00e1st ob\u010dan\u016f si mus\u00ed kl\u00e1st ot\u00e1zku, co tady d\u011blaly r\u016fzn\u00e9 zpravodajsk\u00e9 slu\u017eby, jestli n\u00e1hodou tedy jaksi&#8230; Bu\u010f ty sd\u011blen\u00fd Mlad\u00fd fronty jsou nepravdiv\u00fd a nebo jsou pravdiv\u00fd, ale pak na to ty slu\u017eby m\u011bly upozornit a ne proto, \u017ee by \u0161pehovaly politiky, ale proto, \u017ee celkem logicky mus\u00ed se infiltrovat a fungovat i ve sm\u011bru \u0159ekn\u011bme k bezpe\u010dnostn\u00edm agentur\u00e1m. To znamen\u00e1, d\u0159\u00edv \u010di pozd\u011bji na to museli narazit. Tak si ob\u010das kladu takovou ot\u00e1zku s\u00e1m pro sebe, jestli t\u0159eba d\u016fvod neodvol\u00e1n\u00ed n\u011bkter\u00fdch lid\u00ed nen\u00ed bu\u010f proto, \u017ee informace Mlad\u00e9 fronty nejsou pravdiv\u00e9 anebo \u017ee to je natolik norm\u00e1ln\u00ed, \u017ee jsme si na to zvykli a nen\u00ed d\u016fvod ty lidi odvol\u00e1vat. Ale ka\u017edop\u00e1dn\u011b mn\u011b to p\u0159ijde docela alarmuj\u00edc\u00ed a mysl\u00edm si, \u017ee by se nem\u011blo z\u016fstat jenom u tohoto. M\u011blo by se pokra\u010dovat v podstat\u011b d\u00e1l, proto\u017ee toto je p\u0159\u00edle\u017eitost k ur\u010dit\u00e9 o\u010dist\u011b a bu\u010f ji jsme ochotni realizovat anebo chceme jenom o tom pov\u00eddat. Chceme-li o tom pov\u00eddat, tak pros\u00edm.<\/p>\n<p>Tom\u00e1\u0161 Hal\u00edk, filozof, teolog:<br \/>\nJ\u00e1 si mysl\u00edm, \u017ee takov\u00e1 ta patologie, ty patologick\u00e9 rysy jsou samoz\u0159ejm\u011b v\u0161ude, ale \u017ee u n\u00e1s ta patologie za\u010d\u00edn\u00e1 b\u00fdt ch\u00e1p\u00e1na jako norma, jako n\u011bco samoz\u0159ejm\u00e9ho. To, \u017ee n\u011bkde p\u016fjdou kari\u00e9rist\u00e9 za pen\u011bzi a moc\u00ed, to je z\u0159ejm\u00e9. Ale \u017ee se to bude ch\u00e1pat jako n\u011bco, co je vlastn\u011b norm\u00e1ln\u00ed, \u017ee kdy\u017e prezident Nixon jednou ve\u0159ejn\u011b zalhal, tak prost\u011b musel podat demisi. Kdyby \u0161el do \u0161koly na\u0161ich politik\u016f, tak se zasm\u011bje, \u0159ekne, j\u00e1 jsem mystifikoval a co m\u00e1 b\u00fdt. A prost\u011b jede se d\u00e1l. Tak\u017ee to, co tak\u00e9 spole\u010dnost je schopna jakoby spolknout a vypl\u00fdv\u00e1 to z toho cynismu, kter\u00fd je samoz\u0159ejm\u011b odrazem toho, co vid\u00edme u t\u011bch politik\u016f, ale co spole\u010dnost do zna\u010dn\u00e9 m\u00edry p\u0159ijala, \u017ee oni jsou tedy ro\u0161\u0165\u00e1ci, to je samoz\u0159ejm\u00e9, v\u00edme, \u017ee to jsou v\u0161echno ro\u0161\u0165\u00e1ci, nic od nich dal\u0161\u00edho ne\u010dek\u00e1me. A to je potom takov\u00e9 spojit\u00e9 n\u00e1doby. \u017de s to ch\u00e1pe jako n\u011bco, co je vlastn\u011b samoz\u0159ejm\u00e9. \u010cili k demokracii pat\u0159\u00ed tak\u00e9 ur\u010dit\u00e1 mor\u00e1ln\u00ed kultura, pat\u0159\u00ed tady skute\u010dn\u011b ta p\u0159\u00edtomnost t\u00e9 ob\u010dansk\u00e9 spole\u010dnosti, kter\u00e1 vytv\u00e1\u0159\u00ed jakousi tu z\u00e1kladn\u00ed strukturu, kde se p\u0159ed\u00e1vaj\u00ed hodnoty. A to je n\u011bco, co po\u0159\u00e1d se u n\u00e1s podce\u0148uje. \u017de jsou tady ty mechanismy, mnohokr\u00e1t jsme o tom mluvili, \u017ee jsou tady ty mechanismy trhu a mechanismy voleb. Ale tohleto jsou jako org\u00e1ny v t\u011ble, ale \u017ee tady n\u011bjak\u00fdm zp\u016fsobem nefunguje ta cirkulace krve. A to je pr\u00e1v\u011b ta ob\u010dansk\u00e1 spole\u010dnost, ta komunikace. Demokracie je ur\u010dit\u00e1 kultura komunikace mezi lidmi. Tak\u00e9 to, \u017ee ti politici nejsou schopni a ochotni ty sv\u00e9 kroky srozumiteln\u011b vysv\u011btlit. \u017de vid\u00edme ten arogantn\u00ed styl. To je n\u011bco, co mn\u011b stra\u0161n\u011b vad\u00ed. Bylo by dobr\u00e9 tak\u00e9 naslouchat jenom t\u0159eba stylu, jak ti lid\u00e9 hovo\u0159\u00ed. Zkusme jednou si ud\u011blat anal\u00fdzu prost\u011b r\u00e9toriky a \u0159e\u010di a dikce V\u00edta B\u00e1rty, Kalouska, prezidenta Klause. To je prost\u011b specifick\u00e1 dikce, v kter\u00e9 j\u00e1 prost\u011b c\u00edt\u00edm tu ne\u00factu k lidem.<\/p>\n<p>Jaroslav M\u00edl, prezident, Svaz pr\u016fmyslu a dopravy:<br \/>\nSamoz\u0159ejm\u011b tam c\u00edt\u00edte, jestli l\u017ee nebo ne.<\/p>\n<p>Martina Lustigov\u00e1, analyti\u010dka \u010cesk\u00e9 televize:<br \/>\nJ\u00e1 bych mo\u017en\u00e1 jenom p\u0159ipomn\u011bla, kdy\u017e je tady to znechucen\u00ed t\u011bmi skand\u00e1ly, af\u00e9rami, mystifikacemi, tak j\u00e1 bych se jenom vr\u00e1tila d\u00e1vno do \u010desk\u00e9 historie, \u010deskoslovensk\u00e9 historie. Za prvn\u00ed republiky nebylo o mnoho l\u00e9pe. Za prvn\u00ed republiky existovala \u0159ada skand\u00e1l\u016f. Samoz\u0159ejm\u011b politici odstupovali, neodstupovali. Byly tam r\u016fzn\u00e9 tlaky. Dnes je skoro nemysliteln\u00e9, \u017ee by se jeden politik zbavil sv\u00e9ho konkurenta, \u0159ekn\u011bme v uvozovk\u00e1ch, mystifikac\u00ed, \u017ee ten konkurent trp\u00ed syfilitidou a to zatem\u0148uje jeho mozek. To se d\u011blo za prvn\u00ed republiky. Tak\u017ee ani tehdy&#8230;<\/p>\n<p>Moder\u00e1tor:<br \/>\nAno. To jsou mystifikace z jin\u00e9 doby. \u0158\u00edk\u00e1 Martina Lustigov\u00e1, kter\u00e1&#8230;<\/p>\n<p>Martina Lustigov\u00e1, analyti\u010dka \u010cesk\u00e9 televize:<br \/>\nP\u0159esn\u011b tak. Tak jenom abychom nehled\u011bli na dne\u0161n\u00ed dobu tak \u010dern\u011b, \u017ee i tehdy to nebylo r\u016f\u017eov\u00e9.<\/p>\n<p>Moder\u00e1tor:<br \/>\nAno. Cht\u011bla jsem jenom p\u0159ipomenout, Martino, \u017ee ty jsi, coby histori\u010dka, vystudovan\u00e1 expertkou pr\u00e1v\u011b na obdob\u00ed prvn\u00ed republiky, tak\u017ee o tom bys n\u00e1m tady mohla vypr\u00e1v\u011bt docela dosti.<\/p>\n<p>Martina Lustigov\u00e1, analyti\u010dka \u010cesk\u00e9 televize:<br \/>\nAle nebudu. Nebojte.<\/p>\n<p>Moder\u00e1tor:<br \/>\nKa\u017edop\u00e1dn\u011b ur\u010dit\u00fd prvek idealizace tu m\u016f\u017ee b\u00fdt ve srovn\u00e1v\u00e1n\u00ed jak s t\u00edm zahrani\u010d\u00edm, tak kdy\u017e se d\u00edv\u00e1me do t\u00e9 minulosti. Ale zase bychom si m\u011bli taky um\u011bt p\u0159esn\u011b pojmenovat, co je skute\u010dn\u011b \u0161patn\u011b. Po telefonu dal\u0161\u00ed z v\u00e1s. Tady je Pavl\u00edna. Kdopak to je? Hezk\u00fd ve\u010der.<\/p>\n<p>Neuveden:<br \/>\nDobr\u00fd ve\u010der. Tady je poslucha\u010d z Prahy. Bu\u010fte tak laskav\u00e1, j\u00e1 mysl\u00edm, \u017ee by sta\u010dilo k vy\u0159e\u0161en\u00ed t\u00e9to krize, kdyby n\u00e1\u0161 pan prezident m\u011bl daleko v\u011bt\u0161\u00ed pravomoci, ne\u017e m\u00e1. Proto\u017ee takov\u00fd schopn\u00fd politik, jako je V\u00e1clav Klaus, by zdaleka krizi nep\u0159ipustil a pokud by vznikla, \u017ee by ji rychle vy\u0159e\u0161il. Tak\u017ee pros\u00edm v\u00e1s, n\u00e1vrh m\u016fj, resp. ot\u00e1zka, bude m\u00edt p\u0159\u00ed\u0161t\u00ed pan prezident v\u011bt\u0161\u00ed pravomoci ne\u017e ten sou\u010dasn\u00fd?<\/p>\n<p>Moder\u00e1tor:<br \/>\nAno. D\u011bkujeme za ot\u00e1zku. Host\u00e9 odpov\u00eddaj\u00ed.<\/p>\n<p>Martina Lustigov\u00e1, analyti\u010dka \u010cesk\u00e9 televize:<br \/>\nTak z\u00e1kladn\u00ed ot\u00e1zka, co se t\u00fdk\u00e1 p\u0159\u00ed\u0161t\u00edho prezidenta, je, jak bude volen. Jestli bude volen p\u0159\u00edmo anebo jestli bude volen parlamentem. To je velk\u00fd otazn\u00edk. Koali\u010dn\u00ed smlouva a vl\u00e1dn\u00ed program p\u0159edpokl\u00e1d\u00e1 p\u0159\u00edmou volbu. Ty debaty prob\u00edhaj\u00ed, ale dokud nebude p\u0159\u00edm\u00e1 volba v z\u00e1kon\u011b, tak tomu skoro neuv\u011b\u0159\u00edm. A co se t\u00fdk\u00e1 t\u011bch pravomoc\u00ed, tak ty budou souviset. A tady taky nen\u00ed shoda mezi jednotliv\u00fdmi stranami, jestli pravomoce prezidenta m\u011bnit nebo nem\u011bnit. Ale mysl\u00edm, \u017ee kdyby se m\u011bnily, tak strany je sp\u00ed\u0161e oslab\u00ed.<\/p>\n<p>Moder\u00e1tor:<br \/>\nMohl by to b\u00fdt lep\u0161\u00ed syst\u00e9m se siln\u011bj\u0161\u00edm prezidentem?<\/p>\n<p>Jaroslav M\u00edl, prezident, Svaz pr\u016fmyslu a dopravy:<br \/>\nJ\u00e1 si mysl\u00edm, \u017ee prezidentovy pravomoce se budou \u0161krtat. A \u017ee p\u0159\u00edm\u00e1 volba nebude. Ale berte to jako m\u016fj osobn\u00ed odhad.<\/p>\n<p>Tom\u00e1\u0161 Hal\u00edk, filozof, teolog:<br \/>\nJ\u00e1 si mysl\u00edm, \u017ee by nebylo dobr\u00e9, abychom p\u0159ech\u00e1zeli na prezidentsk\u00fd syst\u00e9m. A\u0165 u\u017e prezidentem bude kdokoliv. \u017de by prezident m\u011bl skute\u010dn\u011b b\u00fdt sp\u00ed\u0161e jako mor\u00e1ln\u011b-duchovn\u00ed autoritou. N\u011bk\u00fdm, kdo p\u0159edkl\u00e1d\u00e1 ur\u010ditou vizi, kdo je komunik\u00e1torem, kdo se sna\u017e\u00ed o konsensus ve spole\u010dnosti a kdo je tro\u0161i\u010dku mimo takov\u00fd ten mechanismus t\u011bch politick\u00fdch \u0161arv\u00e1tek. J\u00e1 bych skute\u010dn\u011b cht\u011bl, aby to byl trochu jin\u00fd typ, trochu jin\u00e9 patro politiky. A tento \u010dlov\u011bk nemus\u00ed m\u00edt mnoho moci, ale je stra\u0161n\u011b d\u016fle\u017eit\u00e9, aby m\u011bl d\u016fle\u017eit\u00fd mor\u00e1ln\u00ed vliv.<\/p>\n<p>Moder\u00e1tor:<br \/>\nAno. Div\u00e1k\u016fm zopakujeme. T\u011bm, kte\u0159\u00ed t\u0159eba \u010dekali na v\u00fdstup t\u00e9 koalice a mo\u017en\u00e1 p\u0159epnuli, \u017ee v\u00fdstup z koalice zat\u00edm byl velmi velmi krati\u010dk\u00fd a to jenom \u00fasty vl\u00e1dn\u00edho mluv\u010d\u00edho Jana Os\u00facha, kter\u00fd konstatoval, \u017ee koalice m\u00e1 z\u00e1jem pokra\u010dovat a v tuto chv\u00edli pracuje na jak\u00e9msi koali\u010dn\u00edm dodatku, kter\u00fd by m\u011bl specifikovat okolnosti t\u00e9to dal\u0161\u00ed spolupr\u00e1ce v r\u00e1mci sou\u010dasn\u00e9 vl\u00e1dn\u00ed koalice. My si vezmeme je\u0161t\u011b te\u010f ot\u00e1zku z Facebooku, ne\u017e pust\u00edme dom\u016f pana M\u00edla. Jan Filip. Dobr\u00fd den. Ot\u00e1zka nejenom pro pana Hal\u00edka. Docela se osobn\u011b div\u00edm, \u017ee v t\u00e9to kauze m\u00e9dia zcela opom\u00edj\u00ed nejv\u011bt\u0161\u00edho z\u00e1kulisn\u00edho hr\u00e1\u010de a kmotra ODS pana Langera. Nemysl\u00edte, \u017ee pr\u00e1v\u011b on vyvolal a \u0159\u00edd\u00ed za pomoci p\u0159eb\u011bhl\u00edk\u016f onu kauzu? D\u011bkuju za odpov\u011b\u010f.<\/p>\n<p>Tom\u00e1\u0161 Hal\u00edk, filozof, teolog:<br \/>\nO tomhle nem\u00e1m dost informac\u00ed. Nerad spekuluji o v\u011bcech, o kter\u00fdch nic nev\u00edm.<\/p>\n<p>Moder\u00e1tor:<br \/>\nPan M\u00edl bude spekulovat?<\/p>\n<p>Jaroslav M\u00edl, prezident, Svaz pr\u016fmyslu a dopravy:<br \/>\nNebudu. J\u00e1 jako up\u0159\u00edmn\u011b opravdu nev\u00edm. M\u011b \u017eivot nau\u010dil, \u017ee za \u0159adou v\u011bc\u00ed nen\u00ed \u017e\u00e1dn\u00e1 konspirace jenom mnohdy lidsk\u00e1 hloupost a neschopnost a \u0159ada n\u00e1hod, ne\u017e sofistikovan\u00fd n\u011bjak\u00fd p\u0159ipraven\u00fd program. Tak\u017ee nev\u00edm.<\/p>\n<p>Moder\u00e1tor:<br \/>\nTak\u017ee se pod\u00edv\u00e1me na Facebooku na Karla Zelinku. My se zam\u011b\u0159ujeme po\u0159\u00e1d na politiku a demokracii. Nen\u00ed probl\u00e9m sp\u00ed\u0161 v soci\u00e1ln\u00edm z\u0159\u00edzen\u00ed a samotn\u00e9 form\u011b kapitalistick\u00e9 spole\u010dnosti, kter\u00e1 vy\u010derp\u00e1v\u00e1 zdroje jak lidsk\u00e9, tak zemsk\u00e9, v syst\u00e9mu hodnot, kter\u00e9 jsou dne\u0161n\u00ed spole\u010dnosti prezentovan\u00e9? Tak mo\u017en\u00e1 t\u00edm to uzav\u0159eme. Posledn\u00ed ot\u00e1zku d\u00e1me panu M\u00edlovi, ne\u017e odejde.<\/p>\n<p>Jaroslav M\u00edl, prezident, Svaz pr\u016fmyslu a dopravy:<br \/>\nJ\u00e1 mysl\u00edm, \u017ee my v podstat\u011b jsme vytvo\u0159ili spole\u010dnost, kter\u00e1 odpov\u00edd\u00e1 n\u00e1m lidem. My v podstat\u011b jsme n\u011bjak vyrostli, jsme n\u011bjak vytvo\u0159eni a je n\u00e1m to vlastn\u00ed. Tak\u017ee ani\u017e bych cht\u011bl n\u011bjak se pou\u0161t\u011bt do n\u011bjak\u00fdch historick\u00fdch souvislost\u00ed nebo n\u011b\u010deho. Podle mn\u011b se lep\u0161\u00ed syst\u00e9m moc extra vymyslet ned\u00e1 a je to o fungov\u00e1n\u00ed elit a osobnost\u00ed, komunikace k sob\u011b navz\u00e1jem. J\u00e1 m\u00e1m v\u017edycky \u00fapln\u011b hus\u00ed k\u016f\u017ei, kdy\u017e sly\u0161\u00edm n\u011bkoho, kdo \u0159\u00edk\u00e1, poj\u010fme bombardovat n\u011bkoho n\u011bkde, vy\u0161leme letadla, za\u010dn\u011bme v\u00e1l\u010dit. Tak si v\u017edycky jenom \u0159\u00edk\u00e1m, vra\u0165me se na zem. Ka\u017ed\u00fd se n\u011bkdy narodil, ka\u017ed\u00fd m\u011bl n\u011bkde n\u011bjakou maminku a rodi\u010de. Ti ho vypiplali a te\u010f ho po\u0161leme n\u011bkam bojovat. Mo\u017en\u00e1 bychom m\u011bli za\u010d\u00edt od takov\u00fdch mali\u010dkost\u00ed typu respekt jeden k druh\u00e9mu, vytv\u00e1\u0159en\u00ed t\u00e9 ob\u010dansk\u00e9 spole\u010dnosti. V\u0161imn\u011bte si dv\u011b v\u011bci, kter\u00e9 to \u00fapln\u011b, pro m\u011b jsou signifikantn\u00ed. Spr\u00e1vn\u00fd soudnictv\u00ed u n\u00e1s za\u010dalo fungovat deset let po revoluci a ob\u010dansk\u00fd z\u00e1kon\u00edk, kter\u00fd by reflektoval, skute\u010dn\u011b reflektoval zm\u011bn\u011bnou dobu a kter\u00fd by byl z\u00e1kladem normy chov\u00e1n\u00ed mezi lidmi, mezi spole\u010dnost\u00ed a \u0159ekn\u011bme mezi institucemi, ten nejsme schopni a ochotni p\u0159ijmout posledn\u00edch dvacet let. Po\u0159\u00e1d stoj\u00edme na tom, kter\u00fd tady vznikl v podstat\u011b v pades\u00e1t\u00fdch letech. Podle mn\u011b tohle je nejv\u011bt\u0161\u00ed chyba, nejv\u011bt\u0161\u00ed \u0161koda a je to v\u011bc elit a je to v\u011bc toho, aby v podstat\u011b fungovalo vym\u00e1h\u00e1n\u00ed pr\u00e1va. Ve chv\u00edli, kdy tyhle v\u011bci za\u010dnou kr\u016f\u010dek po kr\u016f\u010dku se d\u00e1vat dohromady, za\u010dnou fungovat, tak j\u00e1 jsem p\u0159esv\u011bd\u010den, \u017ee se ta atmosf\u00e9ra ve spole\u010dnosti za\u010dne m\u011bnit. Ono k tomu nen\u00ed moc co pot\u0159eba. Jenom tu v\u016fli a j\u00edt kr\u016f\u010dek po kr\u016f\u010dku. A kdy\u017e se tohleto povede, tak uvid\u00edte, \u017ee prost\u011b i ten pohled na ten sv\u011bt bude tro\u0161i\u010dku jin\u00fd. J\u00e1 si nemysl\u00edm, \u017ee to je vliv kapitalistick\u00e9 spole\u010dnosti samo o sob\u011b. Kdy\u017e se pod\u00edv\u00e1te na monarchii, fungovala podobn\u011b, a\u0165 teda odpov\u00edm na tu ot\u00e1zku. Socialismu nefungoval o nic l\u00e9pe. Je to o tom, jak uspo\u0159\u00e1dat chov\u00e1n\u00ed lid\u00ed s jejich vlastn\u00edmi pozitivn\u00edmi i negativn\u00edmi vlastnostmi. A od toho funguje pr\u00e1vo. A j\u00e1 si mysl\u00edm, \u017ee n\u00e1\u0161 nejv\u011bt\u0161\u00ed probl\u00e9m v dne\u0161n\u00ed dob\u011b je mizern\u00e1 vymahatelnost pr\u00e1va a v podstat\u011b sv\u00fdm zp\u016fsobem zcela nefunk\u010dn\u00ed spole\u010densk\u00e9 elity. Nejen ty politick\u00e9. A to bych \u0159ekl, \u017ee je asi nejv\u011bt\u0161\u00ed probl\u00e9m \u010cR dneska. Ale berte to jako m\u016fj osobn\u00ed n\u00e1zor.<\/p>\n<p>Moder\u00e1tor:<br \/>\n\u010cekal byste, \u017ee i lid\u00e9 t\u0159eba vyjdou do ulic? U\u017e se to taky v posledn\u00ed dob\u011b objevuje \u010dast\u011bji t\u0159eba pr\u00e1v\u011b na t\u011bch soci\u00e1ln\u00edch s\u00edt\u00edch jako projev pr\u00e1v\u011b t\u00e9 zloby nad t\u00edm v\u0161\u00edm, co se d\u011bje.<\/p>\n<p>Jaroslav M\u00edl, prezident, Svaz pr\u016fmyslu a dopravy:<br \/>\nLidi, aby \u0161li do ulic, tak pot\u0159ebuj\u00ed n\u011bkoho, kdo to zorganizuje v naprost\u00e9 v\u011bt\u0161in\u011b. A pot\u0159ebuj\u00ed n\u011bjak\u00fd velik\u00fd impuls. Ani k jednomu nedoch\u00e1z\u00ed. N\u011bkter\u00e9 organizovan\u00e9 protesty jsou organizov\u00e1ny sp\u00ed\u0161 v pozad\u00ed politicky ne\u017e cokoli jin\u00e9ho. J\u00e1 bych se b\u00e1l n\u011b\u010deho jin\u00e9ho. J\u00e1 bych se b\u00e1l toho, co jsem \u0159\u00edkal dva t\u0159i \u010dty\u0159i roky zp\u00e1tky n\u011bkter\u00fdm p\u0159edsed\u016fm vl\u00e1d. Zp\u016fsobem, jak\u00fdm to vedete, povedete k tomu, \u017ee na\u0161e d\u011bti nebudou ztoto\u017en\u011bn\u00fd s touto zem\u00ed, nebudou tu zemi m\u00edt tak r\u00e1di jako na\u0161i prarodi\u010de. Proto\u017ee kdy\u017e si vezmete zp\u00e1tky na rok 1990, tak lidi d\u00e1vali pozemky na Ingolstadt zadarmo. Kdy\u017e si vezmete na\u0161e prarodi\u010de, kte\u0159\u00ed byli ochotn\u00ed bojovat za republiku, bojovat za vlast, za svobodu, tak j\u00e1 si nejsem jist, \u017ee kdyby k takov\u00fdm v\u00fdzv\u00e1m do\u0161lo dneska, jestli se takov\u00fd po\u010det lid\u00ed s takov\u00fdm ohromn\u00fdm sebezap\u0159en\u00edm, hrdinstv\u00edm prost\u011b najde. Tak\u017ee podle mn\u011b to, co my riskujeme, je ztr\u00e1ta z\u00e1jmu nov\u00fdch generac\u00ed, nastupuj\u00edc\u00ed generace o tuto zem, o tuto spole\u010dnost, o to \u017e\u00edt tady, spl\u00e1cet ty dluhy i starat se o n\u00e1s, a\u017e budeme v podstat\u011b v d\u016fchodu. A to bych \u0159ekl, \u017ee je nejv\u011bt\u0161\u00ed chyba politick\u00fdch reprezentac\u00ed a spole\u010densk\u00fdch elit do budoucna. Prost\u011b otr\u00e1venost nastupuj\u00edc\u00ed generace z toho, co tady je. A tady bych skute\u010dn\u011b \u0159ekl, \u017ee je pot\u0159eba to z\u00e1sadn\u00edm zp\u016fsobem zm\u011bnit. A jestli k tomu nedojde, budeme m\u00edt my probl\u00e9m, a\u017e n\u00e1m bude t\u011bch \u0161edes\u00e1t, sedmdes\u00e1t, osmdes\u00e1t.<\/p>\n<p>Moder\u00e1tor:<br \/>\nPane M\u00edle, v\u00e1m d\u011bkujeme, \u017ee jste p\u0159i\u0161el. Vy jste \u0159\u00edkal do 21. Tak u\u017e jsme to tro\u0161i\u010dku p\u0159et\u00e1hli.<\/p>\n<p>Jaroslav M\u00edl, prezident, Svaz pr\u016fmyslu a dopravy:<br \/>\nHezk\u00fd ve\u010der. D\u011bkuji za pozv\u00e1n\u00ed.<\/p>\n<p>Moder\u00e1tor:<br \/>\nP\u011bkn\u00fd ve\u010der i v\u00e1m. A mezit\u00edm p\u016fjdu pro dal\u0161\u00ed ot\u00e1zku, kter\u00e1 p\u0159ich\u00e1z\u00ed prost\u0159ednictv\u00edm Facebooku. A je od Zde\u0148ka Krej\u010d\u00edho. Dobr\u00fd ve\u010der. Ot\u00e1zka pro v\u0161echny hosty. Mysl\u00edte si, \u017ee by \u010desk\u00e9 politice pomohla absolutn\u00ed v\u00fdm\u011bna v\u0161ech politik\u016f? P\u0159ed\u010dasn\u00e9 volby by p\u0159eci nic nezm\u011bnily. Jen by st\u00e1ly dal\u0161\u00ed zbyte\u010dn\u00e9 pen\u00edze a politici by nad\u00e1le z\u016fstali stejn\u00ed, jen na jin\u00fdch postech. Tak krom\u011b toho ta okolnost, kter\u00e1 je taky \u010dasto zmi\u0148ov\u00e1na v diskus\u00edch v posledn\u00ed dob\u011b, \u017ee p\u0159ed\u010dasn\u00e9 volby by byly pro politick\u00e9 strany velmi n\u00e1ro\u010dn\u00e9 u\u017e proto, \u017ee maj\u00ed velk\u00e9 dluhy a z tohoto d\u016fvodu by se jim jist\u011b do toho moc necht\u011blo. Ale poj\u010fme odpov\u011bd\u011bt na to, co se pt\u00e1 Zden\u011bk, pane profesore.<\/p>\n<p>Tom\u00e1\u0161 Hal\u00edk, filozof, teolog:<br \/>\nJ\u00e1 si nemysl\u00edm, \u017ee by v\u00fdm\u011bna v\u0161ech politik\u016f zm\u011bnila tu situaci z\u00e1sadn\u011b. J\u00e1 bych se skute\u010dn\u011b ob\u00e1val t\u011bch p\u0159ed\u010dasn\u00fdch voleb pr\u00e1v\u011b z t\u011bchto d\u016fvod\u016f, \u017ee tady nevid\u00edm z\u0159etelnou alternativu. Zat\u00edm ze strany opozice sly\u0161\u00edme kritiku, opr\u00e1vn\u011bnou kritiku toho postupu vl\u00e1dy. Ale nevid\u00edm tam ani osobnosti, ani program, kter\u00fd by skute\u010dn\u011b mohl bezprost\u0159edn\u011b p\u0159edstavit n\u011bjakou kvalitn\u011bj\u0161\u00ed alternativu. J\u00e1 se opravdu ob\u00e1v\u00e1m toho, o \u010dem te\u010fka tady mluvil pan M\u00edl, \u017ee to m\u016f\u017ee v\u00e9st k takov\u00e9 otr\u00e1venosti, apatii zejm\u00e9na t\u00e9 mlad\u00e9 generaci, kter\u00e1 uvol\u0148uje prostor pro jednak demagogy, kte\u0159\u00ed strhuj\u00ed potom ty lidi, kte\u0159\u00ed p\u0159\u00edli\u0161 nep\u0159em\u00fd\u0161lej\u00ed a maj\u00ed takov\u00e9 zkratkovit\u00e9 emocion\u00e1ln\u00ed reakce. Anebo prost\u011b ty politick\u00e9 pragmatiky, kte\u0159\u00ed u\u017e v\u011bd\u00ed, \u017ee prost\u011b nad sebou nemaj\u00ed ten Damokl\u016fv me\u010d t\u00e9 ob\u010dansk\u00e9 spole\u010dnosti, kter\u00e1 prost\u011b ve volb\u00e1ch zm\u011bn\u00ed tu situaci. Tak\u00e9 si nemysl\u00edm, \u017ee dnes by n\u011bjak\u00e9 ty velk\u00e9 organizovan\u00e9 protesty mohly k n\u011b\u010demu v\u00e9st. Snad ti politici nejsou slep\u00ed a hlu\u0161\u00ed, snad vid\u00ed, \u017ee ta spole\u010dnost je skute\u010dn\u011b dnes na\u0161tvan\u00e1. Kv\u016fli tomu nemus\u00ed se zapl\u0148ovat V\u00e1clavsk\u00e9 n\u00e1m\u011bst\u00ed. Kdyby na tom V\u00e1clavsk\u00e9m n\u00e1m\u011bst\u00ed vystoupili lid\u00e9, kte\u0159\u00ed p\u0159inesou jasn\u00fd alternativn\u00ed program a jsou schopni do t\u011bch v\u011bc\u00ed j\u00edt, tak to je n\u011bco jin\u00e9ho. Ale tady skute\u010dn\u011b ty strany jsou zadlu\u017een\u00e9, ta volebn\u00ed kampa\u0148 by zase byla stejn\u011b trapn\u00e1, jako byla ta minul\u00e1. Tady se mus\u00ed skute\u010dn\u011b n\u011bco ud\u011blat pro tu zm\u011bnu t\u00e9 politick\u00e9 kultury a to nebude v\u00fdm\u011bnou politik\u016f. To bude prost\u011b z\u00e1le\u017eitost p\u0159ece jenom p\u0159inejmen\u0161\u00edm n\u011bkolika let. Lid\u00ed, kte\u0159\u00ed by m\u011bli vytvo\u0159it takov\u00e9 ty skupiny odborn\u00edk\u016f, kte\u0159\u00ed budou se sna\u017eit t\u011bm politik\u016fm dodat skute\u010dn\u011b my\u0161lenky, kde ti politici sami to nemohou zm\u011bnit. Ale p\u0159ece na z\u00e1pad\u011b existuj\u00ed u ka\u017ed\u00e9 strany velmi kvalitn\u00ed skupiny odborn\u00edk\u016f, z univerzitn\u00edch odborn\u00edk\u016f, z expert\u016f v\u0161eho druhu, kte\u0159\u00ed jim pom\u00e1haj\u00ed formulovat programy, \u0159e\u0161it probl\u00e9my. J\u00e1 tohleto tady prost\u011b nevid\u00edm. Ti politici se \u010dasto obklopuj\u00ed skute\u010dn\u011b lidmi velmi nekvalitn\u00edmi. A potom tady tak\u00e9 nen\u00ed takov\u00e9 to bezprost\u0159edn\u00ed z\u00e1zem\u00ed v rovin\u011b t\u011bch n\u00e1m\u011bstk\u016f. Nap\u0159. moji pol\u0161t\u00ed p\u0159\u00e1tel\u00e9 mi \u0159ekli, kdy\u017e spadlo to letadlo s t\u011bmi polsk\u00fdmi politiky, tak ono se zase nic tak stra\u0161n\u011b nestalo bezprost\u0159edn\u011b, proto\u017ee u n\u00e1s je zvykem, \u017ee na t\u00e9 rovin\u011b n\u00e1m\u011bstk\u016f jsou prost\u011b experti, kte\u0159\u00ed jsou tam dlouhodob\u011b. To nejsou jenom strani\u010dt\u00ed exponenti nebo lid\u00e9, kte\u0159\u00ed maj\u00ed n\u011bjakou trafiku za z\u00e1sluhy, ale kte\u0159\u00ed prost\u011b znaj\u00ed tu problematiku a ta ministerstva jedou d\u00e1l. A u n\u00e1s prost\u011b do t\u00e9 pozice n\u00e1m\u011bstk\u016f se dost\u00e1vali lid\u00e9 za ty politick\u00e9 z\u00e1sluhy a zase je prost\u011b tahleta vrstva t\u011bch lid\u00ed okolo t\u011bch ministr\u016f \u010dasto ta vrstva, od kter\u00e9 skute\u010dn\u011b nep\u0159ich\u00e1z\u00ed ty kvalitn\u00ed odborn\u00e9 impulsy. Tohleto mysl\u00edm, \u017ee by se m\u011blo zm\u011bnit.<\/p>\n<p>Moder\u00e1tor:<br \/>\nAno. Je\u0161t\u011b d\u00e1me slovo Martin\u011b. Ale nejd\u0159\u00edv te\u010f, proto\u017ee u\u017e m\u00e1me spojen\u00ed s dal\u0161\u00edm na\u0161\u00edm hostem, se pod\u00edv\u00e1me na Slovensko. samoz\u0159ejm\u011b i na Slovensku velmi pozorn\u011b sleduj\u00ed to, co se d\u011bje tady u n\u00e1s na \u010desk\u00e9 politick\u00e9 sc\u00e9n\u011b. Ono je to zaj\u00edmav\u00e9 u\u017e z toho d\u016fvodu, \u017ee vl\u00e1da \u010desk\u00e1 i slovensk\u00e1 jsou si dost podobn\u00e9, co se t\u00fd\u010de slo\u017een\u00ed a tak\u00e9 vlastn\u011b jsou u sv\u00e9 pr\u00e1ce prakticky stejn\u011b dlouho, proto\u017ee volby byly na Slovensku kr\u00e1tce po t\u011bch na\u0161ich, loni v \u010cervnu. Grigorij Mese\u017enikov je politolog z Institutu pro ve\u0159ejn\u00e9 ot\u00e1zky v Bratislav\u011b. Dobr\u00fd den. Tak s jak\u00fdmi pocity to tam sledujete?<\/p>\n<p>Grigorij Mese\u017enikov, politolog, Institut pro ve\u0159ejn\u00e9 ot\u00e1zky, Bratislava:<br \/>\nNo sledujeme to samoz\u0159ejm\u011b s velk\u00fdm z\u00e1jmem, proto\u017ee vnitropolitick\u00e1 situace v \u010cR je d\u016fle\u017eit\u00e1. Je d\u016fle\u017eit\u00e1 jednak proto, \u017ee je to n\u00e1\u0161 nejbli\u017e\u0161\u00ed soused. M\u00e1me s \u010cR velmi dobr\u00e9 vztahy a samoz\u0159ejm\u011b pohyby na \u010desk\u00e9 politick\u00e9 sc\u00e9n\u011b se velmi citliv\u011b vn\u00edmaj\u00ed na slovensk\u00e9 politick\u00e9 sc\u00e9n\u011b. Jednak jsou tu partnersk\u00e9 politick\u00e9 strany. A samoz\u0159ejm\u011b to, \u017ee i na Slovensku p\u0159ibli\u017en\u011b ve stejn\u00e9 dob\u011b byl vytvo\u0159en\u00fd nov\u00fd vl\u00e1dn\u00ed kabinet, kter\u00fd skute\u010dn\u011b typologicky se podob\u00e1 na ten sou\u010dasn\u00fd \u010desk\u00fd vl\u00e1dn\u00ed kabinet. Jsou i dal\u0161\u00ed podobnosti. Proto\u017ee na Slovensku tak\u00e9, krom\u011b toho teda \u017ee p\u016fsob\u00ed st\u0159edoprav\u00e1 vl\u00e1da, do vl\u00e1dy se dostaly dv\u011b nov\u00e9 politick\u00e9 strany. A sledujeme velmi pozorn\u011b v\u00fdvoj ve vl\u00e1dn\u00ed koalici v \u010cR. Samoz\u0159ejm\u011b n\u011bco m\u016f\u017ee b\u00fdt vn\u00edman\u00e9 jako ur\u010dit\u00e9 pou\u010den\u00ed, ale jsou tu i ur\u010dit\u00e9 odli\u0161nosti a mysl\u00edm si, \u017ee i o t\u011bch m\u00e1 smysl pohovo\u0159it.<\/p>\n<p>Moder\u00e1tor:<br \/>\nJe to taky podobnost pr\u00e1v\u011b t\u0159eba v n\u00e1stupu t\u011bch dvou stran, kter\u00e9 byly dost velkou nezn\u00e1mou v dob\u011b voleb, by\u0165 V\u011bci ve\u0159ejn\u00e9 nebyly \u00fapln\u011b novou stranou, ale mluv\u00ed tady samoz\u0159ejm\u011b o V\u011bcech ve\u0159ejn\u00fdch a o tzv. Sazce na Slovensku. Jak byste vy tedy vid\u011bl to srovn\u00e1n\u00ed v kontextu toho, co se d\u011bje?<\/p>\n<p>Grigorij Mese\u017enikov, politolog, Institut pro ve\u0159ejn\u00e9 ot\u00e1zky, Bratislava:<br \/>\nNo tak jsou tady podobn\u00e9 \u010drty ale samoz\u0159ejm\u011b i odli\u0161n\u00e9 \u010drty. Tak te\u010f se ukazuje, \u017ee strana V\u011bci ve\u0159ejn\u00e9 byla vytvo\u0159ena sice jako nov\u00e1 strana, ona p\u016fsob\u00ed u\u017e d\u00e9le na \u010desk\u00e9 politick\u00e9 sc\u00e9n\u011b, ale ne jako celon\u00e1rodn\u00ed strana, opravdu je to do jist\u00e9 m\u00edry&#8230; Ale na Slovensku strana Svoboda a Solidarita vznikla jako projekt ideologick\u00fd, kde\u017eto v p\u0159\u00edpad\u011b V\u011bc\u00ed ve\u0159ejn\u00fdch z\u0159ejm\u011b \u0161lo o snahu propojit ekonomick\u00e9 a politick\u00e9 z\u00e1jmy. Strana Svoboda a Solidarita byla zalo\u017een\u00e1 liber\u00e1ln\u00edm ekonomem Richardem Sul\u00edkem. Nebyly tam v pozad\u00ed \u017e\u00e1dn\u00e9 jin\u00e9 z\u00e1jmy ne\u017e to, co Richard Sul\u00edk prezentuje jako ur\u010ditou vizi \u0161t\u00edhl\u00e9ho st\u00e1tu. Tato strana se ideologicky o mnoho jasn\u011bji zadefinovala hned na za\u010d\u00e1tku jako strana ekonomick\u00e9ho liberalismu. P\u0159ed n\u011bkolika m\u011bs\u00edci byla akceptovan\u00e1 tato strana v Evropsk\u00e9 liber\u00e1ln\u00ed demokratick\u00e9 a reformn\u00ed stran\u011b. Tak\u017ee je to u\u017e v\u00edcem\u00e9n\u011b standardn\u00ed strana a je o cosi zd\u00e1 se stabiln\u011bj\u0161\u00ed, i kdy\u017e \u010dlensk\u00e1 z\u00e1kladna je velmi n\u00edzk\u00e1, jen p\u00e1r set \u010dlen\u016f. Moment\u00e1ln\u011b teda tvo\u0159\u00ed \u010dlenskou z\u00e1kladnu Svobody a Solidarity, ale m\u00e1m pocit, \u017ee i po t\u011bch zku\u0161enostech z posledn\u00edho obdob\u00ed v \u010cR tato strana podle mn\u011b je stabiln\u011bj\u0161\u00ed a m\u00e1 podle mn\u011b nad\u011bjn\u011bj\u0161\u00ed vyhl\u00eddky na to, aby setrvala jako st\u00e1l\u00e1 sou\u010d\u00e1st stranick\u00e9ho syst\u00e9mu.<\/p>\n<p>Moder\u00e1tor:<br \/>\n\u0158ekn\u011bte n\u00e1m, pane Mese\u017enikove, jak to te\u010f vid\u00edte po tom roce, pokud jde o akceschopnost obou dan\u00fdch vl\u00e1d? Proto\u017ee pozice, pokud jde o vlastn\u011b jej\u00ed s\u00edlu v parlamentu, u t\u00e9 \u010desk\u00e9 vl\u00e1dy byla lep\u0161\u00ed ne\u017e u t\u00e9 slovensk\u00e9. Ale najednou, kdy to srovn\u00e1v\u00e1me, tak vid\u00edme, \u017ee slovensk\u00e1 vl\u00e1da ud\u011blala vlastn\u011b v\u00edc pr\u00e1ce, dalo by se \u0159\u00edct. Souhlasil byste s t\u00edmto tvrzen\u00edm?<\/p>\n<p>Grigorij Mese\u017enikov, politolog, Institut pro ve\u0159ejn\u00e9 ot\u00e1zky, Bratislava:<br \/>\nNo tak to by bylo pot\u0159eba samoz\u0159ejm\u011b porovnat podrobn\u011bji v\u00fdsledky \u010dinnosti obou vl\u00e1dn\u00edch kabinet\u016f. Je pravda, \u017ee sou\u010dasn\u00e1 \u010desk\u00e1 vl\u00e1da zat\u00edm m\u00e1 v\u011bt\u0161\u00ed podporu, stabiln\u011bj\u0161\u00ed podporu v parlamentu. Ten rozd\u00edl je podstatn\u011b vy\u0161\u0161\u00ed. Na Slovensku ta v\u011bt\u0161ina je o mnoho t\u011bsn\u011bj\u0161\u00ed. Ale mo\u017en\u00e1 na Slovensku ur\u010ditou v\u00fdhodou sou\u010dasn\u00e9ho vl\u00e1dn\u00edho kabinetu je to, \u017ee jednak navazuje na politiku druh\u00e9 Dzurindov\u00e9 vl\u00e1dy i typologicky je to vl\u00e1da podobn\u00e1, podobn\u00e9 orientace. A mo\u017en\u00e1 to, \u017ee tato vl\u00e1da nastupovala po vl\u00e1d\u011b Roberta Fica, byla to levicov\u011b nacionalistick\u00e1 vl\u00e1da, kter\u00e1 fakticky blokovala ty p\u0159edch\u00e1zej\u00edc\u00ed reformy, tak\u017ee ta situace byla o cosi jasn\u011bj\u0161\u00ed a mo\u017en\u00e1 minim\u00e1ln\u011b v rovin\u011b odstra\u0148ov\u00e1n\u00ed deformac\u00ed zp\u016fsoben\u00e9 p\u0159ech\u00e1zej\u00edc\u00ed vl\u00e1dou opravdu vl\u00e1da Ivety Radi\u010dov\u00e9 byla o cosi efektivn\u011bj\u0161\u00ed. Ale j\u00e1 bych to te\u010f nehodnotil takto p\u0159\u00edk\u0159e, proto\u017ee i sou\u010dasn\u00fd \u010desk\u00fd vl\u00e1dn\u00ed kabinet podle mn\u011b je\u0161t\u011b m\u00e1 \u0161ance na to, aby n\u011bkter\u00e9 ty reformn\u00ed kroky, kter\u00e9 byly napl\u00e1novan\u00e9 a p\u0159ipravovan\u00e9, uskute\u010dnil.<\/p>\n<p>Moder\u00e1tor:<br \/>\nAno. My jsme sly\u0161eli. J\u00e1 bych zopakovala tu zpr\u00e1vu z dne\u0161n\u00edho ve\u010dera, kter\u00e1 je d\u016fle\u017eit\u00e1. Po K9 sice zn\u00e1me jenom kr\u00e1tk\u00e9 prohl\u00e1\u0161en\u00ed, ale projevila ta st\u00e1vaj\u00edc\u00ed koalice v\u016fli d\u00e1l jednat a setrvat tedy v tomto slo\u017een\u00ed. Tak\u017ee vy si mysl\u00edte, \u017ee se jim to poda\u0159\u00ed n\u011bjak\u00fdm zp\u016fsobem ust\u00e1t s ur\u010ditou obm\u011bnou?<\/p>\n<p>Grigorij Mese\u017enikov, politolog, Institut pro ve\u0159ejn\u00e9 ot\u00e1zky, Bratislava:<br \/>\nJ\u00e1 si mysl\u00edm, \u017ee je d\u016fle\u017eit\u00e9 to vyhl\u00e1\u0161en\u00ed z\u00e1stupc\u016f v\u0161ech t\u0159ech stran, \u017ee ta spole\u010dn\u00e1 v\u016fle p\u0159etrv\u00e1v\u00e1 z\u016fstat v t\u00e9to vl\u00e1dn\u00ed sestav\u011b. Ta programov\u00e1 bl\u00edzkost tam je. Te\u010f jde o to, jak se vl\u00e1dn\u00ed koalice vypo\u0159\u00e1d\u00e1 s t\u00edm problematick\u00fdm v\u00fdvojem v pozad\u00ed, zejm\u00e9na strany V\u011bci ve\u0159ejn\u00e9. V\u00edme, \u017ee i v jin\u00fdch stran\u00e1ch jsou ur\u010dit\u00e9 probl\u00e9my, ale j\u00e1 vid\u00edm, \u017ee zat\u00edm minim\u00e1ln\u011b na \u00farovni veden\u00ed v\u0161ech t\u0159\u00ed stran je dostate\u010dn\u00e1 v\u016fle v t\u00e9to koalici setrvat. Nepozoruji snahy tu vl\u00e1dn\u00ed koalici rozb\u00edt. Nav\u00edc jsou ur\u010dit\u00e9 zku\u0161enosti, ne velmi p\u0159\u00edzniv\u00e9, pro \u010cR, kdy Topol\u00e1nkova vl\u00e1da vlastn\u011b v d\u016fsledku ztr\u00e1ty v\u011bt\u0161inov\u00e9ho postaven\u00ed p\u0159i\u0161la o svoji moc a j\u00e1 si mysl\u00edm, \u017ee to nem\u011blo pozitivn\u00ed efekt na v\u00fdvoj v \u010cR, zejm\u00e9na i v kontextu toho, kdyby se to ud\u00e1lo. Tak\u017ee p\u0159edpokl\u00e1d\u00e1m, \u017ee \u010de\u0161t\u00ed politici jsou pou\u010den\u00ed z toho, co se tehdy odehr\u00e1lo a nebudou n\u011bkter\u00e9 chyby opakovat.<\/p>\n<p>Moder\u00e1tor:<br \/>\nD\u011bkujeme i v\u00e1m. Hezk\u00fd ve\u010der do Bratislavy. Martino, co jsi cht\u011bla \u0159\u00edct k t\u00e9 kompletn\u00ed p\u0159\u00edpadn\u00e9 v\u00fdm\u011bn\u011b politik\u016f?<\/p>\n<p>Martina Lustigov\u00e1, analyti\u010dka \u010cesk\u00e9 televize:<br \/>\nV\u00fdm\u011bna politik\u016f. V lo\u0148sk\u00e9m roce se po volb\u00e1ch, kv\u011btnov\u00fdch volb\u00e1ch do Poslaneck\u00e9 sn\u011bmovny mluvilo o krou\u017ekovac\u00ed revoluci. Ta v\u00fdm\u011bna politik\u016f byla v Poslaneck\u00e9 sn\u011bmovn\u011b opravdu neb\u00fdval\u00e1. A nakonec do sn\u011bmovny se dostala \u00fapln\u011b nov\u00e1 strana, strana V\u011bci ve\u0159ejn\u00e9. A te\u010f tady sed\u00edme a \u0159e\u0161\u00edme vl\u00e1dn\u00ed krizi nebo pov\u00edd\u00e1me si o vl\u00e1dn\u00ed krizi. Tak\u017ee nev\u00edm, jestli ta kompletn\u00ed v\u00fdm\u011bna by byla n\u011bjak\u00e9 \u0159e\u0161en\u00ed.<\/p>\n<p>Moder\u00e1tor:<br \/>\nTom\u00e1\u0161. Dobr\u00fd den. Je mo\u017en\u00e9 n\u011bjak\u00fdm zp\u016fsobem zmen\u0161it moc m\u00e9di\u00ed a reklamy na rozhodov\u00e1n\u00ed voli\u010d\u016f, aby se lid\u00e9 nerozhodovali podle posledn\u00ed af\u00e9ry nebo siln\u00fdch slov. Co m\u00e1m d\u011blat nebo co m\u00e1me d\u011blat jako mlad\u00ed lid\u00e9, kte\u0159\u00ed cht\u011bj\u00ed, aby lid\u00e9 o politice p\u0159em\u00fd\u0161leli? No tak to je dost z\u00e1va\u017en\u00e1 ot\u00e1zka na konec dne\u0161n\u00edho vyd\u00e1n\u00ed. Pane profesore?<\/p>\n<p>Tom\u00e1\u0161 Hal\u00edk, filozof, teolog:<br \/>\nMyslet, myslet, myslet. Myslet vlastn\u00ed hlavou. V\u0161echny informace, kter\u00e9 \u010dlov\u011bk dost\u00e1v\u00e1, se d\u00edvat na n\u011b s nadhledem. Je mnoho zp\u016fsob\u016f, jak sledovat m\u00e9dia. Bu\u010f t\u00edm, \u017ee se \u010dlov\u011bk na to d\u00edv\u00e1 jako na z\u00e1bavn\u00fd po\u0159ad, proto\u017ee n\u011bkdy u\u017e lid\u00e9 takto to vn\u00edmaj\u00ed, jak jeden politik napad\u00e1 druh\u00e9ho a d\u00edvaj\u00ed se prost\u011b na to jako na ragbyov\u00e9 utk\u00e1n\u00ed. Jako na sou\u010d\u00e1st toho z\u00e1bavn\u00edho pr\u016fmyslu. Nebo je mo\u017en\u00e9 si do toho prom\u00edtat svoje vlastn\u00ed emoce, svoje znechucen\u00ed, svoje pocity agresivity. Ti politici se pak pro n\u00e1s stanou jak\u00fdmisi fackovac\u00edmi pan\u00e1ky, na kter\u00e9 nedos\u00e1hneme fyzicky, ale m\u016f\u017eeme dos\u00e1hnout t\u011bmi sv\u00fdmi agresivn\u00edmi slovy atd. Anebo se na to m\u016f\u017eeme d\u00edvat kriticky, ale s takov\u00fdm pocitem spoluzodpov\u011bdnosti. J\u00e1 te\u010fka mo\u017en\u00e1 vypadnu z role, v kter\u00e9 tady jsem, ale mus\u00edm p\u0159iznat, \u017ee krom\u011b toho, jak m\u011b to my\u0161lenkov\u011b a emocion\u00e1ln\u011b zaj\u00edm\u00e1, tak \u017ee se za ty v\u0161echny lidi taky modl\u00edm. I za toho Klause, kter\u00e9ho nem\u00e1m moc r\u00e1d. A za v\u0161echny, aby m\u011bli tu s\u00edlu, tu zodpov\u011bdnost.<\/p>\n<p>Moder\u00e1tor:<br \/>\nTo by bylo \u0161patn\u00e9, kdybyste v tomto rozli\u0161oval, ne, pane profesore?<\/p>\n<p>Tom\u00e1\u0161 Hal\u00edk, filozof, teolog:<br \/>\nSamoz\u0159ejm\u011b. No j\u00e1 mysl\u00edm, \u017ee je t\u0159eba prost\u011b tady tuhletu duchovn\u00ed solidaritu c\u00edtit se v\u0161emi, proto\u017ee v\u0161ichni nesou kus sv\u00e9 zodpov\u011bdnosti. A ono to nen\u00ed lehk\u00e9. A\u0165 u\u017e jejich charaktery, a\u0165 u\u017e to, co p\u0159edvedli, je jak\u00e9koliv, tak prost\u011b ka\u017ed\u00fd z nich m\u00e1 je\u0161t\u011b n\u011bco p\u0159ed sebou, ka\u017ed\u00fd z nich t\u00edm nov\u00fdm krokem bu\u010f m\u016f\u017ee utvrdit to zl\u00e9 nebo m\u016f\u017ee tak\u00e9 p\u0159edv\u00e9st n\u011bco lep\u0161\u00edho.<\/p>\n<p>Moder\u00e1tor:<br \/>\nMo\u017en\u00e1 to te\u010f uzav\u0159u t\u00edm, co \u0159\u00edk\u00e1 Jana Renzov\u00e1. Ono je jednoduch\u00e9 nad\u00e1vat na ty naho\u0159e a pro n\u00e1s smysl\u00edm typick\u00e9, ale kdokoli z v\u00e1s m\u011bl tu mo\u017enost, m\u011bl tu moc, kdov\u00ed, jak by se choval. Oby\u010dejn\u00ed lid\u00e9, v uvozovk\u00e1ch, se k sob\u011b neum\u00ed slu\u0161n\u011b chovat, nem\u016f\u017eeme tot\u00e9\u017e \u010dekat od politik\u016f. Politici vych\u00e1z\u00ed z lidu a jejich chov\u00e1n\u00ed je jen v\u00edc na o\u010d\u00edch. Konstatuje Jana na z\u00e1v\u011br dne\u0161n\u00edho Hyde Parku. D\u011bkuju v\u00e1m za to, \u017ee jste debatovali. P\u0159ipomenu div\u00e1k\u016fm, \u017ee samoz\u0159ejm\u011b kolegov\u00e9 jsou v akci a sna\u017e\u00ed se sehnat v\u00edc detail\u016f k tomu, co se d\u011blo dnes na t\u00e9 K9, ze kter\u00e9 jsme se dozv\u011bd\u011bli jenom onu z\u00e1kladn\u00ed informaci, \u017ee vl\u00e1dn\u00ed koalice v sestav\u011b ODS, TOP 09 a V\u011bci ve\u0159ejn\u00e9 m\u00e1 z\u00e1jem pokra\u010dovat a chce v tomto sm\u011bru vytvo\u0159it jak\u00fdsi koali\u010dn\u00ed dodatek. Vzkaz na Hrad byl vysl\u00e1n. Uvid\u00edme, co bude d\u00e1l. P\u011bkn\u00fd ve\u010der.<\/p>\n<p>Zpracovatel: Anopress IT a.s.<\/p>\n","protected":false},"excerpt":{"rendered":"<p>\u010cT 24 &#8211; Hyde park \u010cas vys\u00edl\u00e1n\u00ed:\u00a019:30:00<\/p>\n","protected":false},"author":1,"featured_media":0,"comment_status":"open","ping_status":"open","sticky":false,"template":"","format":"standard","meta":{"ngg_post_thumbnail":0,"footnotes":""},"categories":[13],"tags":[],"class_list":["post-944","post","type-post","status-publish","format-standard","hentry","category-rozhovory"],"_links":{"self":[{"href":"https:\/\/www.ladislavjakl.cz\/index.php?rest_route=\/wp\/v2\/posts\/944","targetHints":{"allow":["GET"]}}],"collection":[{"href":"https:\/\/www.ladislavjakl.cz\/index.php?rest_route=\/wp\/v2\/posts"}],"about":[{"href":"https:\/\/www.ladislavjakl.cz\/index.php?rest_route=\/wp\/v2\/types\/post"}],"author":[{"embeddable":true,"href":"https:\/\/www.ladislavjakl.cz\/index.php?rest_route=\/wp\/v2\/users\/1"}],"replies":[{"embeddable":true,"href":"https:\/\/www.ladislavjakl.cz\/index.php?rest_route=%2Fwp%2Fv2%2Fcomments&post=944"}],"version-history":[{"count":1,"href":"https:\/\/www.ladislavjakl.cz\/index.php?rest_route=\/wp\/v2\/posts\/944\/revisions"}],"predecessor-version":[{"id":945,"href":"https:\/\/www.ladislavjakl.cz\/index.php?rest_route=\/wp\/v2\/posts\/944\/revisions\/945"}],"wp:attachment":[{"href":"https:\/\/www.ladislavjakl.cz\/index.php?rest_route=%2Fwp%2Fv2%2Fmedia&parent=944"}],"wp:term":[{"taxonomy":"category","embeddable":true,"href":"https:\/\/www.ladislavjakl.cz\/index.php?rest_route=%2Fwp%2Fv2%2Fcategories&post=944"},{"taxonomy":"post_tag","embeddable":true,"href":"https:\/\/www.ladislavjakl.cz\/index.php?rest_route=%2Fwp%2Fv2%2Ftags&post=944"}],"curies":[{"name":"wp","href":"https:\/\/api.w.org\/{rel}","templated":true}]}}