{"id":9445,"date":"2018-10-17T12:20:32","date_gmt":"2018-10-17T10:20:32","guid":{"rendered":"http:\/\/www.ladislavjakl.cz\/?p=9445"},"modified":"2018-10-17T12:20:32","modified_gmt":"2018-10-17T10:20:32","slug":"media-kam-miri-extremni-centrismus","status":"publish","type":"post","link":"https:\/\/www.ladislavjakl.cz\/?p=9445","title":{"rendered":"M\u00c9DIA: Kam m\u00ed\u0159\u00ed extr\u00e9mn\u00ed centrismus"},"content":{"rendered":"<p>P\u0159i hodnocen\u00ed kandid\u00e1t\u016f do Sen\u00e1tu se u\u017e p\u0159ed volbami roz\u0161\u00ed\u0159il zaj\u00edmav\u00fd jev. Ozna\u010dovat vybran\u00e9 medi\u00e1ln\u00ed neobl\u00edbence jako extremisty \u010di exoty.<\/p>\n<p><!--more--><\/p>\n<p>A to nemluv\u00edm zdaleka jen o sob\u011b. Obraty jako \u201ebizarn\u00ed kandid\u00e1t\u201c, podivn\u00e1 postava\u201c \u010di \u201eobskurn\u00ed osoba\u201c se to p\u0159ed volbami v m\u00e9di\u00edch jen hem\u017eilo. A hem\u017e\u00ed i po nich. A v\u017edy se to t\u00fdk\u00e1 pouze lid\u00ed zast\u00e1vaj\u00edc\u00edch postoje mimo hlavn\u00ed ofici\u00e1ln\u00ed n\u00e1zorov\u00fd&nbsp;<a class=\"vvword\" href=\"http:\/\/go.idnes.bbelements.com\/please\/redirect\/104\/1\/10\/7\/?param=160354\/152918_0_\" target=\"_blank\" rel=\"noopener\">proud<\/a>.<\/p>\n<p>V \u010dervenci m\u011b jeden bostonsk\u00fd znalec ko\u0148sk\u00fdch zadk\u016f (BZKZ) v \u017eiv\u00e9 televizn\u00ed diskusi ona\u010dil za nekompetentn\u00edho debatovat o americk\u00e9m prezidentovi. No nev\u00edm, s kolika americk\u00fdmi prezidenty si tenhle u\u010ditel (v Americe se ka\u017ed\u00e9mu, kdo u\u010d\u00ed na&nbsp;<a class=\"vvword\" href=\"http:\/\/go.idnes.bbelements.com\/please\/redirect\/104\/1\/10\/7\/?param=153278\/146737_0_\" target=\"_blank\" rel=\"noopener\">vysok\u00e9 \u0161kole<\/a>, \u0159\u00edk\u00e1 profesor, BZKZ \u017e\u00e1dn\u00fdm \u0159\u00e1dn\u011b jmenovan\u00fdm profesorem nen\u00ed) pot\u0159\u00e1sl rukou (j\u00e1 se dv\u011bma) nebo kolika se \u00fa\u010dastnil vrcholn\u00fdch jedn\u00e1n\u00ed s premi\u00e9ry a prezidenty r\u016fzn\u00fdch st\u00e1t\u016f sv\u011bta (j\u00e1 n\u011bkolika des\u00edtek). Ostatn\u011b v on\u00e9 besed\u011b se BZKZ jedin\u00fdm slovem nezm\u00ednil o agend\u011b summitu, kter\u00e1 m\u011bla b\u00fdt t\u00e9matem na\u0161\u00ed diskuse, a koncentroval se pouze na \u0161\u00ed\u0159en\u00ed konspira\u010dn\u00edch teorii o prezidentu Trumpovi. Pro\u010d pak BZKZ ujely nervy, je z\u0159ejm\u00e9. \u017dije v bublin\u011b, v n\u00ed\u017e nikdo nen\u00ed zvykl\u00fd na polemiku, a proto ho tak \u0161okovalo, kdy\u017e narazil asi poprv\u00e9 v \u017eivot\u011b na oponenta, kter\u00fd na dne\u0161n\u00edho americk\u00e9ho prezidenta spolu s ostatn\u00edmi poslu\u0161n\u011b neplive.<\/p>\n<p>Tak ale vypad\u00e1 politick\u00e1 debata dne\u0161ka. S t\u011bmi, kdo nepat\u0159\u00ed do hlavn\u00edho st\u0159edn\u00edho proudu, se pat\u0159\u00ed nepolemizovat, nevyrovnat se s jejich argumenty, ale rovnou je vylou\u010dit ze&nbsp;<a class=\"vvword\" href=\"http:\/\/go.idnes.bbelements.com\/please\/redirect\/104\/1\/10\/7\/?param=171183\/163000_0_\" target=\"_blank\" rel=\"noopener\">spole\u010dnosti<\/a>&nbsp;norm\u00e1ln\u00edch lid\u00ed. Byl jsem poslancem, \u0161\u00e9fem \u00fast\u0159edn\u00edho org\u00e1nu st\u00e1tn\u00ed spr\u00e1vy (Rady \u010cR pro rozhlasov\u00e9 a televizn\u00ed vys\u00edl\u00e1n\u00ed), vedouc\u00edm odd\u011blen\u00ed politick\u00e9ho zpravodajstv\u00ed Lidov\u00fdch novin, \u0159editelem Odborn\u00e9ho \u00fatvaru p\u0159edsedy Poslaneck\u00e9 sn\u011bmovny \u010di \u0159editelem Politick\u00e9ho odboru&nbsp;<a class=\"vvword\" href=\"http:\/\/go.idnes.bbelements.com\/please\/redirect\/104\/1\/10\/7\/?param=159530\/151167_0_\" target=\"_blank\" rel=\"noopener\">Kancel\u00e1\u0159e<\/a>&nbsp;prezidenta republiky. Netvrd\u00edm, \u017ee to je b\u016fhv\u00edjak\u00e1 kvalifikace k \u010demukoli, dokonce pro mnoho lid\u00ed tato anga\u017em\u00e1 mohou b\u00fdt diskvalifikuj\u00edc\u00ed, proto\u017ee sv\u011bd\u010d\u00ed o m\u00e9 pravicov\u00e9 politick\u00e9 orientaci a s tou jist\u011b nen\u00ed povinn\u00e9 souhlasit. Ale ozna\u010dovat takov\u00e9ho \u010dlov\u011bka za exota, jak to \u010din\u00ed t\u0159eba pan Pehe? A u\u010ditel, herec, l\u00e9ka\u0159, horolezec \u010di ly\u017ea\u0159 jdouc\u00ed do politiky, to se mu exotick\u00e9 nezd\u00e1? Nezd\u00e1. Od nikoho z nich toti\u017e neo\u010dek\u00e1v\u00e1, \u017ee by vy\u010dn\u00edval z \u0159ady.<\/p>\n<p>Pehe mn\u011b ozna\u010dil i za extremistu. S t\u00edm probl\u00e9m nem\u00e1m. Jestli je stoupencem levice ten, co si p\u0159eje vy\u0161\u0161\u00ed p\u0159erozd\u011blov\u00e1n\u00ed, v\u011bt\u0161\u00ed roli st\u00e1tu a vy\u0161\u0161\u00ed m\u00edru regulace, zat\u00edmco stoupenec pravice h\u00e1j\u00ed svobodu jednotlivce p\u0159ed etatismem, hrubou st\u00e1tn\u00ed moc\u00ed a soci\u00e1ln\u00edm in\u017een\u00fdrstv\u00edm, pak jsem jednozna\u010dn\u011b krajn\u011b pravicov\u00fdm extremistou. Ale tak to lid\u00e9 jako Pehe jist\u011b nemysl\u00ed. Vy\u010duhuj\u00edc\u00ed maj\u00ed dostat mezi \u010dten\u00e1\u0159i n\u00e1lepku divn\u00fdch \u017eivo\u010dich\u016f, kter\u00e9 nelze br\u00e1t v\u00e1\u017en\u011b a nen\u00ed t\u0159eba se jejich argumenty zab\u00fdvat. V\u0161e nalevo od lid\u00ed jako Pehe jsou komunisti, v\u0161e napravo jsou n\u00e1ckov\u00e9. J\u00e1 bych pro podobn\u00fd postoj navrhoval nov\u00fd term\u00edn:&nbsp;<b>extr\u00e9mn\u00ed centrismus<\/b>. Cokoli, co je vzd\u00e1len\u00e9 od jimi p\u0159ijateln\u00e9ho st\u0159edu, je t\u0159eba o\u0159ezat. Jen\u017ee pak se stane krajn\u011b extr\u00e9mn\u00edm i to, co bylo v\u010dera od st\u0159edu jen t\u011bsn\u011b. Kam a\u017e cht\u011bj\u00ed Pehe, BZKZ a ostatn\u00ed takhle zaj\u00edt? Koho se je\u0161t\u011b cht\u011bj\u00ed zbavit a vylou\u010dit z&nbsp;<a class=\"vvword\" href=\"http:\/\/go.idnes.bbelements.com\/please\/redirect\/104\/1\/10\/7\/?param=164727\/156575_0_\" target=\"_blank\" rel=\"noopener\">ve\u0159ejn\u00e9<\/a>&nbsp;spole\u010densk\u00e9 debaty? Kde cht\u011bj\u00ed skon\u010dit? Tu\u0161\u00edm to.<\/p>\n<p>Pehe a podobn\u00ed zcela jist\u011b nepat\u0159\u00ed ani na pravou p\u016flku, ani na levou p\u016flku. Pat\u0159\u00ed p\u0159esn\u011b doprost\u0159ed mezi ob\u011b p\u016flky.<\/p>\n<p><i>P\u0159evzato z&nbsp;<a href=\"https:\/\/www.ladislavjakl.cz\/\" target=\"_blank\" rel=\"noopener\">LadislavJakl.cz<\/a><\/i><\/p>\n<p><a class=\"name\" href=\"http:\/\/neviditelnypes.lidovky.cz\/novinari.aspx?idnov=1278\">Ladislav Jakl<\/a><\/p>\n","protected":false},"excerpt":{"rendered":"<p>P\u0159i hodnocen\u00ed kandid\u00e1t\u016f do Sen\u00e1tu se u\u017e p\u0159ed volbami roz\u0161\u00ed\u0159il zaj\u00edmav\u00fd jev. Ozna\u010dovat vybran\u00e9 medi\u00e1ln\u00ed neobl\u00edbence jako extremisty \u010di exoty.<\/p>\n","protected":false},"author":1,"featured_media":0,"comment_status":"open","ping_status":"open","sticky":false,"template":"","format":"standard","meta":{"ngg_post_thumbnail":0,"footnotes":""},"categories":[1],"tags":[],"class_list":["post-9445","post","type-post","status-publish","format-standard","hentry","category-publikovane-clanky"],"_links":{"self":[{"href":"https:\/\/www.ladislavjakl.cz\/index.php?rest_route=\/wp\/v2\/posts\/9445","targetHints":{"allow":["GET"]}}],"collection":[{"href":"https:\/\/www.ladislavjakl.cz\/index.php?rest_route=\/wp\/v2\/posts"}],"about":[{"href":"https:\/\/www.ladislavjakl.cz\/index.php?rest_route=\/wp\/v2\/types\/post"}],"author":[{"embeddable":true,"href":"https:\/\/www.ladislavjakl.cz\/index.php?rest_route=\/wp\/v2\/users\/1"}],"replies":[{"embeddable":true,"href":"https:\/\/www.ladislavjakl.cz\/index.php?rest_route=%2Fwp%2Fv2%2Fcomments&post=9445"}],"version-history":[{"count":1,"href":"https:\/\/www.ladislavjakl.cz\/index.php?rest_route=\/wp\/v2\/posts\/9445\/revisions"}],"predecessor-version":[{"id":9446,"href":"https:\/\/www.ladislavjakl.cz\/index.php?rest_route=\/wp\/v2\/posts\/9445\/revisions\/9446"}],"wp:attachment":[{"href":"https:\/\/www.ladislavjakl.cz\/index.php?rest_route=%2Fwp%2Fv2%2Fmedia&parent=9445"}],"wp:term":[{"taxonomy":"category","embeddable":true,"href":"https:\/\/www.ladislavjakl.cz\/index.php?rest_route=%2Fwp%2Fv2%2Fcategories&post=9445"},{"taxonomy":"post_tag","embeddable":true,"href":"https:\/\/www.ladislavjakl.cz\/index.php?rest_route=%2Fwp%2Fv2%2Ftags&post=9445"}],"curies":[{"name":"wp","href":"https:\/\/api.w.org\/{rel}","templated":true}]}}