{"id":9447,"date":"2018-10-17T12:23:43","date_gmt":"2018-10-17T10:23:43","guid":{"rendered":"http:\/\/www.ladislavjakl.cz\/?p=9447"},"modified":"2018-10-17T12:23:43","modified_gmt":"2018-10-17T10:23:43","slug":"stepanek-ods-jednooky-mezi-slepymi","status":"publish","type":"post","link":"https:\/\/www.ladislavjakl.cz\/?p=9447","title":{"rendered":"\u0160t\u011bp\u00e1nek: ODS \u2013 jednook\u00fd mezi slep\u00fdmi"},"content":{"rendered":"<p>Asi bych m\u011bl m\u00edt radost, \u017ee politick\u00e1 strana, kterou jsem v roce 1991 spoluzakl\u00e1dal, po dev\u00edti letech zase vyhr\u00e1la n\u011bjak\u00e9 volby, by\u0165 jen ty sen\u00e1tn\u00ed na t\u0159etin\u011b \u00fazem\u00ed. Je tu ov\u0161em p\u00e1r skute\u010dnost\u00ed, je\u017e vel\u00ed k jist\u00e9 zdr\u017eenlivosti.<\/p>\n<p><!--more--><\/p>\n<p>Tou nejm\u00e9n\u011b d\u016fle\u017eitou je fakt, \u017ee jej\u00edm \u010dlenem u\u017e dva roky nejsem. Mnohem d\u016fle\u017eit\u011bj\u0161\u00ed je, pro\u010d ODS v&nbsp;toku \u010dasu opustilo tolik dlouholet\u00fdch a \u010dasto v\u00fdznamn\u00fdch \u010dlen\u016f. Nem\u00e1m toti\u017e pocit, \u017ee jak j\u00e1, tak ti dal\u0161\u00ed, co ode\u0161li, jsme zm\u011bnili sv\u00e9 n\u00e1zory. Zm\u011bnila se sp\u00ed\u0161 sama ODS.<\/p>\n<p>V&nbsp;roce 1991 jsme ji toti\u017e zakl\u00e1dali na ur\u010dit\u00fdch principech, kter\u00e9 pak po \u201esarajevsk\u00e9m atent\u00e1tu\u201c byly v&nbsp;roce 1998 vycizelov\u00e1ny do \u010dty\u0159 \u201epod\u011bbradsk\u00fdch artikul\u016f\u201c. Vzpom\u00edn\u00e1te? Nedotknuteln\u00e9 soukrom\u00ed, levn\u00fd st\u00e1t, nezadlu\u017een\u00e1 budoucnost, solidarita zodpov\u011bdn\u00fdch.&nbsp;<\/p>\n<p>Tohle v\u0161echno ODS v\u00edce \u010di m\u00e9n\u011b opustila a sv\u016fj p\u016fvodn\u00ed \u00e9tos na\u0159edila nov\u011b p\u0159i\u0161ed\u0161\u00edmi \u010dleny, pro kter\u00e9 namnoze nen\u00ed nejv\u011bt\u0161\u00edm politick\u00fdm nep\u0159\u00edtelem nikdo jin\u00fd ne\u017e jej\u00ed zakladatel a prvn\u00ed p\u0159edseda V\u00e1clav Klaus. A dorazila to nemastn\u00e1 neslan\u00e1 reakce ODS na migra\u010dn\u00ed krizi a islamizaci Evropy a jej\u00ed oportunn\u00ed, nebo\u0165 ve stylu \u201em\u00edrn\u00e9ho pokroku v&nbsp;mez\u00edch unijn\u00edch z\u00e1kon\u016f\u201c, vztah k&nbsp;Evropsk\u00e9 unii. Otcov\u00e9 zakladatel\u00e9 ode\u0161li sami nebo byli odejiti a stranu nyn\u00ed \u201ezachra\u0148uj\u00ed\u201c ti sam\u00ed, co ji spolu s&nbsp;Ne\u010dasem p\u0159ivedli na okraj politick\u00e9ho z\u00e1hrob\u00ed.<\/p>\n<p>Z\u00e1rove\u0148 ODS spolu s&nbsp;ostatn\u00edmi silami politick\u00e9ho a medi\u00e1ln\u00edho mainstreamu nasko\u010dila na populistickou vlnu n\u00e1lepkov\u00e1n\u00ed v\u0161eho, co se nenach\u00e1z\u00ed uvnit\u0159 \u00fazk\u00e9ho st\u0159edov\u00e9ho n\u00e1zorov\u00e9ho koridoru, za extr\u00e9m. Ladislav Jakl to vtipn\u011b a z\u00e1rove\u0148 zcela v\u00fdsti\u017en\u011b naz\u00fdv\u00e1 \u201eextr\u00e9mn\u00edm centrismem\u201c.<\/p>\n<p>Zd\u00e1lo se, \u017ee sv\u00edt\u00e1 na lep\u0161\u00ed \u010dasy, kdy\u017e do ODS vstoupil V\u00e1clav Klaus mlad\u0161\u00ed a n\u00e1zorov\u011b ji trochu roz\u010de\u0159il, co\u017e voli\u010di ve sn\u011bmovn\u00edch volb\u00e1ch ocenili nejv\u011bt\u0161\u00edm po\u010dtem preferen\u010dn\u00edch hlas\u016f. A reakce ODS? Klaus junior je za \u010dernou ovci a pra\u017esk\u00e1 ODS jej p\u0159i prvn\u00ed p\u0159\u00edle\u017eitosti, kdy cht\u011bl b\u00fdt jej\u00edm m\u00edstop\u0159edsedou, za\u0159\u00edzla.<\/p>\n<p>Co je nejv\u011bt\u0161\u00ed bolest\u00ed \u010desk\u00e9 pravice, respektive stran, kter\u00e9 se za pravici vyd\u00e1vaj\u00ed? Lid\u00e9 obdobn\u00fdch n\u00e1zor\u016f, kte\u0159\u00ed logicky pat\u0159\u00ed k&nbsp;sob\u011b, jsou rozeseti v&nbsp;r\u016fzn\u00fdch uskupen\u00edch, \u010dasto zoufale margin\u00e1ln\u00edch, zat\u00edmco v&nbsp;t\u00e9 \u201evelk\u00e9\u201c stran\u011b spolu p\u016fsob\u00ed lid\u00e9, jejich\u017e n\u00e1zory se v&nbsp;mnoh\u00e9m pop\u00edraj\u00ed. To by za jist\u00fdch okolnost\u00ed nemuselo b\u00fdt \u00fapln\u011b ke \u0161kod\u011b, jen\u017ee to by ty r\u016fzn\u00e9 proudy musely m\u00edt tak\u00e9 rovnopr\u00e1vn\u00e9 postaven\u00ed. A realita? P\u0159esto\u017ee uvnit\u0159 ODS je st\u00e1le je\u0161t\u011b pom\u011brn\u011b velk\u00e1 skupina \u010dlen\u016f, kte\u0159\u00ed s&nbsp;mlad\u00fdm Klausem n\u00e1zorov\u011b souzn\u00ed, ten je ofici\u00e1ln\u011b marginalizov\u00e1n, respektive neofici\u00e1ln\u011b vykazov\u00e1n k&nbsp;Okamurovi do SPD.<\/p>\n<p>Jin\u00fd p\u0159\u00edklad. Nab\u00eddku kandidovat v&nbsp;hlavn\u00edm m\u011bst\u011b za ODS nedostane kup\u0159\u00edkladu politicky zku\u0161en\u00fd, n\u00e1zorov\u011b pevn\u011b ukotven\u00fd, dlouholet\u00fd souputn\u00edk zakladatele strany, n\u00fdbr\u017e herec, jen\u017e o politiku dosud ani nezavadil. V\u00fdsledek? Out jsou oba, zat\u00edmco levicov\u00fd aktivista, jen\u017e se r\u00e1d na ve\u0159ejnosti pomalovan\u00fd obna\u017euje, na koni, rozum\u011bj v Sen\u00e1tu.&nbsp;<\/p>\n<p>P\u0159es v\u0161echny v\u00fdhrady to je dob\u0159e, \u017ee se ODS zved\u00e1 z&nbsp;popela, zvl\u00e1\u0161t\u011b pak, pokud v&nbsp;jej\u00edm dresu v\u00edt\u011bz\u00ed osobnosti, jako jsou Jaroslav Kubera, Jaroslav Zeman \u010di Martin \u010cerv\u00ed\u010dek, kter\u00e9 sv\u00fdm n\u00e1zorov\u00fdm ustrojen\u00edm maj\u00ed bl\u00edzko k&nbsp;jej\u00edmu p\u016fvodn\u00edmu sm\u011b\u0159ov\u00e1n\u00ed. To, co m\u011b vede k&nbsp;jist\u00e9 zdr\u017eenlivosti, je ov\u0161em obava, mo\u017en\u00e1 p\u0159\u00edmo jistota, \u017ee sou\u010dasn\u00e1 v\u016fd\u010d\u00ed garnitura ODS si sen\u00e1tn\u00ed \u00fasp\u011bch vylo\u017e\u00ed jako v\u00fdsledek sv\u00e9 skv\u011bl\u00e9 pr\u00e1ce a spr\u00e1vn\u00e9ho sm\u011b\u0159ov\u00e1n\u00ed.<\/p>\n<p>Nic nen\u00ed vzd\u00e1len\u011bj\u0161\u00edho pravd\u011b. ODS je jen jednook\u00fdm mezi slep\u00fdmi. Jist\u011b, n\u011bkomu se ve sv\u00e9 sou\u010dasn\u00e9 oportunn\u00ed, lehce pravdol\u00e1skovn\u00ed podob\u011b l\u00edb\u00ed \u2013 a nejv\u00edc t\u011bm, kte\u0159\u00ed j\u00ed v&nbsp;minulosti nemohli p\u0159ij\u00edt na jm\u00e9no \u2013, ale nemal\u00e1 \u010d\u00e1st pravicov\u00fdch voli\u010d\u016f j\u00ed to tam h\u00e1z\u00ed sp\u00ed\u0161e z \u010dir\u00e9ho zoufalstv\u00ed. Respektive proto, \u017ee opravdov\u00e1 alternativa, je\u017e by reflektovala jejich kritick\u00e9 n\u00e1zory a jej\u00ed\u017e volba by z\u00e1rove\u0148 nebyla promarn\u011bn\u00fdm hlasem, neexistuje. Prost\u011b volba nikoli dobra, n\u00fdbr\u017e pouze men\u0161\u00edho zla.<\/p>\n<p>Kdysi to tak neb\u00fdvalo.<\/p>\n<p><a href=\"https:\/\/www.parlamentnilisty.cz\/politika\/politici-volicum\/Stepanek-ODS-jednooky-mezi-slepymi-555449\">Zdroj<\/a><\/p>\n","protected":false},"excerpt":{"rendered":"<p>Asi bych m\u011bl m\u00edt radost, \u017ee politick\u00e1 strana, kterou jsem v roce 1991 spoluzakl\u00e1dal, po dev\u00edti letech zase vyhr\u00e1la n\u011bjak\u00e9 volby, by\u0165 jen ty sen\u00e1tn\u00ed na t\u0159etin\u011b \u00fazem\u00ed. Je tu ov\u0161em p\u00e1r skute\u010dnost\u00ed, je\u017e vel\u00ed k jist\u00e9 zdr\u017eenlivosti.<\/p>\n","protected":false},"author":1,"featured_media":0,"comment_status":"open","ping_status":"open","sticky":false,"template":"","format":"standard","meta":{"ngg_post_thumbnail":0,"footnotes":""},"categories":[11],"tags":[],"class_list":["post-9447","post","type-post","status-publish","format-standard","hentry","category-ozvena"],"_links":{"self":[{"href":"https:\/\/www.ladislavjakl.cz\/index.php?rest_route=\/wp\/v2\/posts\/9447","targetHints":{"allow":["GET"]}}],"collection":[{"href":"https:\/\/www.ladislavjakl.cz\/index.php?rest_route=\/wp\/v2\/posts"}],"about":[{"href":"https:\/\/www.ladislavjakl.cz\/index.php?rest_route=\/wp\/v2\/types\/post"}],"author":[{"embeddable":true,"href":"https:\/\/www.ladislavjakl.cz\/index.php?rest_route=\/wp\/v2\/users\/1"}],"replies":[{"embeddable":true,"href":"https:\/\/www.ladislavjakl.cz\/index.php?rest_route=%2Fwp%2Fv2%2Fcomments&post=9447"}],"version-history":[{"count":1,"href":"https:\/\/www.ladislavjakl.cz\/index.php?rest_route=\/wp\/v2\/posts\/9447\/revisions"}],"predecessor-version":[{"id":9448,"href":"https:\/\/www.ladislavjakl.cz\/index.php?rest_route=\/wp\/v2\/posts\/9447\/revisions\/9448"}],"wp:attachment":[{"href":"https:\/\/www.ladislavjakl.cz\/index.php?rest_route=%2Fwp%2Fv2%2Fmedia&parent=9447"}],"wp:term":[{"taxonomy":"category","embeddable":true,"href":"https:\/\/www.ladislavjakl.cz\/index.php?rest_route=%2Fwp%2Fv2%2Fcategories&post=9447"},{"taxonomy":"post_tag","embeddable":true,"href":"https:\/\/www.ladislavjakl.cz\/index.php?rest_route=%2Fwp%2Fv2%2Ftags&post=9447"}],"curies":[{"name":"wp","href":"https:\/\/api.w.org\/{rel}","templated":true}]}}